{"id":174406,"date":"2013-03-07T14:01:19","date_gmt":"2013-03-07T14:01:19","guid":{"rendered":"https:\/\/admin.industriall-union.org\/aviso-de-huelga-en-caterpillar-belgica\/"},"modified":"2025-02-08T13:47:10","modified_gmt":"2025-02-08T13:47:10","slug":"aviso-de-huelga-en-caterpillar-belgica","status":"publish","type":"article","link":"https:\/\/admin.industriall-union.org\/es\/aviso-de-huelga-en-caterpillar-belgica\/","title":{"rendered":"Aviso de huelga en Caterpillar B\u00e9lgica"},"content":{"rendered":"<p>Los afiliados a la IndustriALL Global Union en B\u00e9lgica han reaccionado en\u00e9rgicamente a los planes de Caterpillar de recortar 1.400 puestos de trabajo (1.100 trabajadores de producci\u00f3n y 300 empleados administrativos) es sus instalaciones de Gosselies, cerca de Charleroi, en las que est\u00e1n empleados actualmente un total de 3.700 personas. Adem\u00e1s, la direcci\u00f3n ha indicado que no se renovar\u00e1n 190 contratos temporales.<\/p><p>Los sindicatos belgas est\u00e1n indignados por la decisi\u00f3n de Caterpillar. &ldquo;Es vergonzoso que una empresa que tiene beneficios sin precedentes y que se beneficia de ayuda federal y de subvenciones regionales pueda anunciar un plan social de tal magnitud. M\u00e1s all\u00e1 de las cifras, es el futuro de miles de familias lo que se encuentra secuestrado&rdquo;, declaran en un<a href=\"\/wp-content\/uploads\/documents\/caterpillar-belgium\/press_communique_from_belgian_unions.pdf\"> comunicado de prensa conjunto<\/a>.<\/p><p>Desde ese anuncio, los sindicatos han destacado la importancia de crear un gran frente com\u00fan, que no s\u00f3lo incluya a los trabajadores y a los sindicatos en la planta de Caterpillar sino tambi\u00e9n a sus subcontratistas, para elaborar una estrategia conjunta contra el plan de reestructuraci\u00f3n de la compa\u00f1\u00eda. &ldquo;Favorecemos el di\u00e1logo social para hallar soluciones que garanticen la sostenibilidad de la planta, pero cambiaremos de orientaci\u00f3n y tomaremos medidas en\u00e9rgicas si no somos escuchados&rdquo;, advirti\u00f3 un representante sindical. Para el jueves 7 de marzo est\u00e1 prevista una reuni\u00f3n con la direcci\u00f3n.<\/p><p>El secretario general de la IndustriALL, Jyrki Raina, envi\u00f3 una carta de solidaridad a los trabajadores de Gosselies. &ldquo;Si tenemos que responder a los desaf\u00edos econ\u00f3micos que afrontamos no debe ser a expensas del empleo y de las prestaciones sociales, ni tampoco enfrentando a unos trabajadores contra otros o amenaz\u00e1ndoles con la externalizaci\u00f3n. Hemos de defender la econom\u00eda real, hemos de defender y promover la industria&rdquo;, declar\u00f3.<\/p><p>El establecimiento de Charleroi es el principal centro de producci\u00f3n de Caterpillar en Europa. Produce excavadoras para el mercado europeo y es uno de los mayores empleadores de la regi\u00f3n. El plan industrial de Caterpillar carece de sustancia y no ofrece ninguna garant\u00eda para el futuro, dicen los sindicatos. La prioridad del frente com\u00fan sindical es examinar todas las v\u00edas posibles que puedan impedir esta &ldquo;agresi\u00f3n social&rdquo;. Los sindicatos han dado un aviso de huelga por un per\u00edodo ilimitado.<\/p>","protected":false},"featured_media":0,"template":"","issues":[406],"companies":[25],"regions":[208],"sectors":[475],"article_tags":[529],"class_list":["post-174406","article","type-article","status-publish","hentry","issues-confronting-global-capital","companies-caterpillar","regions-belgium","sectors-mechanical-engineering","article_tags-strike"],"acf":[],"yoast_head":"<!-- This site is optimized with the Yoast SEO Premium plugin v27.1 (Yoast SEO v27.1) - https:\/\/yoast.com\/product\/yoast-seo-premium-wordpress\/ -->\n<title>Aviso de huelga en Caterpillar B\u00e9lgica - industriall-union<\/title>\n<meta name=\"description\" content=\"Los afiliados a la IndustriALL Global Union en B\u00e9lgica han reaccionado en\u00e9rgicamente a los planes de Caterpillar de recortar 1.400 puestos de trabajo\" \/>\n<meta name=\"robots\" content=\"index, follow, max-snippet:-1, max-image-preview:large, max-video-preview:-1\" \/>\n<link rel=\"canonical\" href=\"https:\/\/admin.industriall-union.org\/es\/aviso-de-huelga-en-caterpillar-belgica\/\" \/>\n<meta property=\"og:locale\" content=\"es_ES\" \/>\n<meta property=\"og:type\" content=\"article\" \/>\n<meta property=\"og:title\" content=\"Aviso de huelga en Caterpillar B\u00e9lgica\" \/>\n<meta property=\"og:description\" content=\"Los afiliados a la IndustriALL Global Union en B\u00e9lgica han reaccionado en\u00e9rgicamente a los planes de Caterpillar de recortar 1.400 puestos de trabajo\" \/>\n<meta property=\"og:url\" content=\"https:\/\/admin.industriall-union.org\/es\/aviso-de-huelga-en-caterpillar-belgica\/\" \/>\n<meta property=\"og:site_name\" content=\"industriall-union\" \/>\n<meta property=\"article:modified_time\" content=\"2025-02-08T13:47:10+00:00\" \/>\n<meta name=\"twitter:card\" content=\"summary_large_image\" \/>\n<meta name=\"twitter:label1\" content=\"Est. reading time\" \/>\n\t<meta name=\"twitter:data1\" content=\"2 minutes\" \/>\n<script type=\"application\/ld+json\" class=\"yoast-schema-graph\">{\"@context\":\"https:\/\/schema.org\",\"@graph\":[{\"@type\":\"WebPage\",\"@id\":\"https:\/\/admin.industriall-union.org\/es\/aviso-de-huelga-en-caterpillar-belgica\/\",\"url\":\"https:\/\/admin.industriall-union.org\/es\/aviso-de-huelga-en-caterpillar-belgica\/\",\"name\":\"Aviso de huelga en Caterpillar B\u00e9lgica - industriall-union\",\"isPartOf\":{\"@id\":\"https:\/\/admin.industriall-union.org\/ru\/#website\"},\"datePublished\":\"2013-03-07T14:01:19+00:00\",\"dateModified\":\"2025-02-08T13:47:10+00:00\",\"description\":\"Los afiliados a la IndustriALL Global Union en B\u00e9lgica han reaccionado en\u00e9rgicamente a los planes de Caterpillar de recortar 1.400 puestos de trabajo\",\"breadcrumb\":{\"@id\":\"https:\/\/admin.industriall-union.org\/es\/aviso-de-huelga-en-caterpillar-belgica\/#breadcrumb\"},\"inLanguage\":\"es-ES\",\"potentialAction\":[{\"@type\":\"ReadAction\",\"target\":[\"https:\/\/admin.industriall-union.org\/es\/aviso-de-huelga-en-caterpillar-belgica\/\"]}]},{\"@type\":\"BreadcrumbList\",\"@id\":\"https:\/\/admin.industriall-union.org\/es\/aviso-de-huelga-en-caterpillar-belgica\/#breadcrumb\",\"itemListElement\":[{\"@type\":\"ListItem\",\"position\":1,\"name\":\"Home\",\"item\":\"https:\/\/admin.industriall-union.org\/ru\/\"},{\"@type\":\"ListItem\",\"position\":2,\"name\":\"Articles\",\"item\":\"https:\/\/admin.industriall-union.org\/ru\/article\/\"},{\"@type\":\"ListItem\",\"position\":3,\"name\":\"Aviso de huelga en Caterpillar B\u00e9lgica\"}]},{\"@type\":\"WebSite\",\"@id\":\"https:\/\/admin.industriall-union.org\/ru\/#website\",\"url\":\"https:\/\/admin.industriall-union.org\/ru\/\",\"name\":\"industriall-union\",\"description\":\"\",\"potentialAction\":[{\"@type\":\"SearchAction\",\"target\":{\"@type\":\"EntryPoint\",\"urlTemplate\":\"https:\/\/admin.industriall-union.org\/ru\/?s={search_term_string}\"},\"query-input\":{\"@type\":\"PropertyValueSpecification\",\"valueRequired\":true,\"valueName\":\"search_term_string\"}}],\"inLanguage\":\"es-ES\"}]}<\/script>\n<!-- \/ Yoast SEO Premium plugin. -->","yoast_head_json":{"title":"Aviso de huelga en Caterpillar B\u00e9lgica - industriall-union","description":"Los afiliados a la IndustriALL Global Union en B\u00e9lgica han reaccionado en\u00e9rgicamente a los planes de Caterpillar de recortar 1.400 puestos de trabajo","robots":{"index":"index","follow":"follow","max-snippet":"max-snippet:-1","max-image-preview":"max-image-preview:large","max-video-preview":"max-video-preview:-1"},"canonical":"https:\/\/admin.industriall-union.org\/es\/aviso-de-huelga-en-caterpillar-belgica\/","og_locale":"es_ES","og_type":"article","og_title":"Aviso de huelga en Caterpillar B\u00e9lgica","og_description":"Los afiliados a la IndustriALL Global Union en B\u00e9lgica han reaccionado en\u00e9rgicamente a los planes de Caterpillar de recortar 1.400 puestos de trabajo","og_url":"https:\/\/admin.industriall-union.org\/es\/aviso-de-huelga-en-caterpillar-belgica\/","og_site_name":"industriall-union","article_modified_time":"2025-02-08T13:47:10+00:00","twitter_card":"summary_large_image","twitter_misc":{"Est. reading time":"2 minutes"},"schema":{"@context":"https:\/\/schema.org","@graph":[{"@type":"WebPage","@id":"https:\/\/admin.industriall-union.org\/es\/aviso-de-huelga-en-caterpillar-belgica\/","url":"https:\/\/admin.industriall-union.org\/es\/aviso-de-huelga-en-caterpillar-belgica\/","name":"Aviso de huelga en Caterpillar B\u00e9lgica - industriall-union","isPartOf":{"@id":"https:\/\/admin.industriall-union.org\/ru\/#website"},"datePublished":"2013-03-07T14:01:19+00:00","dateModified":"2025-02-08T13:47:10+00:00","description":"Los afiliados a la IndustriALL Global Union en B\u00e9lgica han reaccionado en\u00e9rgicamente a los planes de Caterpillar de recortar 1.400 puestos de trabajo","breadcrumb":{"@id":"https:\/\/admin.industriall-union.org\/es\/aviso-de-huelga-en-caterpillar-belgica\/#breadcrumb"},"inLanguage":"es-ES","potentialAction":[{"@type":"ReadAction","target":["https:\/\/admin.industriall-union.org\/es\/aviso-de-huelga-en-caterpillar-belgica\/"]}]},{"@type":"BreadcrumbList","@id":"https:\/\/admin.industriall-union.org\/es\/aviso-de-huelga-en-caterpillar-belgica\/#breadcrumb","itemListElement":[{"@type":"ListItem","position":1,"name":"Home","item":"https:\/\/admin.industriall-union.org\/ru\/"},{"@type":"ListItem","position":2,"name":"Articles","item":"https:\/\/admin.industriall-union.org\/ru\/article\/"},{"@type":"ListItem","position":3,"name":"Aviso de huelga en Caterpillar B\u00e9lgica"}]},{"@type":"WebSite","@id":"https:\/\/admin.industriall-union.org\/ru\/#website","url":"https:\/\/admin.industriall-union.org\/ru\/","name":"industriall-union","description":"","potentialAction":[{"@type":"SearchAction","target":{"@type":"EntryPoint","urlTemplate":"https:\/\/admin.industriall-union.org\/ru\/?s={search_term_string}"},"query-input":{"@type":"PropertyValueSpecification","valueRequired":true,"valueName":"search_term_string"}}],"inLanguage":"es-ES"}]}},"_links":{"self":[{"href":"https:\/\/admin.industriall-union.org\/es\/wp-json\/wp\/v2\/article\/174406","targetHints":{"allow":["GET"]}}],"collection":[{"href":"https:\/\/admin.industriall-union.org\/es\/wp-json\/wp\/v2\/article"}],"about":[{"href":"https:\/\/admin.industriall-union.org\/es\/wp-json\/wp\/v2\/types\/article"}],"wp:attachment":[{"href":"https:\/\/admin.industriall-union.org\/es\/wp-json\/wp\/v2\/media?parent=174406"}],"wp:term":[{"taxonomy":"issues","embeddable":true,"href":"https:\/\/admin.industriall-union.org\/es\/wp-json\/wp\/v2\/issues?post=174406"},{"taxonomy":"companies","embeddable":true,"href":"https:\/\/admin.industriall-union.org\/es\/wp-json\/wp\/v2\/companies?post=174406"},{"taxonomy":"regions","embeddable":true,"href":"https:\/\/admin.industriall-union.org\/es\/wp-json\/wp\/v2\/regions?post=174406"},{"taxonomy":"sectors","embeddable":true,"href":"https:\/\/admin.industriall-union.org\/es\/wp-json\/wp\/v2\/sectors?post=174406"},{"taxonomy":"article_tags","embeddable":true,"href":"https:\/\/admin.industriall-union.org\/es\/wp-json\/wp\/v2\/article_tags?post=174406"}],"curies":[{"name":"wp","href":"https:\/\/api.w.org\/{rel}","templated":true}]}}