{"id":174392,"date":"2013-03-07T17:25:20","date_gmt":"2013-03-07T17:25:20","guid":{"rendered":"https:\/\/admin.industriall-union.org\/50-mil-personas-en-brasil-marchan-por-derechos-laborales\/"},"modified":"2025-02-08T13:42:25","modified_gmt":"2025-02-08T13:42:25","slug":"50-mil-personas-en-brasil-marchan-por-derechos-laborales","status":"publish","type":"article","link":"https:\/\/admin.industriall-union.org\/es\/50-mil-personas-en-brasil-marchan-por-derechos-laborales\/","title":{"rendered":"50 mil personas en Brasil  marchan por derechos laborales"},"content":{"rendered":"<p>M\u00e1s de 50 mil manifestantes tomaron la Explanada de los Ministerios, en Brasilia, Capital de Brasil, este mi\u00e9rcoles 6 de marzo para defender la pauta de la clase trabajadora, que hace hincapi\u00e9 en la&nbsp; necesidad de ampliar la inversi\u00f3n p\u00fablica en infraestructura y en \u00e1reas sociales, fortalecer el mercado interno y redistribuir el ingreso, y denunciar la situaci\u00f3n neoliberal de precarizaci\u00f3n de derechos.<\/p><p>Con la participaci\u00f3n de escuelas de samba y de grupos de bahianas, la s\u00e9ptima marcha de las Centrales Sindicales y movimientos sociales por &ldquo;Ciudadan\u00eda, Desarrollo y Valorizaci\u00f3n del Trabajo&rdquo; rindi\u00f3 un homenaje al recientemente fallecido presidente venezolano Hugo Ch\u00e1vez&rdquo;. Los trabajadores tambi\u00e9n fueron a la vigilia en frente de la Embajada de Venezuela, en honor al presidente Ch\u00e1vez que denominado por los manifestantes como &ldquo;el mayor defensor de las causas laborales&rdquo;.<\/p><p>La marcha que tuvo una caminata de m\u00e1s de tres horas y que culmin\u00f3 a las afueras del Congreso Nacional, reuni\u00f3 a las organizaciones sindicales afiliadas a la Central \u00danica de los Trabajadores (CUT), Forca Sindical, Central de los Trabajadores y Trabajadoras de Brasil (CTB), Uni\u00f3n &nbsp;General de los Trabajadores (UGT), Nueva Central Sindical de Trabajadores (NCST), Central General de los Trabajadores de Brasil (CGTB).<\/p><p>Forca Sindical y CUT son las centrales sindicales que re\u00fanen a gran parte de los sindicatos brasile\u00f1os de IndustriALL Global Union, de los sectores metal\u00fargicos, textiles y calzados, qu\u00edmicos y farmac\u00e9uticos, petroleros, papeleros y pl\u00e1sticos. Ambas centrales valoraron la unidad del movimiento sindical en el pa\u00eds que hizo organizar esta marcha que reuni\u00f3 a m\u00e1s de 50 mil manifestantes, entre ellos trabajadores, estudiantes, hombres, mujeres en fin el pueblo brasilero<\/p><p>Las organizaciones sindicales demandan:<\/p><ul><li>40 horas semanales sin reducci\u00f3n de salario<\/li><li>Fin de los recuertes en el valor de las pensiones<\/li><li>Igualdad de oportunidades entre hombres y mujeres<\/li><li>Pol\u00edtica de valorizaci\u00f3n de los jubilados<\/li><li>10% del Producto Interno Bruto (PIB) para la educaci\u00f3n<\/li><li>10% &nbsp;de presupuesto de uni\u00f3n para la salud<\/li><li>Correcci\u00f3n de la tabla de Impuesto a la Renta<\/li><li>Ratificaci\u00f3n del Convenio OIT\/158<\/li><li>Reglamentaci\u00f3n de la Convenci\u00f3n de la OIT\/151<\/li><li>Ampliaci\u00f3n de la inversi\u00f3n p\u00fablica<\/li><\/ul>","protected":false},"featured_media":0,"template":"","issues":[396,412],"companies":[],"regions":[261],"sectors":[],"article_tags":[],"class_list":["post-174392","article","type-article","status-publish","hentry","issues-building-strong-unions","issues-social-justice-and-globalization","regions-brazil"],"acf":[],"yoast_head":"<!-- This site is optimized with the Yoast SEO Premium plugin v27.1 (Yoast SEO v27.1) - https:\/\/yoast.com\/product\/yoast-seo-premium-wordpress\/ -->\n<title>50 mil personas en Brasil marchan por derechos laborales - industriall-union<\/title>\n<meta name=\"description\" content=\"M\u00e1s de 50 mil manifestantes tomaron la Explanada de los Ministerios, en Brasilia, Capital de Brasil, este mi\u00e9rcoles 6 de marzo para defender la pauta de\" \/>\n<meta name=\"robots\" content=\"index, follow, max-snippet:-1, max-image-preview:large, max-video-preview:-1\" \/>\n<link rel=\"canonical\" href=\"https:\/\/admin.industriall-union.org\/es\/50-mil-personas-en-brasil-marchan-por-derechos-laborales\/\" \/>\n<meta property=\"og:locale\" content=\"es_ES\" \/>\n<meta property=\"og:type\" content=\"article\" \/>\n<meta property=\"og:title\" content=\"50 mil personas en Brasil marchan por derechos laborales\" \/>\n<meta property=\"og:description\" content=\"M\u00e1s de 50 mil manifestantes tomaron la Explanada de los Ministerios, en Brasilia, Capital de Brasil, este mi\u00e9rcoles 6 de marzo para defender la pauta de\" \/>\n<meta property=\"og:url\" content=\"https:\/\/admin.industriall-union.org\/es\/50-mil-personas-en-brasil-marchan-por-derechos-laborales\/\" \/>\n<meta property=\"og:site_name\" content=\"industriall-union\" \/>\n<meta property=\"article:modified_time\" content=\"2025-02-08T13:42:25+00:00\" \/>\n<meta name=\"twitter:card\" content=\"summary_large_image\" \/>\n<meta name=\"twitter:label1\" content=\"Est. reading time\" \/>\n\t<meta name=\"twitter:data1\" content=\"2 minutes\" \/>\n<script type=\"application\/ld+json\" class=\"yoast-schema-graph\">{\"@context\":\"https:\/\/schema.org\",\"@graph\":[{\"@type\":\"WebPage\",\"@id\":\"https:\/\/admin.industriall-union.org\/es\/50-mil-personas-en-brasil-marchan-por-derechos-laborales\/\",\"url\":\"https:\/\/admin.industriall-union.org\/es\/50-mil-personas-en-brasil-marchan-por-derechos-laborales\/\",\"name\":\"50 mil personas en Brasil marchan por derechos laborales - industriall-union\",\"isPartOf\":{\"@id\":\"https:\/\/admin.industriall-union.org\/#website\"},\"datePublished\":\"2013-03-07T17:25:20+00:00\",\"dateModified\":\"2025-02-08T13:42:25+00:00\",\"description\":\"M\u00e1s de 50 mil manifestantes tomaron la Explanada de los Ministerios, en Brasilia, Capital de Brasil, este mi\u00e9rcoles 6 de marzo para defender la pauta de\",\"breadcrumb\":{\"@id\":\"https:\/\/admin.industriall-union.org\/es\/50-mil-personas-en-brasil-marchan-por-derechos-laborales\/#breadcrumb\"},\"inLanguage\":\"es-ES\",\"potentialAction\":[{\"@type\":\"ReadAction\",\"target\":[\"https:\/\/admin.industriall-union.org\/es\/50-mil-personas-en-brasil-marchan-por-derechos-laborales\/\"]}]},{\"@type\":\"BreadcrumbList\",\"@id\":\"https:\/\/admin.industriall-union.org\/es\/50-mil-personas-en-brasil-marchan-por-derechos-laborales\/#breadcrumb\",\"itemListElement\":[{\"@type\":\"ListItem\",\"position\":1,\"name\":\"Home\",\"item\":\"https:\/\/admin.industriall-union.org\/\"},{\"@type\":\"ListItem\",\"position\":2,\"name\":\"Articles\",\"item\":\"https:\/\/admin.industriall-union.org\/article\/\"},{\"@type\":\"ListItem\",\"position\":3,\"name\":\"50 mil personas en Brasil marchan por derechos laborales\"}]},{\"@type\":\"WebSite\",\"@id\":\"https:\/\/admin.industriall-union.org\/#website\",\"url\":\"https:\/\/admin.industriall-union.org\/\",\"name\":\"industriall-union\",\"description\":\"\",\"potentialAction\":[{\"@type\":\"SearchAction\",\"target\":{\"@type\":\"EntryPoint\",\"urlTemplate\":\"https:\/\/admin.industriall-union.org\/?s={search_term_string}\"},\"query-input\":{\"@type\":\"PropertyValueSpecification\",\"valueRequired\":true,\"valueName\":\"search_term_string\"}}],\"inLanguage\":\"es-ES\"}]}<\/script>\n<!-- \/ Yoast SEO Premium plugin. -->","yoast_head_json":{"title":"50 mil personas en Brasil marchan por derechos laborales - industriall-union","description":"M\u00e1s de 50 mil manifestantes tomaron la Explanada de los Ministerios, en Brasilia, Capital de Brasil, este mi\u00e9rcoles 6 de marzo para defender la pauta de","robots":{"index":"index","follow":"follow","max-snippet":"max-snippet:-1","max-image-preview":"max-image-preview:large","max-video-preview":"max-video-preview:-1"},"canonical":"https:\/\/admin.industriall-union.org\/es\/50-mil-personas-en-brasil-marchan-por-derechos-laborales\/","og_locale":"es_ES","og_type":"article","og_title":"50 mil personas en Brasil marchan por derechos laborales","og_description":"M\u00e1s de 50 mil manifestantes tomaron la Explanada de los Ministerios, en Brasilia, Capital de Brasil, este mi\u00e9rcoles 6 de marzo para defender la pauta de","og_url":"https:\/\/admin.industriall-union.org\/es\/50-mil-personas-en-brasil-marchan-por-derechos-laborales\/","og_site_name":"industriall-union","article_modified_time":"2025-02-08T13:42:25+00:00","twitter_card":"summary_large_image","twitter_misc":{"Est. reading time":"2 minutes"},"schema":{"@context":"https:\/\/schema.org","@graph":[{"@type":"WebPage","@id":"https:\/\/admin.industriall-union.org\/es\/50-mil-personas-en-brasil-marchan-por-derechos-laborales\/","url":"https:\/\/admin.industriall-union.org\/es\/50-mil-personas-en-brasil-marchan-por-derechos-laborales\/","name":"50 mil personas en Brasil marchan por derechos laborales - industriall-union","isPartOf":{"@id":"https:\/\/admin.industriall-union.org\/#website"},"datePublished":"2013-03-07T17:25:20+00:00","dateModified":"2025-02-08T13:42:25+00:00","description":"M\u00e1s de 50 mil manifestantes tomaron la Explanada de los Ministerios, en Brasilia, Capital de Brasil, este mi\u00e9rcoles 6 de marzo para defender la pauta de","breadcrumb":{"@id":"https:\/\/admin.industriall-union.org\/es\/50-mil-personas-en-brasil-marchan-por-derechos-laborales\/#breadcrumb"},"inLanguage":"es-ES","potentialAction":[{"@type":"ReadAction","target":["https:\/\/admin.industriall-union.org\/es\/50-mil-personas-en-brasil-marchan-por-derechos-laborales\/"]}]},{"@type":"BreadcrumbList","@id":"https:\/\/admin.industriall-union.org\/es\/50-mil-personas-en-brasil-marchan-por-derechos-laborales\/#breadcrumb","itemListElement":[{"@type":"ListItem","position":1,"name":"Home","item":"https:\/\/admin.industriall-union.org\/"},{"@type":"ListItem","position":2,"name":"Articles","item":"https:\/\/admin.industriall-union.org\/article\/"},{"@type":"ListItem","position":3,"name":"50 mil personas en Brasil marchan por derechos laborales"}]},{"@type":"WebSite","@id":"https:\/\/admin.industriall-union.org\/#website","url":"https:\/\/admin.industriall-union.org\/","name":"industriall-union","description":"","potentialAction":[{"@type":"SearchAction","target":{"@type":"EntryPoint","urlTemplate":"https:\/\/admin.industriall-union.org\/?s={search_term_string}"},"query-input":{"@type":"PropertyValueSpecification","valueRequired":true,"valueName":"search_term_string"}}],"inLanguage":"es-ES"}]}},"_links":{"self":[{"href":"https:\/\/admin.industriall-union.org\/es\/wp-json\/wp\/v2\/article\/174392","targetHints":{"allow":["GET"]}}],"collection":[{"href":"https:\/\/admin.industriall-union.org\/es\/wp-json\/wp\/v2\/article"}],"about":[{"href":"https:\/\/admin.industriall-union.org\/es\/wp-json\/wp\/v2\/types\/article"}],"wp:attachment":[{"href":"https:\/\/admin.industriall-union.org\/es\/wp-json\/wp\/v2\/media?parent=174392"}],"wp:term":[{"taxonomy":"issues","embeddable":true,"href":"https:\/\/admin.industriall-union.org\/es\/wp-json\/wp\/v2\/issues?post=174392"},{"taxonomy":"companies","embeddable":true,"href":"https:\/\/admin.industriall-union.org\/es\/wp-json\/wp\/v2\/companies?post=174392"},{"taxonomy":"regions","embeddable":true,"href":"https:\/\/admin.industriall-union.org\/es\/wp-json\/wp\/v2\/regions?post=174392"},{"taxonomy":"sectors","embeddable":true,"href":"https:\/\/admin.industriall-union.org\/es\/wp-json\/wp\/v2\/sectors?post=174392"},{"taxonomy":"article_tags","embeddable":true,"href":"https:\/\/admin.industriall-union.org\/es\/wp-json\/wp\/v2\/article_tags?post=174392"}],"curies":[{"name":"wp","href":"https:\/\/api.w.org\/{rel}","templated":true}]}}