{"id":174388,"date":"2013-03-07T13:41:09","date_gmt":"2013-03-07T13:41:09","guid":{"rendered":"https:\/\/admin.industriall-union.org\/reunion-del-grupo-de-trabajo-sobre-igualdad-de-oportunidades-de-la-industriall-europa\/"},"modified":"2025-02-08T13:41:51","modified_gmt":"2025-02-08T13:41:51","slug":"reunion-del-grupo-de-trabajo-sobre-igualdad-de-oportunidades-de-la-industriall-europa","status":"publish","type":"article","link":"https:\/\/admin.industriall-union.org\/es\/reunion-del-grupo-de-trabajo-sobre-igualdad-de-oportunidades-de-la-industriall-europa\/","title":{"rendered":"Reuni\u00f3n del Grupo de Trabajo sobre Igualdad de Oportunidades de la IndustriALL Europa"},"content":{"rendered":"<p>Asistieron mujeres de Austria, Francia, Alemania, Suecia, Eslovenia, B\u00e9lgica, Suiza, Finlandia, Noruega, Espa\u00f1a, Ruman\u00eda y Pa\u00edses Bajos. Era la primera vez que se reun\u00eda un grupo tan representativo. La finalidad de la reuni\u00f3n fue determinar una nueva presidencia y definir un programa de trabajo.<\/p><p>Todas las mujeres expusieron sus inquietudes en l\u00edneas generales. Casi siempre hubo acuerdo sobre los temas: crisis, mujeres que ocupan empleos precarios, trabajo a tiempo parcial, insuficiencia de mujeres en altos cargos, diferencia salarial entre hombres y mujeres, perspectivas profesionales de las mujeres, combinaci\u00f3n de la vida laboral y familiar, problemas de salud en relaci\u00f3n con el g\u00e9nero, acuerdos de igualdad, igualdad de oportunidades de las mujeres en el desarrollo de calificaciones, pobreza.<\/p><p>La crisis en Europa contin\u00faa y no se vislumbra el final. Los primeros que pierden sus puestos de trabajo son las mujeres y los j\u00f3venes, y mayormente los empleos perdidos son no calificados. Aunque la crisis es m\u00e1s tangible y aguda en el sur de Europa, tambi\u00e9n las econom\u00edas del norte resultan afectadas: al recibirse menos pedidos del sur, las f\u00e1bricas cierran y se despide a trabajadores. Como consecuencia de la crisis se han hecho muchos recortes en presupuestos asignados a fines de igualdad. Esto se ha sentido muy fuertemente en Espa\u00f1a, donde se hab\u00edan logrado grandes progresos en la igualdad entre mujeres y hombres antes de la crisis, pero ahora la situaci\u00f3n est\u00e1 volviendo a los niveles anteriores.<\/p><p>Una buena pr\u00e1ctica en el liderazgo es la del sindicato finland\u00e9s Pro, sindicato de trabajadores no manuales que organiza en la industria. El 55 de los miembros sindicales son mujeres, y el 45 por ciento, hombres. En la junta hay paridad de g\u00e9nero.<\/p><p>La disparidad salarial entre hombres y mujeres abarca todos los sectores. Suele comenzar al principio de la carrera, y los hombres avanzan m\u00e1s r\u00e1pidamente. Se consider\u00f3 que animar a los hombres a permanecer en el hogar para asumir parte de las responsabilidades familiares tendr\u00eda un efecto positivo sobre la igualdad. A pesar de todos los esfuerzos realizados a lo largo de tantos a\u00f1os, la mayor\u00eda de los enlaces sindicales siguen siendo hombres, lo mismo que la mayor\u00eda de los supervisores. Y las barreras persisten.<\/p><p>El grupo decidi\u00f3 establecer un programa de trabajo de tres niveles: igualdad salarial, combinaci\u00f3n de vida laboral y familiar y participaci\u00f3n. Estas tres cuestiones cubren todo tipo de temas, como pobreza, trabajo precario, formaci\u00f3n, pensiones, tiempo de trabajo, cuestiones estatutarias, paridad de g\u00e9nero, cupos y liderazgo de las mujeres.<\/p><p>Se decidi\u00f3 que en el grupo hubiera copresidencia, comparti\u00e9ndola Fabienne K\u00fchn (UNIA, Suiza) y Montserrat L\u00f3pez (FITAG-UGT, Espa\u00f1a).<\/p>","protected":false},"featured_media":0,"template":"","issues":[397],"companies":[],"regions":[202],"sectors":[],"article_tags":[512],"class_list":["post-174388","article","type-article","status-publish","hentry","issues-women","regions-europe","article_tags-international-womens-day"],"acf":[],"yoast_head":"<!-- This site is optimized with the Yoast SEO Premium plugin v27.1 (Yoast SEO v27.1) - https:\/\/yoast.com\/product\/yoast-seo-premium-wordpress\/ -->\n<title>Reuni\u00f3n del Grupo de Trabajo sobre Igualdad de Oportunidades de la IndustriALL Europa - industriall-union<\/title>\n<meta name=\"description\" content=\"Asistieron mujeres de Austria, Francia, Alemania, Suecia, Eslovenia, B\u00e9lgica, Suiza, Finlandia, Noruega, Espa\u00f1a, Ruman\u00eda y Pa\u00edses Bajos. Era la primera\" \/>\n<meta name=\"robots\" content=\"index, follow, max-snippet:-1, max-image-preview:large, max-video-preview:-1\" \/>\n<link rel=\"canonical\" href=\"https:\/\/admin.industriall-union.org\/es\/reunion-del-grupo-de-trabajo-sobre-igualdad-de-oportunidades-de-la-industriall-europa\/\" \/>\n<meta property=\"og:locale\" content=\"es_ES\" \/>\n<meta property=\"og:type\" content=\"article\" \/>\n<meta property=\"og:title\" content=\"Reuni\u00f3n del Grupo de Trabajo sobre Igualdad de Oportunidades de la IndustriALL Europa\" \/>\n<meta property=\"og:description\" content=\"Asistieron mujeres de Austria, Francia, Alemania, Suecia, Eslovenia, B\u00e9lgica, Suiza, Finlandia, Noruega, Espa\u00f1a, Ruman\u00eda y Pa\u00edses Bajos. Era la primera\" \/>\n<meta property=\"og:url\" content=\"https:\/\/admin.industriall-union.org\/es\/reunion-del-grupo-de-trabajo-sobre-igualdad-de-oportunidades-de-la-industriall-europa\/\" \/>\n<meta property=\"og:site_name\" content=\"industriall-union\" \/>\n<meta property=\"article:modified_time\" content=\"2025-02-08T13:41:51+00:00\" \/>\n<meta name=\"twitter:card\" content=\"summary_large_image\" \/>\n<meta name=\"twitter:label1\" content=\"Est. reading time\" \/>\n\t<meta name=\"twitter:data1\" content=\"2 minutes\" \/>\n<script type=\"application\/ld+json\" class=\"yoast-schema-graph\">{\"@context\":\"https:\/\/schema.org\",\"@graph\":[{\"@type\":\"WebPage\",\"@id\":\"https:\/\/admin.industriall-union.org\/es\/reunion-del-grupo-de-trabajo-sobre-igualdad-de-oportunidades-de-la-industriall-europa\/\",\"url\":\"https:\/\/admin.industriall-union.org\/es\/reunion-del-grupo-de-trabajo-sobre-igualdad-de-oportunidades-de-la-industriall-europa\/\",\"name\":\"Reuni\u00f3n del Grupo de Trabajo sobre Igualdad de Oportunidades de la IndustriALL Europa - industriall-union\",\"isPartOf\":{\"@id\":\"https:\/\/admin.industriall-union.org\/#website\"},\"datePublished\":\"2013-03-07T13:41:09+00:00\",\"dateModified\":\"2025-02-08T13:41:51+00:00\",\"description\":\"Asistieron mujeres de Austria, Francia, Alemania, Suecia, Eslovenia, B\u00e9lgica, Suiza, Finlandia, Noruega, Espa\u00f1a, Ruman\u00eda y Pa\u00edses Bajos. Era la primera\",\"breadcrumb\":{\"@id\":\"https:\/\/admin.industriall-union.org\/es\/reunion-del-grupo-de-trabajo-sobre-igualdad-de-oportunidades-de-la-industriall-europa\/#breadcrumb\"},\"inLanguage\":\"es-ES\",\"potentialAction\":[{\"@type\":\"ReadAction\",\"target\":[\"https:\/\/admin.industriall-union.org\/es\/reunion-del-grupo-de-trabajo-sobre-igualdad-de-oportunidades-de-la-industriall-europa\/\"]}]},{\"@type\":\"BreadcrumbList\",\"@id\":\"https:\/\/admin.industriall-union.org\/es\/reunion-del-grupo-de-trabajo-sobre-igualdad-de-oportunidades-de-la-industriall-europa\/#breadcrumb\",\"itemListElement\":[{\"@type\":\"ListItem\",\"position\":1,\"name\":\"Home\",\"item\":\"https:\/\/admin.industriall-union.org\/\"},{\"@type\":\"ListItem\",\"position\":2,\"name\":\"Articles\",\"item\":\"https:\/\/admin.industriall-union.org\/article\/\"},{\"@type\":\"ListItem\",\"position\":3,\"name\":\"Reuni\u00f3n del Grupo de Trabajo sobre Igualdad de Oportunidades de la IndustriALL Europa\"}]},{\"@type\":\"WebSite\",\"@id\":\"https:\/\/admin.industriall-union.org\/#website\",\"url\":\"https:\/\/admin.industriall-union.org\/\",\"name\":\"industriall-union\",\"description\":\"\",\"potentialAction\":[{\"@type\":\"SearchAction\",\"target\":{\"@type\":\"EntryPoint\",\"urlTemplate\":\"https:\/\/admin.industriall-union.org\/?s={search_term_string}\"},\"query-input\":{\"@type\":\"PropertyValueSpecification\",\"valueRequired\":true,\"valueName\":\"search_term_string\"}}],\"inLanguage\":\"es-ES\"}]}<\/script>\n<!-- \/ Yoast SEO Premium plugin. -->","yoast_head_json":{"title":"Reuni\u00f3n del Grupo de Trabajo sobre Igualdad de Oportunidades de la IndustriALL Europa - industriall-union","description":"Asistieron mujeres de Austria, Francia, Alemania, Suecia, Eslovenia, B\u00e9lgica, Suiza, Finlandia, Noruega, Espa\u00f1a, Ruman\u00eda y Pa\u00edses Bajos. Era la primera","robots":{"index":"index","follow":"follow","max-snippet":"max-snippet:-1","max-image-preview":"max-image-preview:large","max-video-preview":"max-video-preview:-1"},"canonical":"https:\/\/admin.industriall-union.org\/es\/reunion-del-grupo-de-trabajo-sobre-igualdad-de-oportunidades-de-la-industriall-europa\/","og_locale":"es_ES","og_type":"article","og_title":"Reuni\u00f3n del Grupo de Trabajo sobre Igualdad de Oportunidades de la IndustriALL Europa","og_description":"Asistieron mujeres de Austria, Francia, Alemania, Suecia, Eslovenia, B\u00e9lgica, Suiza, Finlandia, Noruega, Espa\u00f1a, Ruman\u00eda y Pa\u00edses Bajos. Era la primera","og_url":"https:\/\/admin.industriall-union.org\/es\/reunion-del-grupo-de-trabajo-sobre-igualdad-de-oportunidades-de-la-industriall-europa\/","og_site_name":"industriall-union","article_modified_time":"2025-02-08T13:41:51+00:00","twitter_card":"summary_large_image","twitter_misc":{"Est. reading time":"2 minutes"},"schema":{"@context":"https:\/\/schema.org","@graph":[{"@type":"WebPage","@id":"https:\/\/admin.industriall-union.org\/es\/reunion-del-grupo-de-trabajo-sobre-igualdad-de-oportunidades-de-la-industriall-europa\/","url":"https:\/\/admin.industriall-union.org\/es\/reunion-del-grupo-de-trabajo-sobre-igualdad-de-oportunidades-de-la-industriall-europa\/","name":"Reuni\u00f3n del Grupo de Trabajo sobre Igualdad de Oportunidades de la IndustriALL Europa - industriall-union","isPartOf":{"@id":"https:\/\/admin.industriall-union.org\/#website"},"datePublished":"2013-03-07T13:41:09+00:00","dateModified":"2025-02-08T13:41:51+00:00","description":"Asistieron mujeres de Austria, Francia, Alemania, Suecia, Eslovenia, B\u00e9lgica, Suiza, Finlandia, Noruega, Espa\u00f1a, Ruman\u00eda y Pa\u00edses Bajos. Era la primera","breadcrumb":{"@id":"https:\/\/admin.industriall-union.org\/es\/reunion-del-grupo-de-trabajo-sobre-igualdad-de-oportunidades-de-la-industriall-europa\/#breadcrumb"},"inLanguage":"es-ES","potentialAction":[{"@type":"ReadAction","target":["https:\/\/admin.industriall-union.org\/es\/reunion-del-grupo-de-trabajo-sobre-igualdad-de-oportunidades-de-la-industriall-europa\/"]}]},{"@type":"BreadcrumbList","@id":"https:\/\/admin.industriall-union.org\/es\/reunion-del-grupo-de-trabajo-sobre-igualdad-de-oportunidades-de-la-industriall-europa\/#breadcrumb","itemListElement":[{"@type":"ListItem","position":1,"name":"Home","item":"https:\/\/admin.industriall-union.org\/"},{"@type":"ListItem","position":2,"name":"Articles","item":"https:\/\/admin.industriall-union.org\/article\/"},{"@type":"ListItem","position":3,"name":"Reuni\u00f3n del Grupo de Trabajo sobre Igualdad de Oportunidades de la IndustriALL Europa"}]},{"@type":"WebSite","@id":"https:\/\/admin.industriall-union.org\/#website","url":"https:\/\/admin.industriall-union.org\/","name":"industriall-union","description":"","potentialAction":[{"@type":"SearchAction","target":{"@type":"EntryPoint","urlTemplate":"https:\/\/admin.industriall-union.org\/?s={search_term_string}"},"query-input":{"@type":"PropertyValueSpecification","valueRequired":true,"valueName":"search_term_string"}}],"inLanguage":"es-ES"}]}},"_links":{"self":[{"href":"https:\/\/admin.industriall-union.org\/es\/wp-json\/wp\/v2\/article\/174388","targetHints":{"allow":["GET"]}}],"collection":[{"href":"https:\/\/admin.industriall-union.org\/es\/wp-json\/wp\/v2\/article"}],"about":[{"href":"https:\/\/admin.industriall-union.org\/es\/wp-json\/wp\/v2\/types\/article"}],"wp:attachment":[{"href":"https:\/\/admin.industriall-union.org\/es\/wp-json\/wp\/v2\/media?parent=174388"}],"wp:term":[{"taxonomy":"issues","embeddable":true,"href":"https:\/\/admin.industriall-union.org\/es\/wp-json\/wp\/v2\/issues?post=174388"},{"taxonomy":"companies","embeddable":true,"href":"https:\/\/admin.industriall-union.org\/es\/wp-json\/wp\/v2\/companies?post=174388"},{"taxonomy":"regions","embeddable":true,"href":"https:\/\/admin.industriall-union.org\/es\/wp-json\/wp\/v2\/regions?post=174388"},{"taxonomy":"sectors","embeddable":true,"href":"https:\/\/admin.industriall-union.org\/es\/wp-json\/wp\/v2\/sectors?post=174388"},{"taxonomy":"article_tags","embeddable":true,"href":"https:\/\/admin.industriall-union.org\/es\/wp-json\/wp\/v2\/article_tags?post=174388"}],"curies":[{"name":"wp","href":"https:\/\/api.w.org\/{rel}","templated":true}]}}