{"id":174373,"date":"2013-03-14T13:10:00","date_gmt":"2013-03-14T13:10:00","guid":{"rendered":"https:\/\/admin.industriall-union.org\/los-trabajadores-de-la-confeccion-de-sri-lanka-se-manifiestan-en-defensa-de-los-empleos\/"},"modified":"2025-02-08T13:38:41","modified_gmt":"2025-02-08T13:38:41","slug":"los-trabajadores-de-la-confeccion-de-sri-lanka-se-manifiestan-en-defensa-de-los-empleos","status":"publish","type":"article","link":"https:\/\/admin.industriall-union.org\/es\/los-trabajadores-de-la-confeccion-de-sri-lanka-se-manifiestan-en-defensa-de-los-empleos\/","title":{"rendered":"Los trabajadores de la confecci\u00f3n de Sri Lanka se manifiestan en defensa de los empleos"},"content":{"rendered":"<p>El Free Trade Zones and General Employees Union (FTZ-GSEU) pidi\u00f3 al Gobierno que preste especial atenci\u00f3n a los falsos inversores que utilizan a los trabajadores de Sri Lanka y luego huyen del pa\u00eds sin pagar los salarios, y dejan a miles de trabajadores sin empleo y en la miseria. El Gobierno no ha hecho lo suficiente para elaborar una estrategia que permita mantener la industria del vestido, a pesar de que representa el 60% de las exportaciones.<\/p><p>Los trabajadores de la confecci\u00f3n en Sri Lanka hacen a menudo grandes sacrificios para abandonar sus hogares y sus empleos en las plantaciones para trabajar en las f\u00e1bricas de ropa. La IndustriALL se une al FTZ-GSEU para pedir al Gobierno del presidente de Sri Lanka Mahinda Rajapaksa que adopte medidas para proteger a esos trabajadores vulnerables.<\/p><p>La IndustriALL particip\u00f3 en la manifestaci\u00f3n del 10 de marzo y transmiti\u00f3 su mensaje de solidaridad internacional con la lucha de los trabajadores para conservar sus empleos. En el discurso de la IndustriALL a la manifestaci\u00f3n se insisti\u00f3 en la vital importancia de la solidaridad internacional entre trabajadores.<\/p><blockquote><p>Es demasiado com\u00fan en todo el mundo la tendencia de que cuando los sindicatos luchan por mejorar las p\u00e9simas condiciones de los trabajadores de la confecci\u00f3n, las marcas y los proveedores amenazan con dejar el pa\u00eds. As\u00ed sucede en Camboya, donde los obreros trabajan hasta la extenuaci\u00f3n, sin comida suficiente debido a sus bajos salarios; en Lesotho, donde se niega a las mujeres el derecho al nacimiento, concedi\u00e9ndoles s\u00f3lo una semana de permiso de maternidad; en Bangladesh y Pakist\u00e1n, donde los trabajadores van cada ma\u00f1ana a una trampa mortal sin conocer lo que les suceder\u00e1 durante el turno. Para poner fin al abuso de los trabajadores de la confecci\u00f3n, y a la huida de marcas y de proveedores a pa\u00edses que les ofrecen las peores condiciones de trabajo, la IndustriALL trata arduamente de fortalecer la coalici\u00f3n internacional y la solidaridad de los trabajadores en el sector. La IndustriALL pide a los trabajadores de la confecci\u00f3n que hablen con una sola voz cuando exijan mejores condiciones.<\/p><\/blockquote>","protected":false},"featured_media":0,"template":"","issues":[406,422,412],"companies":[],"regions":[189],"sectors":[465],"article_tags":[],"class_list":["post-174373","article","type-article","status-publish","hentry","issues-confronting-global-capital","issues-human-trade-union-rights","issues-social-justice-and-globalization","regions-sri-lanka","sectors-garment"],"acf":[],"yoast_head":"<!-- This site is optimized with the Yoast SEO Premium plugin v27.1 (Yoast SEO v27.1) - https:\/\/yoast.com\/product\/yoast-seo-premium-wordpress\/ -->\n<title>Los trabajadores de la confecci\u00f3n de Sri Lanka se manifiestan en defensa de los empleos - industriall-union<\/title>\n<meta name=\"description\" content=\"El Free Trade Zones and General Employees Union (FTZ-GSEU) pidi\u00f3 al Gobierno que preste especial atenci\u00f3n a los falsos inversores que utilizan a los\" \/>\n<meta name=\"robots\" content=\"index, follow, max-snippet:-1, max-image-preview:large, max-video-preview:-1\" \/>\n<link rel=\"canonical\" href=\"https:\/\/admin.industriall-union.org\/es\/los-trabajadores-de-la-confeccion-de-sri-lanka-se-manifiestan-en-defensa-de-los-empleos\/\" \/>\n<meta property=\"og:locale\" content=\"es_ES\" \/>\n<meta property=\"og:type\" content=\"article\" \/>\n<meta property=\"og:title\" content=\"Los trabajadores de la confecci\u00f3n de Sri Lanka se manifiestan en defensa de los empleos\" \/>\n<meta property=\"og:description\" content=\"El Free Trade Zones and General Employees Union (FTZ-GSEU) pidi\u00f3 al Gobierno que preste especial atenci\u00f3n a los falsos inversores que utilizan a los\" \/>\n<meta property=\"og:url\" content=\"https:\/\/admin.industriall-union.org\/es\/los-trabajadores-de-la-confeccion-de-sri-lanka-se-manifiestan-en-defensa-de-los-empleos\/\" \/>\n<meta property=\"og:site_name\" content=\"industriall-union\" \/>\n<meta property=\"article:modified_time\" content=\"2025-02-08T13:38:41+00:00\" \/>\n<meta name=\"twitter:card\" content=\"summary_large_image\" \/>\n<meta name=\"twitter:label1\" content=\"Est. reading time\" \/>\n\t<meta name=\"twitter:data1\" content=\"2 minutes\" \/>\n<script type=\"application\/ld+json\" class=\"yoast-schema-graph\">{\"@context\":\"https:\/\/schema.org\",\"@graph\":[{\"@type\":\"WebPage\",\"@id\":\"https:\/\/admin.industriall-union.org\/es\/los-trabajadores-de-la-confeccion-de-sri-lanka-se-manifiestan-en-defensa-de-los-empleos\/\",\"url\":\"https:\/\/admin.industriall-union.org\/es\/los-trabajadores-de-la-confeccion-de-sri-lanka-se-manifiestan-en-defensa-de-los-empleos\/\",\"name\":\"Los trabajadores de la confecci\u00f3n de Sri Lanka se manifiestan en defensa de los empleos - industriall-union\",\"isPartOf\":{\"@id\":\"https:\/\/admin.industriall-union.org\/#website\"},\"datePublished\":\"2013-03-14T13:10:00+00:00\",\"dateModified\":\"2025-02-08T13:38:41+00:00\",\"description\":\"El Free Trade Zones and General Employees Union (FTZ-GSEU) pidi\u00f3 al Gobierno que preste especial atenci\u00f3n a los falsos inversores que utilizan a los\",\"breadcrumb\":{\"@id\":\"https:\/\/admin.industriall-union.org\/es\/los-trabajadores-de-la-confeccion-de-sri-lanka-se-manifiestan-en-defensa-de-los-empleos\/#breadcrumb\"},\"inLanguage\":\"es-ES\",\"potentialAction\":[{\"@type\":\"ReadAction\",\"target\":[\"https:\/\/admin.industriall-union.org\/es\/los-trabajadores-de-la-confeccion-de-sri-lanka-se-manifiestan-en-defensa-de-los-empleos\/\"]}]},{\"@type\":\"BreadcrumbList\",\"@id\":\"https:\/\/admin.industriall-union.org\/es\/los-trabajadores-de-la-confeccion-de-sri-lanka-se-manifiestan-en-defensa-de-los-empleos\/#breadcrumb\",\"itemListElement\":[{\"@type\":\"ListItem\",\"position\":1,\"name\":\"Home\",\"item\":\"https:\/\/admin.industriall-union.org\/\"},{\"@type\":\"ListItem\",\"position\":2,\"name\":\"Articles\",\"item\":\"https:\/\/admin.industriall-union.org\/article\/\"},{\"@type\":\"ListItem\",\"position\":3,\"name\":\"Los trabajadores de la confecci\u00f3n de Sri Lanka se manifiestan en defensa de los empleos\"}]},{\"@type\":\"WebSite\",\"@id\":\"https:\/\/admin.industriall-union.org\/#website\",\"url\":\"https:\/\/admin.industriall-union.org\/\",\"name\":\"industriall-union\",\"description\":\"\",\"potentialAction\":[{\"@type\":\"SearchAction\",\"target\":{\"@type\":\"EntryPoint\",\"urlTemplate\":\"https:\/\/admin.industriall-union.org\/?s={search_term_string}\"},\"query-input\":{\"@type\":\"PropertyValueSpecification\",\"valueRequired\":true,\"valueName\":\"search_term_string\"}}],\"inLanguage\":\"es-ES\"}]}<\/script>\n<!-- \/ Yoast SEO Premium plugin. -->","yoast_head_json":{"title":"Los trabajadores de la confecci\u00f3n de Sri Lanka se manifiestan en defensa de los empleos - industriall-union","description":"El Free Trade Zones and General Employees Union (FTZ-GSEU) pidi\u00f3 al Gobierno que preste especial atenci\u00f3n a los falsos inversores que utilizan a los","robots":{"index":"index","follow":"follow","max-snippet":"max-snippet:-1","max-image-preview":"max-image-preview:large","max-video-preview":"max-video-preview:-1"},"canonical":"https:\/\/admin.industriall-union.org\/es\/los-trabajadores-de-la-confeccion-de-sri-lanka-se-manifiestan-en-defensa-de-los-empleos\/","og_locale":"es_ES","og_type":"article","og_title":"Los trabajadores de la confecci\u00f3n de Sri Lanka se manifiestan en defensa de los empleos","og_description":"El Free Trade Zones and General Employees Union (FTZ-GSEU) pidi\u00f3 al Gobierno que preste especial atenci\u00f3n a los falsos inversores que utilizan a los","og_url":"https:\/\/admin.industriall-union.org\/es\/los-trabajadores-de-la-confeccion-de-sri-lanka-se-manifiestan-en-defensa-de-los-empleos\/","og_site_name":"industriall-union","article_modified_time":"2025-02-08T13:38:41+00:00","twitter_card":"summary_large_image","twitter_misc":{"Est. reading time":"2 minutes"},"schema":{"@context":"https:\/\/schema.org","@graph":[{"@type":"WebPage","@id":"https:\/\/admin.industriall-union.org\/es\/los-trabajadores-de-la-confeccion-de-sri-lanka-se-manifiestan-en-defensa-de-los-empleos\/","url":"https:\/\/admin.industriall-union.org\/es\/los-trabajadores-de-la-confeccion-de-sri-lanka-se-manifiestan-en-defensa-de-los-empleos\/","name":"Los trabajadores de la confecci\u00f3n de Sri Lanka se manifiestan en defensa de los empleos - industriall-union","isPartOf":{"@id":"https:\/\/admin.industriall-union.org\/#website"},"datePublished":"2013-03-14T13:10:00+00:00","dateModified":"2025-02-08T13:38:41+00:00","description":"El Free Trade Zones and General Employees Union (FTZ-GSEU) pidi\u00f3 al Gobierno que preste especial atenci\u00f3n a los falsos inversores que utilizan a los","breadcrumb":{"@id":"https:\/\/admin.industriall-union.org\/es\/los-trabajadores-de-la-confeccion-de-sri-lanka-se-manifiestan-en-defensa-de-los-empleos\/#breadcrumb"},"inLanguage":"es-ES","potentialAction":[{"@type":"ReadAction","target":["https:\/\/admin.industriall-union.org\/es\/los-trabajadores-de-la-confeccion-de-sri-lanka-se-manifiestan-en-defensa-de-los-empleos\/"]}]},{"@type":"BreadcrumbList","@id":"https:\/\/admin.industriall-union.org\/es\/los-trabajadores-de-la-confeccion-de-sri-lanka-se-manifiestan-en-defensa-de-los-empleos\/#breadcrumb","itemListElement":[{"@type":"ListItem","position":1,"name":"Home","item":"https:\/\/admin.industriall-union.org\/"},{"@type":"ListItem","position":2,"name":"Articles","item":"https:\/\/admin.industriall-union.org\/article\/"},{"@type":"ListItem","position":3,"name":"Los trabajadores de la confecci\u00f3n de Sri Lanka se manifiestan en defensa de los empleos"}]},{"@type":"WebSite","@id":"https:\/\/admin.industriall-union.org\/#website","url":"https:\/\/admin.industriall-union.org\/","name":"industriall-union","description":"","potentialAction":[{"@type":"SearchAction","target":{"@type":"EntryPoint","urlTemplate":"https:\/\/admin.industriall-union.org\/?s={search_term_string}"},"query-input":{"@type":"PropertyValueSpecification","valueRequired":true,"valueName":"search_term_string"}}],"inLanguage":"es-ES"}]}},"_links":{"self":[{"href":"https:\/\/admin.industriall-union.org\/es\/wp-json\/wp\/v2\/article\/174373","targetHints":{"allow":["GET"]}}],"collection":[{"href":"https:\/\/admin.industriall-union.org\/es\/wp-json\/wp\/v2\/article"}],"about":[{"href":"https:\/\/admin.industriall-union.org\/es\/wp-json\/wp\/v2\/types\/article"}],"wp:attachment":[{"href":"https:\/\/admin.industriall-union.org\/es\/wp-json\/wp\/v2\/media?parent=174373"}],"wp:term":[{"taxonomy":"issues","embeddable":true,"href":"https:\/\/admin.industriall-union.org\/es\/wp-json\/wp\/v2\/issues?post=174373"},{"taxonomy":"companies","embeddable":true,"href":"https:\/\/admin.industriall-union.org\/es\/wp-json\/wp\/v2\/companies?post=174373"},{"taxonomy":"regions","embeddable":true,"href":"https:\/\/admin.industriall-union.org\/es\/wp-json\/wp\/v2\/regions?post=174373"},{"taxonomy":"sectors","embeddable":true,"href":"https:\/\/admin.industriall-union.org\/es\/wp-json\/wp\/v2\/sectors?post=174373"},{"taxonomy":"article_tags","embeddable":true,"href":"https:\/\/admin.industriall-union.org\/es\/wp-json\/wp\/v2\/article_tags?post=174373"}],"curies":[{"name":"wp","href":"https:\/\/api.w.org\/{rel}","templated":true}]}}