{"id":174309,"date":"2013-03-26T14:40:18","date_gmt":"2013-03-26T14:40:18","guid":{"rendered":"https:\/\/admin.industriall-union.org\/arcelormittal-frente-a-la-accion-sindical-en-europa\/"},"modified":"2025-02-08T13:21:23","modified_gmt":"2025-02-08T13:21:23","slug":"arcelormittal-frente-a-la-accion-sindical-en-europa","status":"publish","type":"article","link":"https:\/\/admin.industriall-union.org\/es\/arcelormittal-frente-a-la-accion-sindical-en-europa\/","title":{"rendered":"ArcelorMittal frente a la acci\u00f3n sindical en Europa"},"content":{"rendered":"<p>El <a href=\"http:\/\/www.industriall-europe.eu\/news\/list2.asp?stid=95\">&nbsp;d\u00eda de acci\u00f3n<\/a> har\u00e1 hincapi\u00e9 en la necesidad de mantener una industria sider\u00fargica vibrante, con un futuro a largo plazo en Europa, en vez de persistir en un planteamiento de declive de la industria por falta de inversi\u00f3n.<\/p><p>La IndustriAll Global Union Europa aduce que el debilitamiento de la base industrial del l\u00edder sider\u00fargico de Europa se traduce en un retroceso importante del grupo en el mercado europeo en comparaci\u00f3n con sus competidores. Los sindicatos temen que si se sigue por este camino se corre el riesgo de no poder responder cuando se recupere la demanda de acero.<\/p><p>Europa se encuentre en una situaci\u00f3n econ\u00f3mica dif\u00edcil y muchos fabricantes est\u00e1n luchando por mantenerse a flote. A medio y largo plazo, es important\u00edsimo que las instalaciones de producci\u00f3n sean m\u00e1s innovadoras y se adapten a las presiones de la competencia mundial, pero esto s\u00f3lo puede suceder si sobreviven a este per\u00edodo de grandes dificultades.<\/p><p>Desde que la crisis financiera mundial golpe\u00f3 a la industria sider\u00fargica se ha producido una crisis de demanda, que continuar\u00e1. Se espera que el crecimiento de la demanda mundial de acero sea m\u00e1s lento en el pr\u00f3ximo decenio que en los diez a\u00f1os anteriores, pero las perspectivas a m\u00e1s largo plazo son m\u00e1s favorables, seg\u00fan manifestaron dirigentes de la industria y funcionarios gubernamentales en la reuni\u00f3n del Comit\u00e9 del Acero de la OCDE celebrada en Par\u00eds el 6 y el 7 de diciembre de 2012.<\/p><p>Si la direcci\u00f3n de ArcelorMittal puede adoptar tambi\u00e9n una visi\u00f3n a m\u00e1s largo plazo, supondr\u00eda un gran impulso para sus empleados. Pero los sindicatos creen que la compa\u00f1\u00eda no logra sacar el m\u00e1ximo provecho de sus ideas y de su propiedad intelectual debido a la inseguridad. Los activos de ArcelorMittal en Europa pueden tener talla mundial. Pero primero deben acoplarse a una investigaci\u00f3n e innovaci\u00f3n de talla tambi\u00e9n mundial y a una mano de obra muy calificada. Todos estos elementos deben conducir a una actividad manufacturera de categor\u00eda mundial.<\/p><p>En pocas palabras, en este per\u00edodo de poca demanda todas las partes interesadas han de desarrollar una pol\u00edtica industrial a largo plazo, que se centre en el reconocimiento de la importancia de la estabilidad del empleo. Si no se mantienen las instalaciones, Europa ser\u00e1 m\u00e1s pobre y se privar\u00e1 a las naciones de los beneficios, potencialmente enormes, que aporta el empleo estable.<\/p><p>Rob Johnston, director ejecutivo de la IndustriALL Global Union, cree que &ldquo;nadie duda de la presi\u00f3n econ\u00f3mica a que est\u00e1 sometida ArcelorMittal en Europa, pero la compa\u00f1\u00eda en su conjunto tiene una responsabilidad con sus trabajadores. Si la compa\u00f1\u00eda puede dar prueba de fe en el largo plazo, obtendr\u00e1 beneficios mucho mayores que con una decisi\u00f3n de corto plazo consistente en cerrar las instalaciones y perjudicar a las comunidades&rdquo;.<\/p>","protected":false},"featured_media":0,"template":"","issues":[406,412],"companies":[12],"regions":[202],"sectors":[481],"article_tags":[],"class_list":["post-174309","article","type-article","status-publish","hentry","issues-confronting-global-capital","issues-social-justice-and-globalization","companies-arcelormittal","regions-europe","sectors-base-metals"],"acf":[],"yoast_head":"<!-- This site is optimized with the Yoast SEO Premium plugin v27.1 (Yoast SEO v27.1) - https:\/\/yoast.com\/product\/yoast-seo-premium-wordpress\/ -->\n<title>ArcelorMittal frente a la acci\u00f3n sindical en Europa - industriall-union<\/title>\n<meta name=\"description\" content=\"El &nbsp;d\u00eda de acci\u00f3n har\u00e1 hincapi\u00e9 en la necesidad de mantener una industria sider\u00fargica vibrante, con un futuro a largo plazo en Europa, en vez de\" \/>\n<meta name=\"robots\" content=\"index, follow, max-snippet:-1, max-image-preview:large, max-video-preview:-1\" \/>\n<link rel=\"canonical\" href=\"https:\/\/admin.industriall-union.org\/es\/arcelormittal-frente-a-la-accion-sindical-en-europa\/\" \/>\n<meta property=\"og:locale\" content=\"es_ES\" \/>\n<meta property=\"og:type\" content=\"article\" \/>\n<meta property=\"og:title\" content=\"ArcelorMittal frente a la acci\u00f3n sindical en Europa\" \/>\n<meta property=\"og:description\" content=\"El &nbsp;d\u00eda de acci\u00f3n har\u00e1 hincapi\u00e9 en la necesidad de mantener una industria sider\u00fargica vibrante, con un futuro a largo plazo en Europa, en vez de\" \/>\n<meta property=\"og:url\" content=\"https:\/\/admin.industriall-union.org\/es\/arcelormittal-frente-a-la-accion-sindical-en-europa\/\" \/>\n<meta property=\"og:site_name\" content=\"industriall-union\" \/>\n<meta property=\"article:modified_time\" content=\"2025-02-08T13:21:23+00:00\" \/>\n<meta name=\"twitter:card\" content=\"summary_large_image\" \/>\n<meta name=\"twitter:label1\" content=\"Est. reading time\" \/>\n\t<meta name=\"twitter:data1\" content=\"3 minutes\" \/>\n<script type=\"application\/ld+json\" class=\"yoast-schema-graph\">{\"@context\":\"https:\/\/schema.org\",\"@graph\":[{\"@type\":\"WebPage\",\"@id\":\"https:\/\/admin.industriall-union.org\/es\/arcelormittal-frente-a-la-accion-sindical-en-europa\/\",\"url\":\"https:\/\/admin.industriall-union.org\/es\/arcelormittal-frente-a-la-accion-sindical-en-europa\/\",\"name\":\"ArcelorMittal frente a la acci\u00f3n sindical en Europa - industriall-union\",\"isPartOf\":{\"@id\":\"https:\/\/admin.industriall-union.org\/#website\"},\"datePublished\":\"2013-03-26T14:40:18+00:00\",\"dateModified\":\"2025-02-08T13:21:23+00:00\",\"description\":\"El &nbsp;d\u00eda de acci\u00f3n har\u00e1 hincapi\u00e9 en la necesidad de mantener una industria sider\u00fargica vibrante, con un futuro a largo plazo en Europa, en vez de\",\"breadcrumb\":{\"@id\":\"https:\/\/admin.industriall-union.org\/es\/arcelormittal-frente-a-la-accion-sindical-en-europa\/#breadcrumb\"},\"inLanguage\":\"es-ES\",\"potentialAction\":[{\"@type\":\"ReadAction\",\"target\":[\"https:\/\/admin.industriall-union.org\/es\/arcelormittal-frente-a-la-accion-sindical-en-europa\/\"]}]},{\"@type\":\"BreadcrumbList\",\"@id\":\"https:\/\/admin.industriall-union.org\/es\/arcelormittal-frente-a-la-accion-sindical-en-europa\/#breadcrumb\",\"itemListElement\":[{\"@type\":\"ListItem\",\"position\":1,\"name\":\"Home\",\"item\":\"https:\/\/admin.industriall-union.org\/\"},{\"@type\":\"ListItem\",\"position\":2,\"name\":\"Articles\",\"item\":\"https:\/\/admin.industriall-union.org\/article\/\"},{\"@type\":\"ListItem\",\"position\":3,\"name\":\"ArcelorMittal frente a la acci\u00f3n sindical en Europa\"}]},{\"@type\":\"WebSite\",\"@id\":\"https:\/\/admin.industriall-union.org\/#website\",\"url\":\"https:\/\/admin.industriall-union.org\/\",\"name\":\"industriall-union\",\"description\":\"\",\"potentialAction\":[{\"@type\":\"SearchAction\",\"target\":{\"@type\":\"EntryPoint\",\"urlTemplate\":\"https:\/\/admin.industriall-union.org\/?s={search_term_string}\"},\"query-input\":{\"@type\":\"PropertyValueSpecification\",\"valueRequired\":true,\"valueName\":\"search_term_string\"}}],\"inLanguage\":\"es-ES\"}]}<\/script>\n<!-- \/ Yoast SEO Premium plugin. -->","yoast_head_json":{"title":"ArcelorMittal frente a la acci\u00f3n sindical en Europa - industriall-union","description":"El &nbsp;d\u00eda de acci\u00f3n har\u00e1 hincapi\u00e9 en la necesidad de mantener una industria sider\u00fargica vibrante, con un futuro a largo plazo en Europa, en vez de","robots":{"index":"index","follow":"follow","max-snippet":"max-snippet:-1","max-image-preview":"max-image-preview:large","max-video-preview":"max-video-preview:-1"},"canonical":"https:\/\/admin.industriall-union.org\/es\/arcelormittal-frente-a-la-accion-sindical-en-europa\/","og_locale":"es_ES","og_type":"article","og_title":"ArcelorMittal frente a la acci\u00f3n sindical en Europa","og_description":"El &nbsp;d\u00eda de acci\u00f3n har\u00e1 hincapi\u00e9 en la necesidad de mantener una industria sider\u00fargica vibrante, con un futuro a largo plazo en Europa, en vez de","og_url":"https:\/\/admin.industriall-union.org\/es\/arcelormittal-frente-a-la-accion-sindical-en-europa\/","og_site_name":"industriall-union","article_modified_time":"2025-02-08T13:21:23+00:00","twitter_card":"summary_large_image","twitter_misc":{"Est. reading time":"3 minutes"},"schema":{"@context":"https:\/\/schema.org","@graph":[{"@type":"WebPage","@id":"https:\/\/admin.industriall-union.org\/es\/arcelormittal-frente-a-la-accion-sindical-en-europa\/","url":"https:\/\/admin.industriall-union.org\/es\/arcelormittal-frente-a-la-accion-sindical-en-europa\/","name":"ArcelorMittal frente a la acci\u00f3n sindical en Europa - industriall-union","isPartOf":{"@id":"https:\/\/admin.industriall-union.org\/#website"},"datePublished":"2013-03-26T14:40:18+00:00","dateModified":"2025-02-08T13:21:23+00:00","description":"El &nbsp;d\u00eda de acci\u00f3n har\u00e1 hincapi\u00e9 en la necesidad de mantener una industria sider\u00fargica vibrante, con un futuro a largo plazo en Europa, en vez de","breadcrumb":{"@id":"https:\/\/admin.industriall-union.org\/es\/arcelormittal-frente-a-la-accion-sindical-en-europa\/#breadcrumb"},"inLanguage":"es-ES","potentialAction":[{"@type":"ReadAction","target":["https:\/\/admin.industriall-union.org\/es\/arcelormittal-frente-a-la-accion-sindical-en-europa\/"]}]},{"@type":"BreadcrumbList","@id":"https:\/\/admin.industriall-union.org\/es\/arcelormittal-frente-a-la-accion-sindical-en-europa\/#breadcrumb","itemListElement":[{"@type":"ListItem","position":1,"name":"Home","item":"https:\/\/admin.industriall-union.org\/"},{"@type":"ListItem","position":2,"name":"Articles","item":"https:\/\/admin.industriall-union.org\/article\/"},{"@type":"ListItem","position":3,"name":"ArcelorMittal frente a la acci\u00f3n sindical en Europa"}]},{"@type":"WebSite","@id":"https:\/\/admin.industriall-union.org\/#website","url":"https:\/\/admin.industriall-union.org\/","name":"industriall-union","description":"","potentialAction":[{"@type":"SearchAction","target":{"@type":"EntryPoint","urlTemplate":"https:\/\/admin.industriall-union.org\/?s={search_term_string}"},"query-input":{"@type":"PropertyValueSpecification","valueRequired":true,"valueName":"search_term_string"}}],"inLanguage":"es-ES"}]}},"_links":{"self":[{"href":"https:\/\/admin.industriall-union.org\/es\/wp-json\/wp\/v2\/article\/174309","targetHints":{"allow":["GET"]}}],"collection":[{"href":"https:\/\/admin.industriall-union.org\/es\/wp-json\/wp\/v2\/article"}],"about":[{"href":"https:\/\/admin.industriall-union.org\/es\/wp-json\/wp\/v2\/types\/article"}],"wp:attachment":[{"href":"https:\/\/admin.industriall-union.org\/es\/wp-json\/wp\/v2\/media?parent=174309"}],"wp:term":[{"taxonomy":"issues","embeddable":true,"href":"https:\/\/admin.industriall-union.org\/es\/wp-json\/wp\/v2\/issues?post=174309"},{"taxonomy":"companies","embeddable":true,"href":"https:\/\/admin.industriall-union.org\/es\/wp-json\/wp\/v2\/companies?post=174309"},{"taxonomy":"regions","embeddable":true,"href":"https:\/\/admin.industriall-union.org\/es\/wp-json\/wp\/v2\/regions?post=174309"},{"taxonomy":"sectors","embeddable":true,"href":"https:\/\/admin.industriall-union.org\/es\/wp-json\/wp\/v2\/sectors?post=174309"},{"taxonomy":"article_tags","embeddable":true,"href":"https:\/\/admin.industriall-union.org\/es\/wp-json\/wp\/v2\/article_tags?post=174309"}],"curies":[{"name":"wp","href":"https:\/\/api.w.org\/{rel}","templated":true}]}}