{"id":174300,"date":"2013-03-28T10:22:12","date_gmt":"2013-03-28T10:22:12","guid":{"rendered":"https:\/\/admin.industriall-union.org\/alentar-a-las-mujeres-activistas-en-costa-de-marfil\/"},"modified":"2025-02-08T13:17:47","modified_gmt":"2025-02-08T13:17:47","slug":"alentar-a-las-mujeres-activistas-en-costa-de-marfil","status":"publish","type":"article","link":"https:\/\/admin.industriall-union.org\/es\/alentar-a-las-mujeres-activistas-en-costa-de-marfil\/","title":{"rendered":"Alentar a las mujeres activistas en Costa de Marfil"},"content":{"rendered":"<p>A la conferencia, que tuvo lugar el 15 de marzo de 2013, asistieron 167 mujeres de los sectores del petr\u00f3leo y el textil para alentar una mayor participaci\u00f3n de las mujeres en el sindicato. Dos mujeres activistas recibieron un premio en reconocimiento a la contribuci\u00f3n a su sindicato, lo que es de esperar inspire el activismo entre otras.<\/p><p>La coordinadora del proyecto, Charlotte Nguessan, inst\u00f3 a las mujeres a participar en programas para combatir el VIH y el SIDA en sus lugares de trabajo y en la familia, en particular contra el estigma y la discriminaci\u00f3n. Habl\u00f3 de c\u00f3mo las mujeres son a menudo rechazadas por sus familias cuando dan positivo, y del negativo impacto de no seguir un tratamiento para prevenir la transmisi\u00f3n de madre a hijo. Nguessan se\u00f1al\u00f3 que es preciso alentar a las parejas a someterse a pruebas conjuntamente cuando una mujer est\u00e1 embarazada.<\/p><p>Tambi\u00e9n hubo una reuni\u00f3n de informaci\u00f3n sobre la nueva Ley de matrimonio en Costa de Marfil, dirigida por dos representantes de la Asociaci\u00f3n de Mujeres Juristas. La ley tiene ventajas para los hombres y las mujeres. Permite a los hombres percibir la pensi\u00f3n de su esposa si fallece. Tambi\u00e9n ha reducido los niveles del impuesto sobre la renta de las mujeres casadas y con hijos, y los sueldos de los trabajadores han aumentado ya como resultado de la nueva ley.<\/p>","protected":false},"featured_media":0,"template":"","issues":[405,399,397],"companies":[],"regions":[332],"sectors":[483],"article_tags":[],"class_list":["post-174300","article","type-article","status-publish","hentry","issues-hiv-aids","issues-union-building","issues-women","regions-ivory-coast","sectors-energy-oil-gas-electricity-and-nuclear"],"acf":[],"yoast_head":"<!-- This site is optimized with the Yoast SEO Premium plugin v27.1 (Yoast SEO v27.1) - https:\/\/yoast.com\/product\/yoast-seo-premium-wordpress\/ -->\n<title>Alentar a las mujeres activistas en Costa de Marfil - industriall-union<\/title>\n<meta name=\"description\" content=\"A la conferencia, que tuvo lugar el 15 de marzo de 2013, asistieron 167 mujeres de los sectores del petr\u00f3leo y el textil para alentar una mayor\" \/>\n<meta name=\"robots\" content=\"index, follow, max-snippet:-1, max-image-preview:large, max-video-preview:-1\" \/>\n<link rel=\"canonical\" href=\"https:\/\/admin.industriall-union.org\/es\/alentar-a-las-mujeres-activistas-en-costa-de-marfil\/\" \/>\n<meta property=\"og:locale\" content=\"es_ES\" \/>\n<meta property=\"og:type\" content=\"article\" \/>\n<meta property=\"og:title\" content=\"Alentar a las mujeres activistas en Costa de Marfil\" \/>\n<meta property=\"og:description\" content=\"A la conferencia, que tuvo lugar el 15 de marzo de 2013, asistieron 167 mujeres de los sectores del petr\u00f3leo y el textil para alentar una mayor\" \/>\n<meta property=\"og:url\" content=\"https:\/\/admin.industriall-union.org\/es\/alentar-a-las-mujeres-activistas-en-costa-de-marfil\/\" \/>\n<meta property=\"og:site_name\" content=\"industriall-union\" \/>\n<meta property=\"article:modified_time\" content=\"2025-02-08T13:17:47+00:00\" \/>\n<meta name=\"twitter:card\" content=\"summary_large_image\" \/>\n<meta name=\"twitter:label1\" content=\"Est. reading time\" \/>\n\t<meta name=\"twitter:data1\" content=\"1 minute\" \/>\n<script type=\"application\/ld+json\" class=\"yoast-schema-graph\">{\"@context\":\"https:\/\/schema.org\",\"@graph\":[{\"@type\":\"WebPage\",\"@id\":\"https:\/\/admin.industriall-union.org\/es\/alentar-a-las-mujeres-activistas-en-costa-de-marfil\/\",\"url\":\"https:\/\/admin.industriall-union.org\/es\/alentar-a-las-mujeres-activistas-en-costa-de-marfil\/\",\"name\":\"Alentar a las mujeres activistas en Costa de Marfil - industriall-union\",\"isPartOf\":{\"@id\":\"https:\/\/admin.industriall-union.org\/#website\"},\"datePublished\":\"2013-03-28T10:22:12+00:00\",\"dateModified\":\"2025-02-08T13:17:47+00:00\",\"description\":\"A la conferencia, que tuvo lugar el 15 de marzo de 2013, asistieron 167 mujeres de los sectores del petr\u00f3leo y el textil para alentar una mayor\",\"breadcrumb\":{\"@id\":\"https:\/\/admin.industriall-union.org\/es\/alentar-a-las-mujeres-activistas-en-costa-de-marfil\/#breadcrumb\"},\"inLanguage\":\"es-ES\",\"potentialAction\":[{\"@type\":\"ReadAction\",\"target\":[\"https:\/\/admin.industriall-union.org\/es\/alentar-a-las-mujeres-activistas-en-costa-de-marfil\/\"]}]},{\"@type\":\"BreadcrumbList\",\"@id\":\"https:\/\/admin.industriall-union.org\/es\/alentar-a-las-mujeres-activistas-en-costa-de-marfil\/#breadcrumb\",\"itemListElement\":[{\"@type\":\"ListItem\",\"position\":1,\"name\":\"Home\",\"item\":\"https:\/\/admin.industriall-union.org\/\"},{\"@type\":\"ListItem\",\"position\":2,\"name\":\"Articles\",\"item\":\"https:\/\/admin.industriall-union.org\/article\/\"},{\"@type\":\"ListItem\",\"position\":3,\"name\":\"Alentar a las mujeres activistas en Costa de Marfil\"}]},{\"@type\":\"WebSite\",\"@id\":\"https:\/\/admin.industriall-union.org\/#website\",\"url\":\"https:\/\/admin.industriall-union.org\/\",\"name\":\"industriall-union\",\"description\":\"\",\"potentialAction\":[{\"@type\":\"SearchAction\",\"target\":{\"@type\":\"EntryPoint\",\"urlTemplate\":\"https:\/\/admin.industriall-union.org\/?s={search_term_string}\"},\"query-input\":{\"@type\":\"PropertyValueSpecification\",\"valueRequired\":true,\"valueName\":\"search_term_string\"}}],\"inLanguage\":\"es-ES\"}]}<\/script>\n<!-- \/ Yoast SEO Premium plugin. -->","yoast_head_json":{"title":"Alentar a las mujeres activistas en Costa de Marfil - industriall-union","description":"A la conferencia, que tuvo lugar el 15 de marzo de 2013, asistieron 167 mujeres de los sectores del petr\u00f3leo y el textil para alentar una mayor","robots":{"index":"index","follow":"follow","max-snippet":"max-snippet:-1","max-image-preview":"max-image-preview:large","max-video-preview":"max-video-preview:-1"},"canonical":"https:\/\/admin.industriall-union.org\/es\/alentar-a-las-mujeres-activistas-en-costa-de-marfil\/","og_locale":"es_ES","og_type":"article","og_title":"Alentar a las mujeres activistas en Costa de Marfil","og_description":"A la conferencia, que tuvo lugar el 15 de marzo de 2013, asistieron 167 mujeres de los sectores del petr\u00f3leo y el textil para alentar una mayor","og_url":"https:\/\/admin.industriall-union.org\/es\/alentar-a-las-mujeres-activistas-en-costa-de-marfil\/","og_site_name":"industriall-union","article_modified_time":"2025-02-08T13:17:47+00:00","twitter_card":"summary_large_image","twitter_misc":{"Est. reading time":"1 minute"},"schema":{"@context":"https:\/\/schema.org","@graph":[{"@type":"WebPage","@id":"https:\/\/admin.industriall-union.org\/es\/alentar-a-las-mujeres-activistas-en-costa-de-marfil\/","url":"https:\/\/admin.industriall-union.org\/es\/alentar-a-las-mujeres-activistas-en-costa-de-marfil\/","name":"Alentar a las mujeres activistas en Costa de Marfil - industriall-union","isPartOf":{"@id":"https:\/\/admin.industriall-union.org\/#website"},"datePublished":"2013-03-28T10:22:12+00:00","dateModified":"2025-02-08T13:17:47+00:00","description":"A la conferencia, que tuvo lugar el 15 de marzo de 2013, asistieron 167 mujeres de los sectores del petr\u00f3leo y el textil para alentar una mayor","breadcrumb":{"@id":"https:\/\/admin.industriall-union.org\/es\/alentar-a-las-mujeres-activistas-en-costa-de-marfil\/#breadcrumb"},"inLanguage":"es-ES","potentialAction":[{"@type":"ReadAction","target":["https:\/\/admin.industriall-union.org\/es\/alentar-a-las-mujeres-activistas-en-costa-de-marfil\/"]}]},{"@type":"BreadcrumbList","@id":"https:\/\/admin.industriall-union.org\/es\/alentar-a-las-mujeres-activistas-en-costa-de-marfil\/#breadcrumb","itemListElement":[{"@type":"ListItem","position":1,"name":"Home","item":"https:\/\/admin.industriall-union.org\/"},{"@type":"ListItem","position":2,"name":"Articles","item":"https:\/\/admin.industriall-union.org\/article\/"},{"@type":"ListItem","position":3,"name":"Alentar a las mujeres activistas en Costa de Marfil"}]},{"@type":"WebSite","@id":"https:\/\/admin.industriall-union.org\/#website","url":"https:\/\/admin.industriall-union.org\/","name":"industriall-union","description":"","potentialAction":[{"@type":"SearchAction","target":{"@type":"EntryPoint","urlTemplate":"https:\/\/admin.industriall-union.org\/?s={search_term_string}"},"query-input":{"@type":"PropertyValueSpecification","valueRequired":true,"valueName":"search_term_string"}}],"inLanguage":"es-ES"}]}},"_links":{"self":[{"href":"https:\/\/admin.industriall-union.org\/es\/wp-json\/wp\/v2\/article\/174300","targetHints":{"allow":["GET"]}}],"collection":[{"href":"https:\/\/admin.industriall-union.org\/es\/wp-json\/wp\/v2\/article"}],"about":[{"href":"https:\/\/admin.industriall-union.org\/es\/wp-json\/wp\/v2\/types\/article"}],"wp:attachment":[{"href":"https:\/\/admin.industriall-union.org\/es\/wp-json\/wp\/v2\/media?parent=174300"}],"wp:term":[{"taxonomy":"issues","embeddable":true,"href":"https:\/\/admin.industriall-union.org\/es\/wp-json\/wp\/v2\/issues?post=174300"},{"taxonomy":"companies","embeddable":true,"href":"https:\/\/admin.industriall-union.org\/es\/wp-json\/wp\/v2\/companies?post=174300"},{"taxonomy":"regions","embeddable":true,"href":"https:\/\/admin.industriall-union.org\/es\/wp-json\/wp\/v2\/regions?post=174300"},{"taxonomy":"sectors","embeddable":true,"href":"https:\/\/admin.industriall-union.org\/es\/wp-json\/wp\/v2\/sectors?post=174300"},{"taxonomy":"article_tags","embeddable":true,"href":"https:\/\/admin.industriall-union.org\/es\/wp-json\/wp\/v2\/article_tags?post=174300"}],"curies":[{"name":"wp","href":"https:\/\/api.w.org\/{rel}","templated":true}]}}