{"id":174256,"date":"2013-04-04T15:12:57","date_gmt":"2013-04-04T15:12:57","guid":{"rendered":"https:\/\/admin.industriall-union.org\/el-conflicto-de-los-trabajadores-chilenos-del-cobre-se-agrava\/"},"modified":"2025-02-08T13:02:48","modified_gmt":"2025-02-08T13:02:48","slug":"el-conflicto-de-los-trabajadores-chilenos-del-cobre-se-agrava","status":"publish","type":"article","link":"https:\/\/admin.industriall-union.org\/es\/el-conflicto-de-los-trabajadores-chilenos-del-cobre-se-agrava\/","title":{"rendered":"El conflicto de los trabajadores chilenos del cobre se agrava"},"content":{"rendered":"<p>Tras la muerte de Nelson Barr\u00eda, el sindicato convoc\u00f3 una reuni\u00f3n en la que se vot\u00f3 a favor de una huelga en protesta por la muerte de su compa\u00f1ero. El sindicato pidi\u00f3 la destituci\u00f3n del director general de la divisi\u00f3n Radomiro Tomic. La Federaci\u00f3n de Trabajadores del Cobre (FTC), afiliada a la IndustriALL, apoy\u00f3 plenamente al sindicato en la divisi\u00f3n Radomiro Tomic.<\/p><p>El s\u00e1bado 30 de marzo, la empresa cerr\u00f3 la planta, pues estaba paralizada. Sin embargo, el d\u00eda siguiente, Thomas Keller, director ejecutivo de CODELCO, acept\u00f3 el cese de Francisco Carvajal, director general de la divisi\u00f3n Radomiro Tomic.<\/p><p>La FTC dijo que hab\u00eda pedido la renuncia de Carvajal porque la direcci\u00f3n no actu\u00f3 de manera responsable, habida cuenta de una serie de advertencias de seguridad antes del accidente.<\/p><p>El presidente de la FTC, Raimundo Espinoza, explic\u00f3 que, en vista de la renuncia del director, los trabajadores hab\u00edan decidido volver al trabajo en el turno de apertura del 1 de abril. Afirm\u00f3 que no est\u00e1n dispuestos a aceptar la actitud arrogante y agobiante de los directores de CODELCO y agreg\u00f3 que &ldquo;lamentablemente hemos tenido cuatro accidentes mortales en CODELCO en los \u00faltimos cuatro meses&rdquo;.<\/p><p>&ldquo;No nos satisface tener que ir a la huelga, pero esta gente no entiende otra cosa. Los directores no escuchan, es como hablar a la pared. Algunos de los directores de esta compa\u00f1\u00eda ignoran las condiciones en que trabajan las personas, y el resultado son estos accidentes&rdquo;, declar\u00f3 Espinoza.<\/p><p>En cuanto a la<a href=\"http:\/\/www.industriall-union.org\/es\/trabajadores-chilenos-del-cobre-anuncian-paro-nacional\"> huelga nacional prevista<\/a>, Espinoza explic\u00f3 que &ldquo;al igual que en 2011, seguiremos prepar\u00e1ndonos para la huelga, porque los directores no quieren escuchar&rdquo;, y agreg\u00f3 que &ldquo;todas las divisiones&rdquo; est\u00e1n discutiendo la fecha de la huelga.<\/p><p>Finalmente, pidi\u00f3 a los directores de CODELCO &ldquo;que aprendan a escuchar para evitar todos estos problemas. El director ejecutivo dijo que las huelgas no resuelven nada, pero algunas personas s\u00f3lo lo entienden si se act\u00faa, y yo quiero que esto sirva de ejemplo&rdquo;.<\/p>","protected":false},"featured_media":0,"template":"","issues":[402,425],"companies":[],"regions":[263],"sectors":[495],"article_tags":[529],"class_list":["post-174256","article","type-article","status-publish","hentry","issues-health-and-safety","issues-workers-rights","regions-chile","sectors-mining","article_tags-strike"],"acf":[],"yoast_head":"<!-- This site is optimized with the Yoast SEO Premium plugin v27.1 (Yoast SEO v27.1) - https:\/\/yoast.com\/product\/yoast-seo-premium-wordpress\/ -->\n<title>El conflicto de los trabajadores chilenos del cobre se agrava - industriall-union<\/title>\n<meta name=\"description\" content=\"Tras la muerte de Nelson Barr\u00eda, el sindicato convoc\u00f3 una reuni\u00f3n en la que se vot\u00f3 a favor de una huelga en protesta por la muerte de su compa\u00f1ero. El\" \/>\n<meta name=\"robots\" content=\"index, follow, max-snippet:-1, max-image-preview:large, max-video-preview:-1\" \/>\n<link rel=\"canonical\" href=\"https:\/\/admin.industriall-union.org\/es\/el-conflicto-de-los-trabajadores-chilenos-del-cobre-se-agrava\/\" \/>\n<meta property=\"og:locale\" content=\"es_ES\" \/>\n<meta property=\"og:type\" content=\"article\" \/>\n<meta property=\"og:title\" content=\"El conflicto de los trabajadores chilenos del cobre se agrava\" \/>\n<meta property=\"og:description\" content=\"Tras la muerte de Nelson Barr\u00eda, el sindicato convoc\u00f3 una reuni\u00f3n en la que se vot\u00f3 a favor de una huelga en protesta por la muerte de su compa\u00f1ero. El\" \/>\n<meta property=\"og:url\" content=\"https:\/\/admin.industriall-union.org\/es\/el-conflicto-de-los-trabajadores-chilenos-del-cobre-se-agrava\/\" \/>\n<meta property=\"og:site_name\" content=\"industriall-union\" \/>\n<meta property=\"article:modified_time\" content=\"2025-02-08T13:02:48+00:00\" \/>\n<meta name=\"twitter:card\" content=\"summary_large_image\" \/>\n<meta name=\"twitter:label1\" content=\"Est. reading time\" \/>\n\t<meta name=\"twitter:data1\" content=\"2 minutes\" \/>\n<script type=\"application\/ld+json\" class=\"yoast-schema-graph\">{\"@context\":\"https:\/\/schema.org\",\"@graph\":[{\"@type\":\"WebPage\",\"@id\":\"https:\/\/admin.industriall-union.org\/es\/el-conflicto-de-los-trabajadores-chilenos-del-cobre-se-agrava\/\",\"url\":\"https:\/\/admin.industriall-union.org\/es\/el-conflicto-de-los-trabajadores-chilenos-del-cobre-se-agrava\/\",\"name\":\"El conflicto de los trabajadores chilenos del cobre se agrava - industriall-union\",\"isPartOf\":{\"@id\":\"https:\/\/admin.industriall-union.org\/#website\"},\"datePublished\":\"2013-04-04T15:12:57+00:00\",\"dateModified\":\"2025-02-08T13:02:48+00:00\",\"description\":\"Tras la muerte de Nelson Barr\u00eda, el sindicato convoc\u00f3 una reuni\u00f3n en la que se vot\u00f3 a favor de una huelga en protesta por la muerte de su compa\u00f1ero. El\",\"breadcrumb\":{\"@id\":\"https:\/\/admin.industriall-union.org\/es\/el-conflicto-de-los-trabajadores-chilenos-del-cobre-se-agrava\/#breadcrumb\"},\"inLanguage\":\"es-ES\",\"potentialAction\":[{\"@type\":\"ReadAction\",\"target\":[\"https:\/\/admin.industriall-union.org\/es\/el-conflicto-de-los-trabajadores-chilenos-del-cobre-se-agrava\/\"]}]},{\"@type\":\"BreadcrumbList\",\"@id\":\"https:\/\/admin.industriall-union.org\/es\/el-conflicto-de-los-trabajadores-chilenos-del-cobre-se-agrava\/#breadcrumb\",\"itemListElement\":[{\"@type\":\"ListItem\",\"position\":1,\"name\":\"Home\",\"item\":\"https:\/\/admin.industriall-union.org\/\"},{\"@type\":\"ListItem\",\"position\":2,\"name\":\"Articles\",\"item\":\"https:\/\/admin.industriall-union.org\/article\/\"},{\"@type\":\"ListItem\",\"position\":3,\"name\":\"El conflicto de los trabajadores chilenos del cobre se agrava\"}]},{\"@type\":\"WebSite\",\"@id\":\"https:\/\/admin.industriall-union.org\/#website\",\"url\":\"https:\/\/admin.industriall-union.org\/\",\"name\":\"industriall-union\",\"description\":\"\",\"potentialAction\":[{\"@type\":\"SearchAction\",\"target\":{\"@type\":\"EntryPoint\",\"urlTemplate\":\"https:\/\/admin.industriall-union.org\/?s={search_term_string}\"},\"query-input\":{\"@type\":\"PropertyValueSpecification\",\"valueRequired\":true,\"valueName\":\"search_term_string\"}}],\"inLanguage\":\"es-ES\"}]}<\/script>\n<!-- \/ Yoast SEO Premium plugin. -->","yoast_head_json":{"title":"El conflicto de los trabajadores chilenos del cobre se agrava - industriall-union","description":"Tras la muerte de Nelson Barr\u00eda, el sindicato convoc\u00f3 una reuni\u00f3n en la que se vot\u00f3 a favor de una huelga en protesta por la muerte de su compa\u00f1ero. El","robots":{"index":"index","follow":"follow","max-snippet":"max-snippet:-1","max-image-preview":"max-image-preview:large","max-video-preview":"max-video-preview:-1"},"canonical":"https:\/\/admin.industriall-union.org\/es\/el-conflicto-de-los-trabajadores-chilenos-del-cobre-se-agrava\/","og_locale":"es_ES","og_type":"article","og_title":"El conflicto de los trabajadores chilenos del cobre se agrava","og_description":"Tras la muerte de Nelson Barr\u00eda, el sindicato convoc\u00f3 una reuni\u00f3n en la que se vot\u00f3 a favor de una huelga en protesta por la muerte de su compa\u00f1ero. El","og_url":"https:\/\/admin.industriall-union.org\/es\/el-conflicto-de-los-trabajadores-chilenos-del-cobre-se-agrava\/","og_site_name":"industriall-union","article_modified_time":"2025-02-08T13:02:48+00:00","twitter_card":"summary_large_image","twitter_misc":{"Est. reading time":"2 minutes"},"schema":{"@context":"https:\/\/schema.org","@graph":[{"@type":"WebPage","@id":"https:\/\/admin.industriall-union.org\/es\/el-conflicto-de-los-trabajadores-chilenos-del-cobre-se-agrava\/","url":"https:\/\/admin.industriall-union.org\/es\/el-conflicto-de-los-trabajadores-chilenos-del-cobre-se-agrava\/","name":"El conflicto de los trabajadores chilenos del cobre se agrava - industriall-union","isPartOf":{"@id":"https:\/\/admin.industriall-union.org\/#website"},"datePublished":"2013-04-04T15:12:57+00:00","dateModified":"2025-02-08T13:02:48+00:00","description":"Tras la muerte de Nelson Barr\u00eda, el sindicato convoc\u00f3 una reuni\u00f3n en la que se vot\u00f3 a favor de una huelga en protesta por la muerte de su compa\u00f1ero. El","breadcrumb":{"@id":"https:\/\/admin.industriall-union.org\/es\/el-conflicto-de-los-trabajadores-chilenos-del-cobre-se-agrava\/#breadcrumb"},"inLanguage":"es-ES","potentialAction":[{"@type":"ReadAction","target":["https:\/\/admin.industriall-union.org\/es\/el-conflicto-de-los-trabajadores-chilenos-del-cobre-se-agrava\/"]}]},{"@type":"BreadcrumbList","@id":"https:\/\/admin.industriall-union.org\/es\/el-conflicto-de-los-trabajadores-chilenos-del-cobre-se-agrava\/#breadcrumb","itemListElement":[{"@type":"ListItem","position":1,"name":"Home","item":"https:\/\/admin.industriall-union.org\/"},{"@type":"ListItem","position":2,"name":"Articles","item":"https:\/\/admin.industriall-union.org\/article\/"},{"@type":"ListItem","position":3,"name":"El conflicto de los trabajadores chilenos del cobre se agrava"}]},{"@type":"WebSite","@id":"https:\/\/admin.industriall-union.org\/#website","url":"https:\/\/admin.industriall-union.org\/","name":"industriall-union","description":"","potentialAction":[{"@type":"SearchAction","target":{"@type":"EntryPoint","urlTemplate":"https:\/\/admin.industriall-union.org\/?s={search_term_string}"},"query-input":{"@type":"PropertyValueSpecification","valueRequired":true,"valueName":"search_term_string"}}],"inLanguage":"es-ES"}]}},"_links":{"self":[{"href":"https:\/\/admin.industriall-union.org\/es\/wp-json\/wp\/v2\/article\/174256","targetHints":{"allow":["GET"]}}],"collection":[{"href":"https:\/\/admin.industriall-union.org\/es\/wp-json\/wp\/v2\/article"}],"about":[{"href":"https:\/\/admin.industriall-union.org\/es\/wp-json\/wp\/v2\/types\/article"}],"wp:attachment":[{"href":"https:\/\/admin.industriall-union.org\/es\/wp-json\/wp\/v2\/media?parent=174256"}],"wp:term":[{"taxonomy":"issues","embeddable":true,"href":"https:\/\/admin.industriall-union.org\/es\/wp-json\/wp\/v2\/issues?post=174256"},{"taxonomy":"companies","embeddable":true,"href":"https:\/\/admin.industriall-union.org\/es\/wp-json\/wp\/v2\/companies?post=174256"},{"taxonomy":"regions","embeddable":true,"href":"https:\/\/admin.industriall-union.org\/es\/wp-json\/wp\/v2\/regions?post=174256"},{"taxonomy":"sectors","embeddable":true,"href":"https:\/\/admin.industriall-union.org\/es\/wp-json\/wp\/v2\/sectors?post=174256"},{"taxonomy":"article_tags","embeddable":true,"href":"https:\/\/admin.industriall-union.org\/es\/wp-json\/wp\/v2\/article_tags?post=174256"}],"curies":[{"name":"wp","href":"https:\/\/api.w.org\/{rel}","templated":true}]}}