{"id":174235,"date":"2013-04-11T12:54:25","date_gmt":"2013-04-11T12:54:25","guid":{"rendered":"https:\/\/admin.industriall-union.org\/trabajador-de-honda-asesinado-en-mexico\/"},"modified":"2025-02-08T12:59:40","modified_gmt":"2025-02-08T12:59:40","slug":"trabajador-de-honda-asesinado-en-mexico","status":"publish","type":"article","link":"https:\/\/admin.industriall-union.org\/es\/trabajador-de-honda-asesinado-en-mexico\/","title":{"rendered":"Trabajador de Honda asesinado en M\u00e9xico"},"content":{"rendered":"<p>IndustriALL &nbsp;exig\u00eda a la empresa una inmediata investigaci\u00f3n exhaustiva para determinar las causas del accidente fatal, as\u00ed como una compensaci\u00f3n econ\u00f3mica para la familia del trabajador.<\/p><p>Jose Luis Solorio secretario general del Sindicato de Trabajadores Unidos de Honda M\u00e9xico, (STUHM) inform\u00f3 que el lunes 25 de marzo pasado, falleci\u00f3 Armando Arana, mientras pintaba una rampa, prensado por un contenedor. El trabajador con 14 a\u00f1os de antig\u00fcedad, hab\u00eda reclamado en diversas ocasiones contra las condiciones de riesgo en las cuales desempe\u00f1aban sus funciones, motivo por el cual personal directivo de la empresa lo hostigaba y cambiaba de su lugar de trabajo (\u00e1rea de prensa) como castigo. El dirigente del STUHM explic\u00f3 que al trabajador<\/p><blockquote><p>se le orden\u00f3 junto con otros compa\u00f1eros que pintaran las rampas de desembarque en la planta de motos, para ello deb\u00edan mover algunos contenedores y en un espacio de aproximadamente un metro pintar de amarillo las rampas. Los trabajadores pidieron a la empresa se\u00f1al\u00e9ticas de seguridad para evitar accidentes, dado que era un lugar de carga y descarga de contenedores. Les respondieron que no era necesario y que realizaran el trabajo bajo pena de despido a quien se negara o protestara.<\/p><\/blockquote><p>&ldquo;Cerca de las 14:30 horas, por orden de los directivos de la empresa, uno de los choferes entr\u00f3 de reversa para enganchar el tr\u00e1iler con un contenedor y al realizar la maniobra \u00e9ste se recorri\u00f3 prensando a Armando Arana que se encontraba en la rampa pintando&ldquo;. Jose Luis Solorio, secretario general del sindicato, se\u00f1al\u00f3 que el compa\u00f1ero es una &ldquo;v\u00edctima de la indolencia y ausencia de medidas de seguridad por parte de Honda de M\u00e9xico&rdquo;, agreg\u00f3 que &ldquo;<em>este crimen no debe quedar impune&rdquo;. <\/em><\/p><p>M\u00e1s de 2 semanas despu\u00e9s de la muerte del trabajador, la empresa sigue guardado un silencio criminal, no obstante la demanda del Sindicato de Trabajadores Unidos de Honda de M\u00e9xico (STUHM) de que se expliquen los motivos por los que personal de la empresa hostigaba a Armando Arana y por qu\u00e9 se negaron a tomar las m\u00ednimas medidas precautorias que pudieron evitar la tragedia.<\/p><p>Numerosos art\u00edculos de prensa reportan que sindicatos y organizaciones civiles entre los cuales, el Sindicato Nacional de Trabajadores Mineros, Metal\u00fargicos y Similares de la Rep\u00fablica Mexicana SNTMMSRM, el Sindicato Mexicano de Electricistas (SME), el Centro de Investigaci\u00f3n Laboral y Asesor\u00eda Sindical (CILAS), siguen manifestando su repudio a la actitud de la empresa Honda de M\u00e9xico y enviaron cartas a la empresa y a las autoridades laborales federales y estatales exigiendo que &ldquo;<em>la Secretar\u00eda del Trabajo, y dem\u00e1s autoridades laborales federales y locales, deslinden las responsabilidades respecto del homicidio industrial antes se\u00f1alado. Que realicen inspecciones a fondo de las \u00e1reas de trabajo y obliguen a Honda de M\u00e9xico a tomar medidas para proteger la vida de sus trabajadores en las zonas detectadas como de alto riesgo y prevenir nuevos actos de negligencia<\/em>&rdquo;. Ver articulo <a href=\"http:\/\/www.lajornadajalisco.com.mx\/2013\/04\/08\/el-correo-ilustrado-255\/\">aqu\u00ed.<\/a><\/p><p>Los sindicatos japoneses afiliadas de IndustriALL expresaron su choque y&nbsp; tristeza y contactaron la sede de la Honda para pedir una investigaci\u00f3n detallada&nbsp; del caso. IndustriALL exige una respuesta por parte de la empresa&nbsp; y de las autoridades mexicanas y se adhiere a las acciones del sindicato para que este crimen no quede impune. Por ende llama a todas las organizaciones sindicales afiliadas a demandar a la empresa automotriz una justa investigaci\u00f3n y responsabilidad en la muerte del compa\u00f1ero mexicano.&nbsp;<\/p>","protected":false},"featured_media":0,"template":"","issues":[402],"companies":[69],"regions":[275],"sectors":[482],"article_tags":[],"class_list":["post-174235","article","type-article","status-publish","hentry","issues-health-and-safety","companies-honda","regions-mexico","sectors-automotive"],"acf":[],"yoast_head":"<!-- This site is optimized with the Yoast SEO Premium plugin v27.1 (Yoast SEO v27.1) - https:\/\/yoast.com\/product\/yoast-seo-premium-wordpress\/ -->\n<title>Trabajador de Honda asesinado en M\u00e9xico - industriall-union<\/title>\n<meta name=\"description\" content=\"IndustriALL &nbsp;exig\u00eda a la empresa una inmediata investigaci\u00f3n exhaustiva para determinar las causas del accidente fatal, as\u00ed como una compensaci\u00f3n\" \/>\n<meta name=\"robots\" content=\"index, follow, max-snippet:-1, max-image-preview:large, max-video-preview:-1\" \/>\n<link rel=\"canonical\" href=\"https:\/\/admin.industriall-union.org\/es\/trabajador-de-honda-asesinado-en-mexico\/\" \/>\n<meta property=\"og:locale\" content=\"es_ES\" \/>\n<meta property=\"og:type\" content=\"article\" \/>\n<meta property=\"og:title\" content=\"Trabajador de Honda asesinado en M\u00e9xico\" \/>\n<meta property=\"og:description\" content=\"IndustriALL &nbsp;exig\u00eda a la empresa una inmediata investigaci\u00f3n exhaustiva para determinar las causas del accidente fatal, as\u00ed como una compensaci\u00f3n\" \/>\n<meta property=\"og:url\" content=\"https:\/\/admin.industriall-union.org\/es\/trabajador-de-honda-asesinado-en-mexico\/\" \/>\n<meta property=\"og:site_name\" content=\"industriall-union\" \/>\n<meta property=\"article:modified_time\" content=\"2025-02-08T12:59:40+00:00\" \/>\n<meta name=\"twitter:card\" content=\"summary_large_image\" \/>\n<meta name=\"twitter:label1\" content=\"Est. reading time\" \/>\n\t<meta name=\"twitter:data1\" content=\"3 minutes\" \/>\n<script type=\"application\/ld+json\" class=\"yoast-schema-graph\">{\"@context\":\"https:\/\/schema.org\",\"@graph\":[{\"@type\":\"WebPage\",\"@id\":\"https:\/\/admin.industriall-union.org\/es\/trabajador-de-honda-asesinado-en-mexico\/\",\"url\":\"https:\/\/admin.industriall-union.org\/es\/trabajador-de-honda-asesinado-en-mexico\/\",\"name\":\"Trabajador de Honda asesinado en M\u00e9xico - industriall-union\",\"isPartOf\":{\"@id\":\"https:\/\/admin.industriall-union.org\/#website\"},\"datePublished\":\"2013-04-11T12:54:25+00:00\",\"dateModified\":\"2025-02-08T12:59:40+00:00\",\"description\":\"IndustriALL &nbsp;exig\u00eda a la empresa una inmediata investigaci\u00f3n exhaustiva para determinar las causas del accidente fatal, as\u00ed como una compensaci\u00f3n\",\"breadcrumb\":{\"@id\":\"https:\/\/admin.industriall-union.org\/es\/trabajador-de-honda-asesinado-en-mexico\/#breadcrumb\"},\"inLanguage\":\"es-ES\",\"potentialAction\":[{\"@type\":\"ReadAction\",\"target\":[\"https:\/\/admin.industriall-union.org\/es\/trabajador-de-honda-asesinado-en-mexico\/\"]}]},{\"@type\":\"BreadcrumbList\",\"@id\":\"https:\/\/admin.industriall-union.org\/es\/trabajador-de-honda-asesinado-en-mexico\/#breadcrumb\",\"itemListElement\":[{\"@type\":\"ListItem\",\"position\":1,\"name\":\"Home\",\"item\":\"https:\/\/admin.industriall-union.org\/\"},{\"@type\":\"ListItem\",\"position\":2,\"name\":\"Articles\",\"item\":\"https:\/\/admin.industriall-union.org\/article\/\"},{\"@type\":\"ListItem\",\"position\":3,\"name\":\"Trabajador de Honda asesinado en M\u00e9xico\"}]},{\"@type\":\"WebSite\",\"@id\":\"https:\/\/admin.industriall-union.org\/#website\",\"url\":\"https:\/\/admin.industriall-union.org\/\",\"name\":\"industriall-union\",\"description\":\"\",\"potentialAction\":[{\"@type\":\"SearchAction\",\"target\":{\"@type\":\"EntryPoint\",\"urlTemplate\":\"https:\/\/admin.industriall-union.org\/?s={search_term_string}\"},\"query-input\":{\"@type\":\"PropertyValueSpecification\",\"valueRequired\":true,\"valueName\":\"search_term_string\"}}],\"inLanguage\":\"es-ES\"}]}<\/script>\n<!-- \/ Yoast SEO Premium plugin. -->","yoast_head_json":{"title":"Trabajador de Honda asesinado en M\u00e9xico - industriall-union","description":"IndustriALL &nbsp;exig\u00eda a la empresa una inmediata investigaci\u00f3n exhaustiva para determinar las causas del accidente fatal, as\u00ed como una compensaci\u00f3n","robots":{"index":"index","follow":"follow","max-snippet":"max-snippet:-1","max-image-preview":"max-image-preview:large","max-video-preview":"max-video-preview:-1"},"canonical":"https:\/\/admin.industriall-union.org\/es\/trabajador-de-honda-asesinado-en-mexico\/","og_locale":"es_ES","og_type":"article","og_title":"Trabajador de Honda asesinado en M\u00e9xico","og_description":"IndustriALL &nbsp;exig\u00eda a la empresa una inmediata investigaci\u00f3n exhaustiva para determinar las causas del accidente fatal, as\u00ed como una compensaci\u00f3n","og_url":"https:\/\/admin.industriall-union.org\/es\/trabajador-de-honda-asesinado-en-mexico\/","og_site_name":"industriall-union","article_modified_time":"2025-02-08T12:59:40+00:00","twitter_card":"summary_large_image","twitter_misc":{"Est. reading time":"3 minutes"},"schema":{"@context":"https:\/\/schema.org","@graph":[{"@type":"WebPage","@id":"https:\/\/admin.industriall-union.org\/es\/trabajador-de-honda-asesinado-en-mexico\/","url":"https:\/\/admin.industriall-union.org\/es\/trabajador-de-honda-asesinado-en-mexico\/","name":"Trabajador de Honda asesinado en M\u00e9xico - industriall-union","isPartOf":{"@id":"https:\/\/admin.industriall-union.org\/#website"},"datePublished":"2013-04-11T12:54:25+00:00","dateModified":"2025-02-08T12:59:40+00:00","description":"IndustriALL &nbsp;exig\u00eda a la empresa una inmediata investigaci\u00f3n exhaustiva para determinar las causas del accidente fatal, as\u00ed como una compensaci\u00f3n","breadcrumb":{"@id":"https:\/\/admin.industriall-union.org\/es\/trabajador-de-honda-asesinado-en-mexico\/#breadcrumb"},"inLanguage":"es-ES","potentialAction":[{"@type":"ReadAction","target":["https:\/\/admin.industriall-union.org\/es\/trabajador-de-honda-asesinado-en-mexico\/"]}]},{"@type":"BreadcrumbList","@id":"https:\/\/admin.industriall-union.org\/es\/trabajador-de-honda-asesinado-en-mexico\/#breadcrumb","itemListElement":[{"@type":"ListItem","position":1,"name":"Home","item":"https:\/\/admin.industriall-union.org\/"},{"@type":"ListItem","position":2,"name":"Articles","item":"https:\/\/admin.industriall-union.org\/article\/"},{"@type":"ListItem","position":3,"name":"Trabajador de Honda asesinado en M\u00e9xico"}]},{"@type":"WebSite","@id":"https:\/\/admin.industriall-union.org\/#website","url":"https:\/\/admin.industriall-union.org\/","name":"industriall-union","description":"","potentialAction":[{"@type":"SearchAction","target":{"@type":"EntryPoint","urlTemplate":"https:\/\/admin.industriall-union.org\/?s={search_term_string}"},"query-input":{"@type":"PropertyValueSpecification","valueRequired":true,"valueName":"search_term_string"}}],"inLanguage":"es-ES"}]}},"_links":{"self":[{"href":"https:\/\/admin.industriall-union.org\/es\/wp-json\/wp\/v2\/article\/174235","targetHints":{"allow":["GET"]}}],"collection":[{"href":"https:\/\/admin.industriall-union.org\/es\/wp-json\/wp\/v2\/article"}],"about":[{"href":"https:\/\/admin.industriall-union.org\/es\/wp-json\/wp\/v2\/types\/article"}],"wp:attachment":[{"href":"https:\/\/admin.industriall-union.org\/es\/wp-json\/wp\/v2\/media?parent=174235"}],"wp:term":[{"taxonomy":"issues","embeddable":true,"href":"https:\/\/admin.industriall-union.org\/es\/wp-json\/wp\/v2\/issues?post=174235"},{"taxonomy":"companies","embeddable":true,"href":"https:\/\/admin.industriall-union.org\/es\/wp-json\/wp\/v2\/companies?post=174235"},{"taxonomy":"regions","embeddable":true,"href":"https:\/\/admin.industriall-union.org\/es\/wp-json\/wp\/v2\/regions?post=174235"},{"taxonomy":"sectors","embeddable":true,"href":"https:\/\/admin.industriall-union.org\/es\/wp-json\/wp\/v2\/sectors?post=174235"},{"taxonomy":"article_tags","embeddable":true,"href":"https:\/\/admin.industriall-union.org\/es\/wp-json\/wp\/v2\/article_tags?post=174235"}],"curies":[{"name":"wp","href":"https:\/\/api.w.org\/{rel}","templated":true}]}}