{"id":174223,"date":"2013-04-11T14:24:09","date_gmt":"2013-04-11T14:24:09","guid":{"rendered":"https:\/\/admin.industriall-union.org\/sindicatos-de-omna-apoyan-al-lider-sindical-del-petroleo-iraqui\/"},"modified":"2025-02-08T12:54:12","modified_gmt":"2025-02-08T12:54:12","slug":"sindicatos-de-omna-apoyan-al-lider-sindical-del-petroleo-iraqui","status":"publish","type":"article","link":"https:\/\/admin.industriall-union.org\/es\/sindicatos-de-omna-apoyan-al-lider-sindical-del-petroleo-iraqui\/","title":{"rendered":"Sindicatos de OMNA apoyan al l\u00edder sindical del petr\u00f3leo iraqu\u00ed"},"content":{"rendered":"<p>La conferencia regional de la IndustriALL Global Union en el Oriente Medio y el Norte de \u00c1frica se celebr\u00f3 los d\u00edas 4 y 5 de abril de 2013 en Beirut (L\u00edbano), con la presencia de 50 delegados de Marruecos, T\u00fanez, Egipto, Palestina, L\u00edbano, Jordania, Bahr\u00e9in, Kuwait, Yemen e Iraq y de representantes de organizaciones asociadas de Francia, Turqu\u00eda y Australia.<\/p><p>La mayor\u00eda de los delegados destacaron los problemas de los derechos sindicales en sus pa\u00edses. Hassan Juma&rsquo;a Awad, jefe del afiliado a la IndustriALL la Federaci\u00f3n Iraqu\u00ed de Sindicatos del Petr\u00f3leo (IFOU) inform\u00f3 a la conferencia de su pr\u00f3ximo juicio, en el que est\u00e1 <a href=\"http:\/\/www.industriall-union.org\/es\/utilizacion-del-poder-judicial-iraqui-para-perseguir-a-un-sindicato\">acusado de organizar una huelga y una manifestaci\u00f3n en febrero<\/a>. Trabajadores de la South Oil Company (SOC) se movilizaron despu\u00e9s de que la direcci\u00f3n rechazara las solicitudes de negociaciones sobre sueldos y prestaciones pendientes de pago, el trabajo precario y el fin de la corrupci\u00f3n.<\/p><p>L\u00edderes sindicales de OMNA expresaron su pleno apoyo a Hassan Juma&rsquo;a e instaron a las autoridades iraqu\u00edes a cesar la persecuci\u00f3n de Juma&rsquo;a y de otros sindicalistas. La acci\u00f3n de solidaridad internacional estaba ya en marcha antes de la sesi\u00f3n del tribunal que se ha aplazado hasta el 15 de abril.<\/p><p>La conferencia regional apoy\u00f3 la decisi\u00f3n de la IndustriALL de revitalizar la campa\u00f1a sobre la reforma de las leyes laborales iraqu\u00edes de la era de Saddam Hussein. Las leyes proh\u00edben los sindicatos en el sector p\u00fablico y violan el derecho de sindicaci\u00f3n, negociaci\u00f3n colectiva y huelga.<\/p><p>Se expresaron preocupaciones por los acontecimientos en Egipto. Adem\u00e1s de una <a href=\"http:\/\/www.industriall-union.org\/es\/paso-atras-de-egipto-en-los-derechos-de-los-trabajadores\">nueva constituci\u00f3n que trata a los sindicalistas como criminales<\/a>, el presidente Morsi firm\u00f3 en noviembre de 2012 un decreto que autoriza al ministro de Trabajo a elegir a su discreci\u00f3n a los sustitutos de l\u00edderes sindicales de m\u00e1s de 60 a\u00f1os. Como resultado, al menos dos de cuatro l\u00edderes de afiliados a la IndustriALL en Egipto han sido sustituidos.<\/p><p>Esta intervenci\u00f3n dio lugar a un animado debate sobre las prescripciones relativas a la independencia del empleador y la influencia del Gobierno en los estatutos de la IndustriALL. Se ha pedido a los sindicatos que expliquen y documenten los hechos, antes de someter el asunto al Comit\u00e9 Ejecutivo global de la IndustriALL a finales de mayo.<\/p><p>Al mismo tiempo, la IndustriALL proceder\u00e1 a una planificaci\u00f3n y una ronda de formaci\u00f3n de activistas con los nuevos sindicatos independientes en Egipto.<\/p><p>Tahar Berberi, l\u00edder del sindicato de trabajadores metal\u00fargicos y miembro del Comit\u00e9 Ejecutivo de la IndustriALL, inform\u00f3 de algunos acontecimientos positivos en T\u00fanez. El <a href=\"http:\/\/www.industriall-union.org\/es\/la-industriall-apoya-el-proceso-de-la-democracia-en-tunez\">&nbsp;pacto social tripartito<\/a> firmado en enero muestra la voluntad del Gobierno, de los sindicatos y de los empleadores de contribuir a la creaci\u00f3n de una sociedad democr\u00e1tica mediante el di\u00e1logo social constructivo.<\/p><p>Invitados de Turqu\u00eda, Francia y Australia hicieron aportaciones sobre t\u00e9cnicas de sindicaci\u00f3n, acuerdos marco mundiales y redes sindicales en empresas multinacionales (EMN). Cierto n\u00famero de EMN operan ya en la regi\u00f3n, especialmente en pa\u00edses del Maghreb, donde la IndustriALL apoyar\u00e1 la creaci\u00f3n de redes con sus afiliados europeos.<\/p>","protected":false},"featured_media":0,"template":"","issues":[422,424,425],"companies":[],"regions":[288],"sectors":[],"article_tags":[],"class_list":["post-174223","article","type-article","status-publish","hentry","issues-human-trade-union-rights","issues-violation","issues-workers-rights","regions-middle-east-and-north-africa"],"acf":[],"yoast_head":"<!-- This site is optimized with the Yoast SEO Premium plugin v27.1 (Yoast SEO v27.1) - https:\/\/yoast.com\/product\/yoast-seo-premium-wordpress\/ -->\n<title>Sindicatos de OMNA apoyan al l\u00edder sindical del petr\u00f3leo iraqu\u00ed - industriall-union<\/title>\n<meta name=\"description\" content=\"La conferencia regional de la IndustriALL Global Union en el Oriente Medio y el Norte de \u00c1frica se celebr\u00f3 los d\u00edas 4 y 5 de abril de 2013 en Beirut\" \/>\n<meta name=\"robots\" content=\"index, follow, max-snippet:-1, max-image-preview:large, max-video-preview:-1\" \/>\n<link rel=\"canonical\" href=\"https:\/\/admin.industriall-union.org\/es\/sindicatos-de-omna-apoyan-al-lider-sindical-del-petroleo-iraqui\/\" \/>\n<meta property=\"og:locale\" content=\"es_ES\" \/>\n<meta property=\"og:type\" content=\"article\" \/>\n<meta property=\"og:title\" content=\"Sindicatos de OMNA apoyan al l\u00edder sindical del petr\u00f3leo iraqu\u00ed\" \/>\n<meta property=\"og:description\" content=\"La conferencia regional de la IndustriALL Global Union en el Oriente Medio y el Norte de \u00c1frica se celebr\u00f3 los d\u00edas 4 y 5 de abril de 2013 en Beirut\" \/>\n<meta property=\"og:url\" content=\"https:\/\/admin.industriall-union.org\/es\/sindicatos-de-omna-apoyan-al-lider-sindical-del-petroleo-iraqui\/\" \/>\n<meta property=\"og:site_name\" content=\"industriall-union\" \/>\n<meta property=\"article:modified_time\" content=\"2025-02-08T12:54:12+00:00\" \/>\n<meta name=\"twitter:card\" content=\"summary_large_image\" \/>\n<meta name=\"twitter:label1\" content=\"Est. reading time\" \/>\n\t<meta name=\"twitter:data1\" content=\"3 minutes\" \/>\n<script type=\"application\/ld+json\" class=\"yoast-schema-graph\">{\"@context\":\"https:\/\/schema.org\",\"@graph\":[{\"@type\":\"WebPage\",\"@id\":\"https:\/\/admin.industriall-union.org\/es\/sindicatos-de-omna-apoyan-al-lider-sindical-del-petroleo-iraqui\/\",\"url\":\"https:\/\/admin.industriall-union.org\/es\/sindicatos-de-omna-apoyan-al-lider-sindical-del-petroleo-iraqui\/\",\"name\":\"Sindicatos de OMNA apoyan al l\u00edder sindical del petr\u00f3leo iraqu\u00ed - industriall-union\",\"isPartOf\":{\"@id\":\"https:\/\/admin.industriall-union.org\/#website\"},\"datePublished\":\"2013-04-11T14:24:09+00:00\",\"dateModified\":\"2025-02-08T12:54:12+00:00\",\"description\":\"La conferencia regional de la IndustriALL Global Union en el Oriente Medio y el Norte de \u00c1frica se celebr\u00f3 los d\u00edas 4 y 5 de abril de 2013 en Beirut\",\"breadcrumb\":{\"@id\":\"https:\/\/admin.industriall-union.org\/es\/sindicatos-de-omna-apoyan-al-lider-sindical-del-petroleo-iraqui\/#breadcrumb\"},\"inLanguage\":\"es-ES\",\"potentialAction\":[{\"@type\":\"ReadAction\",\"target\":[\"https:\/\/admin.industriall-union.org\/es\/sindicatos-de-omna-apoyan-al-lider-sindical-del-petroleo-iraqui\/\"]}]},{\"@type\":\"BreadcrumbList\",\"@id\":\"https:\/\/admin.industriall-union.org\/es\/sindicatos-de-omna-apoyan-al-lider-sindical-del-petroleo-iraqui\/#breadcrumb\",\"itemListElement\":[{\"@type\":\"ListItem\",\"position\":1,\"name\":\"Home\",\"item\":\"https:\/\/admin.industriall-union.org\/\"},{\"@type\":\"ListItem\",\"position\":2,\"name\":\"Articles\",\"item\":\"https:\/\/admin.industriall-union.org\/article\/\"},{\"@type\":\"ListItem\",\"position\":3,\"name\":\"Sindicatos de OMNA apoyan al l\u00edder sindical del petr\u00f3leo iraqu\u00ed\"}]},{\"@type\":\"WebSite\",\"@id\":\"https:\/\/admin.industriall-union.org\/#website\",\"url\":\"https:\/\/admin.industriall-union.org\/\",\"name\":\"industriall-union\",\"description\":\"\",\"potentialAction\":[{\"@type\":\"SearchAction\",\"target\":{\"@type\":\"EntryPoint\",\"urlTemplate\":\"https:\/\/admin.industriall-union.org\/?s={search_term_string}\"},\"query-input\":{\"@type\":\"PropertyValueSpecification\",\"valueRequired\":true,\"valueName\":\"search_term_string\"}}],\"inLanguage\":\"es-ES\"}]}<\/script>\n<!-- \/ Yoast SEO Premium plugin. -->","yoast_head_json":{"title":"Sindicatos de OMNA apoyan al l\u00edder sindical del petr\u00f3leo iraqu\u00ed - industriall-union","description":"La conferencia regional de la IndustriALL Global Union en el Oriente Medio y el Norte de \u00c1frica se celebr\u00f3 los d\u00edas 4 y 5 de abril de 2013 en Beirut","robots":{"index":"index","follow":"follow","max-snippet":"max-snippet:-1","max-image-preview":"max-image-preview:large","max-video-preview":"max-video-preview:-1"},"canonical":"https:\/\/admin.industriall-union.org\/es\/sindicatos-de-omna-apoyan-al-lider-sindical-del-petroleo-iraqui\/","og_locale":"es_ES","og_type":"article","og_title":"Sindicatos de OMNA apoyan al l\u00edder sindical del petr\u00f3leo iraqu\u00ed","og_description":"La conferencia regional de la IndustriALL Global Union en el Oriente Medio y el Norte de \u00c1frica se celebr\u00f3 los d\u00edas 4 y 5 de abril de 2013 en Beirut","og_url":"https:\/\/admin.industriall-union.org\/es\/sindicatos-de-omna-apoyan-al-lider-sindical-del-petroleo-iraqui\/","og_site_name":"industriall-union","article_modified_time":"2025-02-08T12:54:12+00:00","twitter_card":"summary_large_image","twitter_misc":{"Est. reading time":"3 minutes"},"schema":{"@context":"https:\/\/schema.org","@graph":[{"@type":"WebPage","@id":"https:\/\/admin.industriall-union.org\/es\/sindicatos-de-omna-apoyan-al-lider-sindical-del-petroleo-iraqui\/","url":"https:\/\/admin.industriall-union.org\/es\/sindicatos-de-omna-apoyan-al-lider-sindical-del-petroleo-iraqui\/","name":"Sindicatos de OMNA apoyan al l\u00edder sindical del petr\u00f3leo iraqu\u00ed - industriall-union","isPartOf":{"@id":"https:\/\/admin.industriall-union.org\/#website"},"datePublished":"2013-04-11T14:24:09+00:00","dateModified":"2025-02-08T12:54:12+00:00","description":"La conferencia regional de la IndustriALL Global Union en el Oriente Medio y el Norte de \u00c1frica se celebr\u00f3 los d\u00edas 4 y 5 de abril de 2013 en Beirut","breadcrumb":{"@id":"https:\/\/admin.industriall-union.org\/es\/sindicatos-de-omna-apoyan-al-lider-sindical-del-petroleo-iraqui\/#breadcrumb"},"inLanguage":"es-ES","potentialAction":[{"@type":"ReadAction","target":["https:\/\/admin.industriall-union.org\/es\/sindicatos-de-omna-apoyan-al-lider-sindical-del-petroleo-iraqui\/"]}]},{"@type":"BreadcrumbList","@id":"https:\/\/admin.industriall-union.org\/es\/sindicatos-de-omna-apoyan-al-lider-sindical-del-petroleo-iraqui\/#breadcrumb","itemListElement":[{"@type":"ListItem","position":1,"name":"Home","item":"https:\/\/admin.industriall-union.org\/"},{"@type":"ListItem","position":2,"name":"Articles","item":"https:\/\/admin.industriall-union.org\/article\/"},{"@type":"ListItem","position":3,"name":"Sindicatos de OMNA apoyan al l\u00edder sindical del petr\u00f3leo iraqu\u00ed"}]},{"@type":"WebSite","@id":"https:\/\/admin.industriall-union.org\/#website","url":"https:\/\/admin.industriall-union.org\/","name":"industriall-union","description":"","potentialAction":[{"@type":"SearchAction","target":{"@type":"EntryPoint","urlTemplate":"https:\/\/admin.industriall-union.org\/?s={search_term_string}"},"query-input":{"@type":"PropertyValueSpecification","valueRequired":true,"valueName":"search_term_string"}}],"inLanguage":"es-ES"}]}},"_links":{"self":[{"href":"https:\/\/admin.industriall-union.org\/es\/wp-json\/wp\/v2\/article\/174223","targetHints":{"allow":["GET"]}}],"collection":[{"href":"https:\/\/admin.industriall-union.org\/es\/wp-json\/wp\/v2\/article"}],"about":[{"href":"https:\/\/admin.industriall-union.org\/es\/wp-json\/wp\/v2\/types\/article"}],"wp:attachment":[{"href":"https:\/\/admin.industriall-union.org\/es\/wp-json\/wp\/v2\/media?parent=174223"}],"wp:term":[{"taxonomy":"issues","embeddable":true,"href":"https:\/\/admin.industriall-union.org\/es\/wp-json\/wp\/v2\/issues?post=174223"},{"taxonomy":"companies","embeddable":true,"href":"https:\/\/admin.industriall-union.org\/es\/wp-json\/wp\/v2\/companies?post=174223"},{"taxonomy":"regions","embeddable":true,"href":"https:\/\/admin.industriall-union.org\/es\/wp-json\/wp\/v2\/regions?post=174223"},{"taxonomy":"sectors","embeddable":true,"href":"https:\/\/admin.industriall-union.org\/es\/wp-json\/wp\/v2\/sectors?post=174223"},{"taxonomy":"article_tags","embeddable":true,"href":"https:\/\/admin.industriall-union.org\/es\/wp-json\/wp\/v2\/article_tags?post=174223"}],"curies":[{"name":"wp","href":"https:\/\/api.w.org\/{rel}","templated":true}]}}