{"id":174217,"date":"2013-04-11T16:32:50","date_gmt":"2013-04-11T16:32:50","guid":{"rendered":"https:\/\/admin.industriall-union.org\/victoria-napoleon-gomez-retirado-de-la-lista-de-alerta-roja-de-interpol\/"},"modified":"2025-02-08T12:47:35","modified_gmt":"2025-02-08T12:47:35","slug":"victoria-napoleon-gomez-retirado-de-la-lista-de-alerta-roja-de-interpol","status":"publish","type":"article","link":"https:\/\/admin.industriall-union.org\/es\/victoria-napoleon-gomez-retirado-de-la-lista-de-alerta-roja-de-interpol\/","title":{"rendered":"\u00a1Victoria! Napole\u00f3n G\u00f3mez retirado de la lista de alerta roja de Interpol"},"content":{"rendered":"<p>Desde 2006 y la en\u00e9rgica condena por Napole\u00f3n del homicidio industrial en Pasta de Conchos, el l\u00edder de los mineros ha sido perseguido por la alianza empresarial-gubernamental y obligado a dirigir el sindicato desde el exilio en Vancouver (Canad\u00e1). La IndustriALL Global Union celebra esta decisi\u00f3n, tan positiva como esperada, de Interpol, que permitir\u00e1 ahora a Napole\u00f3n viajar y ocupar su asiento en el Comit\u00e9 Ejecutivo internacional de la IndustriALL.<\/p><p>Esto se produce tras un largo proceso burocr\u00e1tico interno en Interpol, que ha incluido numerosas fases de examen de la causa contra Napole\u00f3n por el anterior Gobierno derechista de M\u00e9xico del partido PAN.<\/p><p>En un caso paralelo, seg\u00fan se ha informado, los magistrados del Primer Tribunal colegiado en material penal del Primer Circuito, Juan Jos\u00e9 Olvera L\u00f3pez, Luis P\u00e9rez de la Fuente and Jos\u00e9 Luis Villa Jim\u00e9nez, resolvieron por unanimidad conceder el amparo solicitado para que Interpol M\u00e9xico realizara las gestiones para cancelar la fija roja emitida.<\/p><p>La decisi\u00f3n de la autoridad de Interpol internacional prevalece sobre el \u00f3rgano mexicano y reivindica la alegaci\u00f3n de larga data de Los Mineros de que los dos gobiernos anteriores de Vicente Fox y Felipe Calder\u00f3n abusaron de su poder &nbsp;sobre la divisi\u00f3n mexicana de Interpol para proceder a un caso simulado contra Napole\u00f3n a fin de desacreditarle y mantenerle ilegalmente en el exilio.<\/p><p>Napole\u00f3n declar\u00f3: &ldquo;Es terrible que Interpol internacional haya tenido que considerar necesario dejar claro que esas autoridades mexicanas abusaron del instrumento internacional de la ficha roja con fines pol\u00edticos e intereses empresariales carentes de \u00e9tica.&rdquo;<\/p><p>El 17 de abril aparecer\u00e1 en el \u00e1mbito internacional un nuevo libro escrito por Napole\u00f3n G\u00f3mez, con el t\u00edtulo &ldquo;El colapso de la dignidad&rdquo;. A la IndustriALL Global Union le conmueve el lanzamiento del libro, y lo apoya plenamente.<\/p><p>El colapso de la dignidad es una vigorosa narraci\u00f3n de Napole\u00f3n de la lucha del sindicato, ante los traidores, la agresi\u00f3n armada, las amenazas de muerte y una alianza pol\u00edtica que lo recorre todo hasta llegar al presidente.<\/p><blockquote><p>La de G\u00f3mez es una historia de indignaci\u00f3n, pero tambi\u00e9n de esperanza. A lo largo de El colapso de la dignidad se expone plenamente la repugnante injusticia y la inexcusable agresi\u00f3n contra la clase trabajadora mexicana, y esencialmente es un ferviente llamamiento al movimiento obrero mundial que representar\u00e1 los derechos fundamentales de cada persona que trabaja para ganarse la vida.<\/p><\/blockquote><p>Visite el <a href=\"http:\/\/www.collapseofdignity.com\/\">sitio web El colapso de la dignidad<\/a> y solicite su ejemplar en l\u00ednea.<\/p>","protected":false},"featured_media":0,"template":"","issues":[420],"companies":[],"regions":[275],"sectors":[495],"article_tags":[],"class_list":["post-174217","article","type-article","status-publish","hentry","issues-solidarity","regions-mexico","sectors-mining"],"acf":[],"yoast_head":"<!-- This site is optimized with the Yoast SEO Premium plugin v27.1 (Yoast SEO v27.1) - https:\/\/yoast.com\/product\/yoast-seo-premium-wordpress\/ -->\n<title>\u00a1Victoria! Napole\u00f3n G\u00f3mez retirado de la lista de alerta roja de Interpol - industriall-union<\/title>\n<meta name=\"description\" content=\"Desde 2006 y la en\u00e9rgica condena por Napole\u00f3n del homicidio industrial en Pasta de Conchos, el l\u00edder de los mineros ha sido perseguido por la alianza\" \/>\n<meta name=\"robots\" content=\"index, follow, max-snippet:-1, max-image-preview:large, max-video-preview:-1\" \/>\n<link rel=\"canonical\" href=\"https:\/\/admin.industriall-union.org\/es\/victoria-napoleon-gomez-retirado-de-la-lista-de-alerta-roja-de-interpol\/\" \/>\n<meta property=\"og:locale\" content=\"es_ES\" \/>\n<meta property=\"og:type\" content=\"article\" \/>\n<meta property=\"og:title\" content=\"\u00a1Victoria! Napole\u00f3n G\u00f3mez retirado de la lista de alerta roja de Interpol\" \/>\n<meta property=\"og:description\" content=\"Desde 2006 y la en\u00e9rgica condena por Napole\u00f3n del homicidio industrial en Pasta de Conchos, el l\u00edder de los mineros ha sido perseguido por la alianza\" \/>\n<meta property=\"og:url\" content=\"https:\/\/admin.industriall-union.org\/es\/victoria-napoleon-gomez-retirado-de-la-lista-de-alerta-roja-de-interpol\/\" \/>\n<meta property=\"og:site_name\" content=\"industriall-union\" \/>\n<meta property=\"article:modified_time\" content=\"2025-02-08T12:47:35+00:00\" \/>\n<meta name=\"twitter:card\" content=\"summary_large_image\" \/>\n<meta name=\"twitter:label1\" content=\"Est. reading time\" \/>\n\t<meta name=\"twitter:data1\" content=\"2 minutes\" \/>\n<script type=\"application\/ld+json\" class=\"yoast-schema-graph\">{\"@context\":\"https:\/\/schema.org\",\"@graph\":[{\"@type\":\"WebPage\",\"@id\":\"https:\/\/admin.industriall-union.org\/es\/victoria-napoleon-gomez-retirado-de-la-lista-de-alerta-roja-de-interpol\/\",\"url\":\"https:\/\/admin.industriall-union.org\/es\/victoria-napoleon-gomez-retirado-de-la-lista-de-alerta-roja-de-interpol\/\",\"name\":\"\u00a1Victoria! Napole\u00f3n G\u00f3mez retirado de la lista de alerta roja de Interpol - industriall-union\",\"isPartOf\":{\"@id\":\"https:\/\/admin.industriall-union.org\/#website\"},\"datePublished\":\"2013-04-11T16:32:50+00:00\",\"dateModified\":\"2025-02-08T12:47:35+00:00\",\"description\":\"Desde 2006 y la en\u00e9rgica condena por Napole\u00f3n del homicidio industrial en Pasta de Conchos, el l\u00edder de los mineros ha sido perseguido por la alianza\",\"breadcrumb\":{\"@id\":\"https:\/\/admin.industriall-union.org\/es\/victoria-napoleon-gomez-retirado-de-la-lista-de-alerta-roja-de-interpol\/#breadcrumb\"},\"inLanguage\":\"es-ES\",\"potentialAction\":[{\"@type\":\"ReadAction\",\"target\":[\"https:\/\/admin.industriall-union.org\/es\/victoria-napoleon-gomez-retirado-de-la-lista-de-alerta-roja-de-interpol\/\"]}]},{\"@type\":\"BreadcrumbList\",\"@id\":\"https:\/\/admin.industriall-union.org\/es\/victoria-napoleon-gomez-retirado-de-la-lista-de-alerta-roja-de-interpol\/#breadcrumb\",\"itemListElement\":[{\"@type\":\"ListItem\",\"position\":1,\"name\":\"Home\",\"item\":\"https:\/\/admin.industriall-union.org\/\"},{\"@type\":\"ListItem\",\"position\":2,\"name\":\"Articles\",\"item\":\"https:\/\/admin.industriall-union.org\/article\/\"},{\"@type\":\"ListItem\",\"position\":3,\"name\":\"\u00a1Victoria! Napole\u00f3n G\u00f3mez retirado de la lista de alerta roja de Interpol\"}]},{\"@type\":\"WebSite\",\"@id\":\"https:\/\/admin.industriall-union.org\/#website\",\"url\":\"https:\/\/admin.industriall-union.org\/\",\"name\":\"industriall-union\",\"description\":\"\",\"potentialAction\":[{\"@type\":\"SearchAction\",\"target\":{\"@type\":\"EntryPoint\",\"urlTemplate\":\"https:\/\/admin.industriall-union.org\/?s={search_term_string}\"},\"query-input\":{\"@type\":\"PropertyValueSpecification\",\"valueRequired\":true,\"valueName\":\"search_term_string\"}}],\"inLanguage\":\"es-ES\"}]}<\/script>\n<!-- \/ Yoast SEO Premium plugin. -->","yoast_head_json":{"title":"\u00a1Victoria! Napole\u00f3n G\u00f3mez retirado de la lista de alerta roja de Interpol - industriall-union","description":"Desde 2006 y la en\u00e9rgica condena por Napole\u00f3n del homicidio industrial en Pasta de Conchos, el l\u00edder de los mineros ha sido perseguido por la alianza","robots":{"index":"index","follow":"follow","max-snippet":"max-snippet:-1","max-image-preview":"max-image-preview:large","max-video-preview":"max-video-preview:-1"},"canonical":"https:\/\/admin.industriall-union.org\/es\/victoria-napoleon-gomez-retirado-de-la-lista-de-alerta-roja-de-interpol\/","og_locale":"es_ES","og_type":"article","og_title":"\u00a1Victoria! Napole\u00f3n G\u00f3mez retirado de la lista de alerta roja de Interpol","og_description":"Desde 2006 y la en\u00e9rgica condena por Napole\u00f3n del homicidio industrial en Pasta de Conchos, el l\u00edder de los mineros ha sido perseguido por la alianza","og_url":"https:\/\/admin.industriall-union.org\/es\/victoria-napoleon-gomez-retirado-de-la-lista-de-alerta-roja-de-interpol\/","og_site_name":"industriall-union","article_modified_time":"2025-02-08T12:47:35+00:00","twitter_card":"summary_large_image","twitter_misc":{"Est. reading time":"2 minutes"},"schema":{"@context":"https:\/\/schema.org","@graph":[{"@type":"WebPage","@id":"https:\/\/admin.industriall-union.org\/es\/victoria-napoleon-gomez-retirado-de-la-lista-de-alerta-roja-de-interpol\/","url":"https:\/\/admin.industriall-union.org\/es\/victoria-napoleon-gomez-retirado-de-la-lista-de-alerta-roja-de-interpol\/","name":"\u00a1Victoria! Napole\u00f3n G\u00f3mez retirado de la lista de alerta roja de Interpol - industriall-union","isPartOf":{"@id":"https:\/\/admin.industriall-union.org\/#website"},"datePublished":"2013-04-11T16:32:50+00:00","dateModified":"2025-02-08T12:47:35+00:00","description":"Desde 2006 y la en\u00e9rgica condena por Napole\u00f3n del homicidio industrial en Pasta de Conchos, el l\u00edder de los mineros ha sido perseguido por la alianza","breadcrumb":{"@id":"https:\/\/admin.industriall-union.org\/es\/victoria-napoleon-gomez-retirado-de-la-lista-de-alerta-roja-de-interpol\/#breadcrumb"},"inLanguage":"es-ES","potentialAction":[{"@type":"ReadAction","target":["https:\/\/admin.industriall-union.org\/es\/victoria-napoleon-gomez-retirado-de-la-lista-de-alerta-roja-de-interpol\/"]}]},{"@type":"BreadcrumbList","@id":"https:\/\/admin.industriall-union.org\/es\/victoria-napoleon-gomez-retirado-de-la-lista-de-alerta-roja-de-interpol\/#breadcrumb","itemListElement":[{"@type":"ListItem","position":1,"name":"Home","item":"https:\/\/admin.industriall-union.org\/"},{"@type":"ListItem","position":2,"name":"Articles","item":"https:\/\/admin.industriall-union.org\/article\/"},{"@type":"ListItem","position":3,"name":"\u00a1Victoria! Napole\u00f3n G\u00f3mez retirado de la lista de alerta roja de Interpol"}]},{"@type":"WebSite","@id":"https:\/\/admin.industriall-union.org\/#website","url":"https:\/\/admin.industriall-union.org\/","name":"industriall-union","description":"","potentialAction":[{"@type":"SearchAction","target":{"@type":"EntryPoint","urlTemplate":"https:\/\/admin.industriall-union.org\/?s={search_term_string}"},"query-input":{"@type":"PropertyValueSpecification","valueRequired":true,"valueName":"search_term_string"}}],"inLanguage":"es-ES"}]}},"_links":{"self":[{"href":"https:\/\/admin.industriall-union.org\/es\/wp-json\/wp\/v2\/article\/174217","targetHints":{"allow":["GET"]}}],"collection":[{"href":"https:\/\/admin.industriall-union.org\/es\/wp-json\/wp\/v2\/article"}],"about":[{"href":"https:\/\/admin.industriall-union.org\/es\/wp-json\/wp\/v2\/types\/article"}],"wp:attachment":[{"href":"https:\/\/admin.industriall-union.org\/es\/wp-json\/wp\/v2\/media?parent=174217"}],"wp:term":[{"taxonomy":"issues","embeddable":true,"href":"https:\/\/admin.industriall-union.org\/es\/wp-json\/wp\/v2\/issues?post=174217"},{"taxonomy":"companies","embeddable":true,"href":"https:\/\/admin.industriall-union.org\/es\/wp-json\/wp\/v2\/companies?post=174217"},{"taxonomy":"regions","embeddable":true,"href":"https:\/\/admin.industriall-union.org\/es\/wp-json\/wp\/v2\/regions?post=174217"},{"taxonomy":"sectors","embeddable":true,"href":"https:\/\/admin.industriall-union.org\/es\/wp-json\/wp\/v2\/sectors?post=174217"},{"taxonomy":"article_tags","embeddable":true,"href":"https:\/\/admin.industriall-union.org\/es\/wp-json\/wp\/v2\/article_tags?post=174217"}],"curies":[{"name":"wp","href":"https:\/\/api.w.org\/{rel}","templated":true}]}}