{"id":174214,"date":"2013-04-12T14:33:22","date_gmt":"2013-04-12T14:33:22","guid":{"rendered":"https:\/\/admin.industriall-union.org\/la-industriall-y-if-metall-trabajan-en-una-solucion-en-electrolux-tailandia\/"},"modified":"2025-02-08T12:47:25","modified_gmt":"2025-02-08T12:47:25","slug":"la-industriall-y-if-metall-trabajan-en-una-solucion-en-electrolux-tailandia","status":"publish","type":"article","link":"https:\/\/admin.industriall-union.org\/es\/la-industriall-y-if-metall-trabajan-en-una-solucion-en-electrolux-tailandia\/","title":{"rendered":"La IndustriALL y IF Metall trabajan en una soluci\u00f3n en Electrolux Tailandia"},"content":{"rendered":"<p>En los mecanismos del Acuerdo Marco Mundial (AMM) entre la IndustriALL y el fabricante sueco de electrodom\u00e9sticos, firmado tambi\u00e9n por IF Metall de Suecia, se ha seguido un proceso de negociaciones y an\u00e1lisis respecto a las acciones antisindicales de la direcci\u00f3n de la compa\u00f1\u00eda en Tailandia. Los trabajadores de la f\u00e1brica de lavadoras de la compa\u00f1\u00eda en Rayong formaron un sindicato en febrero de 2011, y desde entonces han sido perseguidos duramente por la direcci\u00f3n.<\/p><p>La IndustriALL inform\u00f3 del encarcelamiento y del <a href=\"http:\/\/www.industriall-union.org\/es\/electrolux-encierra-y-luego-despide-a-trabajadores-en-tailandia\">despido masivo de 98 trabajadores<\/a> el 11 de febrero de 2013 y de las diversas t\u00e1cticas de campa\u00f1a utilizadas por el sindicato posteriormente en la <a href=\"http:\/\/www.industriall-union.org\/es\/los-trabajadores-tailandeses-despedidos-por-electrolux-luchan-contra-el-despido\">lucha por sus puestos de trabajo<\/a>. El sindicato a nivel de la planta ha sido apoyado por el TEAM, afiliado tailand\u00e9s a la IndustriALL, para que se readmita a todos los trabajadores despedidos.<\/p><p>Mediante conversaciones sociales con la direcci\u00f3n de la compa\u00f1\u00eda en el \u00e1mbito local e internacional, la IndustriALL, IF Metall y los sindicalistas tailandeses lograron decisiones positivas a ambos niveles con la direcci\u00f3n, y lograron la readmisi\u00f3n total. Sin embargo, todav\u00eda no se ha producido.<\/p><p>El 26 de febrero se lleg\u00f3 a un acuerdo entre IF Metall y la direcci\u00f3n de Rayong seg\u00fan el cual todos los trabajadores despedidos, incluidos ocho representantes sindicales, ser\u00edan readmitidos y volver\u00edan a sus puestos lo antes posible. Este acuerdo fue confirmado el 27 de marzo, en una reuni\u00f3n internacional en la sede de la compa\u00f1\u00eda en Estocolmo, en la que participaron altos representantes de la direcci\u00f3n internacional, de IndustriALL y de IF Metall. En la reuni\u00f3n se acord\u00f3 tambi\u00e9n trabajar conjuntamente con miras al futuro, incluida la visita de la planta por una delegaci\u00f3n de la direcci\u00f3n internacional y de IF Metall a finales de a\u00f1o y la verificaci\u00f3n de las relaciones laborales all\u00ed.<\/p><p>Todas las partes se comprometieron plenamente a crear sistemas constructivos y s\u00f3lidos de relaciones de trabajo en la planta de Electrolux Rayong, de conformidad con el acuerdo global. Sin embargo, aunque el acuerdo de 26 de febrero sigue en pie, la direcci\u00f3n de la planta a nivel local no ha hecho p\u00fablica la soluci\u00f3n ni ha readmitido a todos los trabajadores.<\/p><p>La grave violaci\u00f3n de los derechos laborales en Electrolux Tailandia ha interesado tambi\u00e9n a ONG en Suecia y en otras partes. El 9 de abril, la <a href=\"\/wp-content\/electrolux_ncp_eng_130409.pdf\">ONG sueca Swedwatch present\u00f3 una denuncia ante la OCDE<\/a> por la violaci\u00f3n de las normas internacionales del trabajo fundamentales en la planta de Rayong.<\/p><p>La IndustriALL y su afiliado IF Metall siguen pidiendo a Electrolux que cumpla su compromiso y garantice la soluci\u00f3n completa y la readmisi\u00f3n de los trabajadores en Rayong con car\u00e1cter de urgencia.<\/p>","protected":false},"featured_media":0,"template":"","issues":[420,425],"companies":[37],"regions":[191],"sectors":[492],"article_tags":[],"class_list":["post-174214","article","type-article","status-publish","hentry","issues-solidarity","issues-workers-rights","companies-electrolux","regions-thailand","sectors-electronics"],"acf":[],"yoast_head":"<!-- This site is optimized with the Yoast SEO Premium plugin v27.1 (Yoast SEO v27.1) - https:\/\/yoast.com\/product\/yoast-seo-premium-wordpress\/ -->\n<title>La IndustriALL y IF Metall trabajan en una soluci\u00f3n en Electrolux Tailandia - industriall-union<\/title>\n<meta name=\"description\" content=\"En los mecanismos del Acuerdo Marco Mundial (AMM) entre la IndustriALL y el fabricante sueco de electrodom\u00e9sticos, firmado tambi\u00e9n por IF Metall de\" \/>\n<meta name=\"robots\" content=\"index, follow, max-snippet:-1, max-image-preview:large, max-video-preview:-1\" \/>\n<link rel=\"canonical\" href=\"https:\/\/admin.industriall-union.org\/es\/la-industriall-y-if-metall-trabajan-en-una-solucion-en-electrolux-tailandia\/\" \/>\n<meta property=\"og:locale\" content=\"es_ES\" \/>\n<meta property=\"og:type\" content=\"article\" \/>\n<meta property=\"og:title\" content=\"La IndustriALL y IF Metall trabajan en una soluci\u00f3n en Electrolux Tailandia\" \/>\n<meta property=\"og:description\" content=\"En los mecanismos del Acuerdo Marco Mundial (AMM) entre la IndustriALL y el fabricante sueco de electrodom\u00e9sticos, firmado tambi\u00e9n por IF Metall de\" \/>\n<meta property=\"og:url\" content=\"https:\/\/admin.industriall-union.org\/es\/la-industriall-y-if-metall-trabajan-en-una-solucion-en-electrolux-tailandia\/\" \/>\n<meta property=\"og:site_name\" content=\"industriall-union\" \/>\n<meta property=\"article:modified_time\" content=\"2025-02-08T12:47:25+00:00\" \/>\n<meta name=\"twitter:card\" content=\"summary_large_image\" \/>\n<meta name=\"twitter:label1\" content=\"Est. reading time\" \/>\n\t<meta name=\"twitter:data1\" content=\"2 minutes\" \/>\n<script type=\"application\/ld+json\" class=\"yoast-schema-graph\">{\"@context\":\"https:\/\/schema.org\",\"@graph\":[{\"@type\":\"WebPage\",\"@id\":\"https:\/\/admin.industriall-union.org\/es\/la-industriall-y-if-metall-trabajan-en-una-solucion-en-electrolux-tailandia\/\",\"url\":\"https:\/\/admin.industriall-union.org\/es\/la-industriall-y-if-metall-trabajan-en-una-solucion-en-electrolux-tailandia\/\",\"name\":\"La IndustriALL y IF Metall trabajan en una soluci\u00f3n en Electrolux Tailandia - industriall-union\",\"isPartOf\":{\"@id\":\"https:\/\/admin.industriall-union.org\/#website\"},\"datePublished\":\"2013-04-12T14:33:22+00:00\",\"dateModified\":\"2025-02-08T12:47:25+00:00\",\"description\":\"En los mecanismos del Acuerdo Marco Mundial (AMM) entre la IndustriALL y el fabricante sueco de electrodom\u00e9sticos, firmado tambi\u00e9n por IF Metall de\",\"breadcrumb\":{\"@id\":\"https:\/\/admin.industriall-union.org\/es\/la-industriall-y-if-metall-trabajan-en-una-solucion-en-electrolux-tailandia\/#breadcrumb\"},\"inLanguage\":\"es-ES\",\"potentialAction\":[{\"@type\":\"ReadAction\",\"target\":[\"https:\/\/admin.industriall-union.org\/es\/la-industriall-y-if-metall-trabajan-en-una-solucion-en-electrolux-tailandia\/\"]}]},{\"@type\":\"BreadcrumbList\",\"@id\":\"https:\/\/admin.industriall-union.org\/es\/la-industriall-y-if-metall-trabajan-en-una-solucion-en-electrolux-tailandia\/#breadcrumb\",\"itemListElement\":[{\"@type\":\"ListItem\",\"position\":1,\"name\":\"Home\",\"item\":\"https:\/\/admin.industriall-union.org\/\"},{\"@type\":\"ListItem\",\"position\":2,\"name\":\"Articles\",\"item\":\"https:\/\/admin.industriall-union.org\/article\/\"},{\"@type\":\"ListItem\",\"position\":3,\"name\":\"La IndustriALL y IF Metall trabajan en una soluci\u00f3n en Electrolux Tailandia\"}]},{\"@type\":\"WebSite\",\"@id\":\"https:\/\/admin.industriall-union.org\/#website\",\"url\":\"https:\/\/admin.industriall-union.org\/\",\"name\":\"industriall-union\",\"description\":\"\",\"potentialAction\":[{\"@type\":\"SearchAction\",\"target\":{\"@type\":\"EntryPoint\",\"urlTemplate\":\"https:\/\/admin.industriall-union.org\/?s={search_term_string}\"},\"query-input\":{\"@type\":\"PropertyValueSpecification\",\"valueRequired\":true,\"valueName\":\"search_term_string\"}}],\"inLanguage\":\"es-ES\"}]}<\/script>\n<!-- \/ Yoast SEO Premium plugin. -->","yoast_head_json":{"title":"La IndustriALL y IF Metall trabajan en una soluci\u00f3n en Electrolux Tailandia - industriall-union","description":"En los mecanismos del Acuerdo Marco Mundial (AMM) entre la IndustriALL y el fabricante sueco de electrodom\u00e9sticos, firmado tambi\u00e9n por IF Metall de","robots":{"index":"index","follow":"follow","max-snippet":"max-snippet:-1","max-image-preview":"max-image-preview:large","max-video-preview":"max-video-preview:-1"},"canonical":"https:\/\/admin.industriall-union.org\/es\/la-industriall-y-if-metall-trabajan-en-una-solucion-en-electrolux-tailandia\/","og_locale":"es_ES","og_type":"article","og_title":"La IndustriALL y IF Metall trabajan en una soluci\u00f3n en Electrolux Tailandia","og_description":"En los mecanismos del Acuerdo Marco Mundial (AMM) entre la IndustriALL y el fabricante sueco de electrodom\u00e9sticos, firmado tambi\u00e9n por IF Metall de","og_url":"https:\/\/admin.industriall-union.org\/es\/la-industriall-y-if-metall-trabajan-en-una-solucion-en-electrolux-tailandia\/","og_site_name":"industriall-union","article_modified_time":"2025-02-08T12:47:25+00:00","twitter_card":"summary_large_image","twitter_misc":{"Est. reading time":"2 minutes"},"schema":{"@context":"https:\/\/schema.org","@graph":[{"@type":"WebPage","@id":"https:\/\/admin.industriall-union.org\/es\/la-industriall-y-if-metall-trabajan-en-una-solucion-en-electrolux-tailandia\/","url":"https:\/\/admin.industriall-union.org\/es\/la-industriall-y-if-metall-trabajan-en-una-solucion-en-electrolux-tailandia\/","name":"La IndustriALL y IF Metall trabajan en una soluci\u00f3n en Electrolux Tailandia - industriall-union","isPartOf":{"@id":"https:\/\/admin.industriall-union.org\/#website"},"datePublished":"2013-04-12T14:33:22+00:00","dateModified":"2025-02-08T12:47:25+00:00","description":"En los mecanismos del Acuerdo Marco Mundial (AMM) entre la IndustriALL y el fabricante sueco de electrodom\u00e9sticos, firmado tambi\u00e9n por IF Metall de","breadcrumb":{"@id":"https:\/\/admin.industriall-union.org\/es\/la-industriall-y-if-metall-trabajan-en-una-solucion-en-electrolux-tailandia\/#breadcrumb"},"inLanguage":"es-ES","potentialAction":[{"@type":"ReadAction","target":["https:\/\/admin.industriall-union.org\/es\/la-industriall-y-if-metall-trabajan-en-una-solucion-en-electrolux-tailandia\/"]}]},{"@type":"BreadcrumbList","@id":"https:\/\/admin.industriall-union.org\/es\/la-industriall-y-if-metall-trabajan-en-una-solucion-en-electrolux-tailandia\/#breadcrumb","itemListElement":[{"@type":"ListItem","position":1,"name":"Home","item":"https:\/\/admin.industriall-union.org\/"},{"@type":"ListItem","position":2,"name":"Articles","item":"https:\/\/admin.industriall-union.org\/article\/"},{"@type":"ListItem","position":3,"name":"La IndustriALL y IF Metall trabajan en una soluci\u00f3n en Electrolux Tailandia"}]},{"@type":"WebSite","@id":"https:\/\/admin.industriall-union.org\/#website","url":"https:\/\/admin.industriall-union.org\/","name":"industriall-union","description":"","potentialAction":[{"@type":"SearchAction","target":{"@type":"EntryPoint","urlTemplate":"https:\/\/admin.industriall-union.org\/?s={search_term_string}"},"query-input":{"@type":"PropertyValueSpecification","valueRequired":true,"valueName":"search_term_string"}}],"inLanguage":"es-ES"}]}},"_links":{"self":[{"href":"https:\/\/admin.industriall-union.org\/es\/wp-json\/wp\/v2\/article\/174214","targetHints":{"allow":["GET"]}}],"collection":[{"href":"https:\/\/admin.industriall-union.org\/es\/wp-json\/wp\/v2\/article"}],"about":[{"href":"https:\/\/admin.industriall-union.org\/es\/wp-json\/wp\/v2\/types\/article"}],"wp:attachment":[{"href":"https:\/\/admin.industriall-union.org\/es\/wp-json\/wp\/v2\/media?parent=174214"}],"wp:term":[{"taxonomy":"issues","embeddable":true,"href":"https:\/\/admin.industriall-union.org\/es\/wp-json\/wp\/v2\/issues?post=174214"},{"taxonomy":"companies","embeddable":true,"href":"https:\/\/admin.industriall-union.org\/es\/wp-json\/wp\/v2\/companies?post=174214"},{"taxonomy":"regions","embeddable":true,"href":"https:\/\/admin.industriall-union.org\/es\/wp-json\/wp\/v2\/regions?post=174214"},{"taxonomy":"sectors","embeddable":true,"href":"https:\/\/admin.industriall-union.org\/es\/wp-json\/wp\/v2\/sectors?post=174214"},{"taxonomy":"article_tags","embeddable":true,"href":"https:\/\/admin.industriall-union.org\/es\/wp-json\/wp\/v2\/article_tags?post=174214"}],"curies":[{"name":"wp","href":"https:\/\/api.w.org\/{rel}","templated":true}]}}