{"id":174143,"date":"2013-04-24T14:50:02","date_gmt":"2013-04-24T14:50:02","guid":{"rendered":"https:\/\/admin.industriall-union.org\/fuerte-movilizacion-de-los-sindicatos-en-brasil-contra-la-subcontratacion\/"},"modified":"2025-02-08T12:37:03","modified_gmt":"2025-02-08T12:37:03","slug":"fuerte-movilizacion-de-los-sindicatos-en-brasil-contra-la-subcontratacion","status":"publish","type":"article","link":"https:\/\/admin.industriall-union.org\/es\/fuerte-movilizacion-de-los-sindicatos-en-brasil-contra-la-subcontratacion\/","title":{"rendered":"Fuerte movilizaci\u00f3n de los sindicatos en Brasil contra la subcontrataci\u00f3n"},"content":{"rendered":"<p>En los \u00faltimos a\u00f1os se han presentado al Parlamento m\u00e1s de 30 proyectos de ley sobre subcontrataci\u00f3n, que hasta ahora no est\u00e1 regulada, en Brasil. El proyecto de ley presentado por el congresista Sandro Mabel, que cuenta con el apoyo de los representantes de las empresas, es el m\u00e1s avanzado en el proceso parlamentario con miras a su aprobaci\u00f3n por el Congreso. La adopci\u00f3n de este texto ser\u00eda motivo de preocupaci\u00f3n por debilitar el empleo permanente y directo en Brasil, al permitir la subcontrataci\u00f3n, inclusive de empleos relacionados con las actividades permanentes y normales de la empresa usuaria.<\/p><p>En el proyecto de ley de Mabel no se toman en consideraci\u00f3n los derechos de los trabajadores y se libera a las empresas de sus obligaciones laborales, traslad\u00e1ndolas a la compa\u00f1\u00eda subcontratante. Tampoco se incluye la obligaci\u00f3n de informar a los sindicatos de los detalles del contrato de prestaci\u00f3n de servicios. Ni se exige a la empresa usuaria que d\u00e9 a los trabajadores subcontratados los mismos servicios ofrecidos a los empleados directos, como los de cafeter\u00eda y prestaciones m\u00e9dicas.<\/p><p>Si bien es necesario regular la subcontrataci\u00f3n en Brasil, en lugar de aportar soluciones a los trabajadores, el proyecto de ley de Mabel agrava su situaci\u00f3n. En la actualidad, los trabajadores subcontratados son unos 10 millones en Brasil y representan el 25 por ciento de la fuerza de trabajo en el sector estructurado. Seg\u00fan un estudio realizado por la CUT, los trabajadores subcontratados tienen una jornada laboral m\u00e1s larga y ganan por t\u00e9rmino medio un 27 por ciento menos que los trabajadores permanentes. Seg\u00fan la misma fuente, 8 de cada 10 accidentes de trabajo afectan a los trabajadores subcontratados.<\/p><p>Los afiliados a la IndustriALL se movilizan contra la adopci\u00f3n de la legislaci\u00f3n. Algunos sindicatos, por medio de miembros del parlamento (MP), han propuesto enmiendas al comit\u00e9 parlamentario que examina el proyecto de ley, y el centro nacional brasile\u00f1o, la CUT (Central Unica dos Trabalhadores) pidi\u00f3 a sus miembros que protestaran el 18 de abril contra la subcontrataci\u00f3n.<\/p><p>En los \u00faltimos a\u00f1os se han organizado muchas manifestaciones en todo el pa\u00eds. En 2011 se cre\u00f3 un foro para la defensa de los trabajadores subcontratados, con la participaci\u00f3n de varios sectores de la sociedad civil (acad\u00e9micos, ONG), que organiza peri\u00f3dicamente actos y reuniones para sensibilizar a los trabajadores y a la sociedad en general. El foro se reuni\u00f3 de nuevo el 19 de abril para establecer una estrategia de campa\u00f1a contra la adopci\u00f3n del texto de Mabel. Los afiliados a la IndustriALL planean enviar cartas a MP sobre esta cuesti\u00f3n y reunirse con miembros del comit\u00e9 parlamentario encargado de preparar el borrador definitivo del proyecto de ley que se debatir\u00e1 luego en el Congreso antes de la aprobaci\u00f3n.<\/p><p>La IndustriALL apoya a sus miembros en la lucha contra la subcontrataci\u00f3n en Brasil y por la protecci\u00f3n de los derechos de los trabajadores y de los sindicatos, y propugna la adopci\u00f3n de un proyecto de ley favorable a los trabajadores.<\/p>","protected":false},"featured_media":0,"template":"","issues":[415],"companies":[],"regions":[261],"sectors":[],"article_tags":[],"class_list":["post-174143","article","type-article","status-publish","hentry","issues-stop-precarious-work","regions-brazil"],"acf":[],"yoast_head":"<!-- This site is optimized with the Yoast SEO Premium plugin v27.1 (Yoast SEO v27.1) - https:\/\/yoast.com\/product\/yoast-seo-premium-wordpress\/ -->\n<title>Fuerte movilizaci\u00f3n de los sindicatos en Brasil contra la subcontrataci\u00f3n - industriall-union<\/title>\n<meta name=\"description\" content=\"En los \u00faltimos a\u00f1os se han presentado al Parlamento m\u00e1s de 30 proyectos de ley sobre subcontrataci\u00f3n, que hasta ahora no est\u00e1 regulada, en Brasil. El\" \/>\n<meta name=\"robots\" content=\"index, follow, max-snippet:-1, max-image-preview:large, max-video-preview:-1\" \/>\n<link rel=\"canonical\" href=\"https:\/\/admin.industriall-union.org\/es\/fuerte-movilizacion-de-los-sindicatos-en-brasil-contra-la-subcontratacion\/\" \/>\n<meta property=\"og:locale\" content=\"es_ES\" \/>\n<meta property=\"og:type\" content=\"article\" \/>\n<meta property=\"og:title\" content=\"Fuerte movilizaci\u00f3n de los sindicatos en Brasil contra la subcontrataci\u00f3n\" \/>\n<meta property=\"og:description\" content=\"En los \u00faltimos a\u00f1os se han presentado al Parlamento m\u00e1s de 30 proyectos de ley sobre subcontrataci\u00f3n, que hasta ahora no est\u00e1 regulada, en Brasil. El\" \/>\n<meta property=\"og:url\" content=\"https:\/\/admin.industriall-union.org\/es\/fuerte-movilizacion-de-los-sindicatos-en-brasil-contra-la-subcontratacion\/\" \/>\n<meta property=\"og:site_name\" content=\"industriall-union\" \/>\n<meta property=\"article:modified_time\" content=\"2025-02-08T12:37:03+00:00\" \/>\n<meta name=\"twitter:card\" content=\"summary_large_image\" \/>\n<meta name=\"twitter:label1\" content=\"Est. reading time\" \/>\n\t<meta name=\"twitter:data1\" content=\"3 minutes\" \/>\n<script type=\"application\/ld+json\" class=\"yoast-schema-graph\">{\"@context\":\"https:\/\/schema.org\",\"@graph\":[{\"@type\":\"WebPage\",\"@id\":\"https:\/\/admin.industriall-union.org\/es\/fuerte-movilizacion-de-los-sindicatos-en-brasil-contra-la-subcontratacion\/\",\"url\":\"https:\/\/admin.industriall-union.org\/es\/fuerte-movilizacion-de-los-sindicatos-en-brasil-contra-la-subcontratacion\/\",\"name\":\"Fuerte movilizaci\u00f3n de los sindicatos en Brasil contra la subcontrataci\u00f3n - industriall-union\",\"isPartOf\":{\"@id\":\"https:\/\/admin.industriall-union.org\/#website\"},\"datePublished\":\"2013-04-24T14:50:02+00:00\",\"dateModified\":\"2025-02-08T12:37:03+00:00\",\"description\":\"En los \u00faltimos a\u00f1os se han presentado al Parlamento m\u00e1s de 30 proyectos de ley sobre subcontrataci\u00f3n, que hasta ahora no est\u00e1 regulada, en Brasil. El\",\"breadcrumb\":{\"@id\":\"https:\/\/admin.industriall-union.org\/es\/fuerte-movilizacion-de-los-sindicatos-en-brasil-contra-la-subcontratacion\/#breadcrumb\"},\"inLanguage\":\"es-ES\",\"potentialAction\":[{\"@type\":\"ReadAction\",\"target\":[\"https:\/\/admin.industriall-union.org\/es\/fuerte-movilizacion-de-los-sindicatos-en-brasil-contra-la-subcontratacion\/\"]}]},{\"@type\":\"BreadcrumbList\",\"@id\":\"https:\/\/admin.industriall-union.org\/es\/fuerte-movilizacion-de-los-sindicatos-en-brasil-contra-la-subcontratacion\/#breadcrumb\",\"itemListElement\":[{\"@type\":\"ListItem\",\"position\":1,\"name\":\"Home\",\"item\":\"https:\/\/admin.industriall-union.org\/\"},{\"@type\":\"ListItem\",\"position\":2,\"name\":\"Articles\",\"item\":\"https:\/\/admin.industriall-union.org\/article\/\"},{\"@type\":\"ListItem\",\"position\":3,\"name\":\"Fuerte movilizaci\u00f3n de los sindicatos en Brasil contra la subcontrataci\u00f3n\"}]},{\"@type\":\"WebSite\",\"@id\":\"https:\/\/admin.industriall-union.org\/#website\",\"url\":\"https:\/\/admin.industriall-union.org\/\",\"name\":\"industriall-union\",\"description\":\"\",\"potentialAction\":[{\"@type\":\"SearchAction\",\"target\":{\"@type\":\"EntryPoint\",\"urlTemplate\":\"https:\/\/admin.industriall-union.org\/?s={search_term_string}\"},\"query-input\":{\"@type\":\"PropertyValueSpecification\",\"valueRequired\":true,\"valueName\":\"search_term_string\"}}],\"inLanguage\":\"es-ES\"}]}<\/script>\n<!-- \/ Yoast SEO Premium plugin. -->","yoast_head_json":{"title":"Fuerte movilizaci\u00f3n de los sindicatos en Brasil contra la subcontrataci\u00f3n - industriall-union","description":"En los \u00faltimos a\u00f1os se han presentado al Parlamento m\u00e1s de 30 proyectos de ley sobre subcontrataci\u00f3n, que hasta ahora no est\u00e1 regulada, en Brasil. El","robots":{"index":"index","follow":"follow","max-snippet":"max-snippet:-1","max-image-preview":"max-image-preview:large","max-video-preview":"max-video-preview:-1"},"canonical":"https:\/\/admin.industriall-union.org\/es\/fuerte-movilizacion-de-los-sindicatos-en-brasil-contra-la-subcontratacion\/","og_locale":"es_ES","og_type":"article","og_title":"Fuerte movilizaci\u00f3n de los sindicatos en Brasil contra la subcontrataci\u00f3n","og_description":"En los \u00faltimos a\u00f1os se han presentado al Parlamento m\u00e1s de 30 proyectos de ley sobre subcontrataci\u00f3n, que hasta ahora no est\u00e1 regulada, en Brasil. El","og_url":"https:\/\/admin.industriall-union.org\/es\/fuerte-movilizacion-de-los-sindicatos-en-brasil-contra-la-subcontratacion\/","og_site_name":"industriall-union","article_modified_time":"2025-02-08T12:37:03+00:00","twitter_card":"summary_large_image","twitter_misc":{"Est. reading time":"3 minutes"},"schema":{"@context":"https:\/\/schema.org","@graph":[{"@type":"WebPage","@id":"https:\/\/admin.industriall-union.org\/es\/fuerte-movilizacion-de-los-sindicatos-en-brasil-contra-la-subcontratacion\/","url":"https:\/\/admin.industriall-union.org\/es\/fuerte-movilizacion-de-los-sindicatos-en-brasil-contra-la-subcontratacion\/","name":"Fuerte movilizaci\u00f3n de los sindicatos en Brasil contra la subcontrataci\u00f3n - industriall-union","isPartOf":{"@id":"https:\/\/admin.industriall-union.org\/#website"},"datePublished":"2013-04-24T14:50:02+00:00","dateModified":"2025-02-08T12:37:03+00:00","description":"En los \u00faltimos a\u00f1os se han presentado al Parlamento m\u00e1s de 30 proyectos de ley sobre subcontrataci\u00f3n, que hasta ahora no est\u00e1 regulada, en Brasil. El","breadcrumb":{"@id":"https:\/\/admin.industriall-union.org\/es\/fuerte-movilizacion-de-los-sindicatos-en-brasil-contra-la-subcontratacion\/#breadcrumb"},"inLanguage":"es-ES","potentialAction":[{"@type":"ReadAction","target":["https:\/\/admin.industriall-union.org\/es\/fuerte-movilizacion-de-los-sindicatos-en-brasil-contra-la-subcontratacion\/"]}]},{"@type":"BreadcrumbList","@id":"https:\/\/admin.industriall-union.org\/es\/fuerte-movilizacion-de-los-sindicatos-en-brasil-contra-la-subcontratacion\/#breadcrumb","itemListElement":[{"@type":"ListItem","position":1,"name":"Home","item":"https:\/\/admin.industriall-union.org\/"},{"@type":"ListItem","position":2,"name":"Articles","item":"https:\/\/admin.industriall-union.org\/article\/"},{"@type":"ListItem","position":3,"name":"Fuerte movilizaci\u00f3n de los sindicatos en Brasil contra la subcontrataci\u00f3n"}]},{"@type":"WebSite","@id":"https:\/\/admin.industriall-union.org\/#website","url":"https:\/\/admin.industriall-union.org\/","name":"industriall-union","description":"","potentialAction":[{"@type":"SearchAction","target":{"@type":"EntryPoint","urlTemplate":"https:\/\/admin.industriall-union.org\/?s={search_term_string}"},"query-input":{"@type":"PropertyValueSpecification","valueRequired":true,"valueName":"search_term_string"}}],"inLanguage":"es-ES"}]}},"_links":{"self":[{"href":"https:\/\/admin.industriall-union.org\/es\/wp-json\/wp\/v2\/article\/174143","targetHints":{"allow":["GET"]}}],"collection":[{"href":"https:\/\/admin.industriall-union.org\/es\/wp-json\/wp\/v2\/article"}],"about":[{"href":"https:\/\/admin.industriall-union.org\/es\/wp-json\/wp\/v2\/types\/article"}],"wp:attachment":[{"href":"https:\/\/admin.industriall-union.org\/es\/wp-json\/wp\/v2\/media?parent=174143"}],"wp:term":[{"taxonomy":"issues","embeddable":true,"href":"https:\/\/admin.industriall-union.org\/es\/wp-json\/wp\/v2\/issues?post=174143"},{"taxonomy":"companies","embeddable":true,"href":"https:\/\/admin.industriall-union.org\/es\/wp-json\/wp\/v2\/companies?post=174143"},{"taxonomy":"regions","embeddable":true,"href":"https:\/\/admin.industriall-union.org\/es\/wp-json\/wp\/v2\/regions?post=174143"},{"taxonomy":"sectors","embeddable":true,"href":"https:\/\/admin.industriall-union.org\/es\/wp-json\/wp\/v2\/sectors?post=174143"},{"taxonomy":"article_tags","embeddable":true,"href":"https:\/\/admin.industriall-union.org\/es\/wp-json\/wp\/v2\/article_tags?post=174143"}],"curies":[{"name":"wp","href":"https:\/\/api.w.org\/{rel}","templated":true}]}}