{"id":174069,"date":"2013-05-09T16:06:51","date_gmt":"2013-05-09T16:06:51","guid":{"rendered":"https:\/\/admin.industriall-union.org\/trabajadores-egipcios-alzan-sus-voces-libres\/"},"modified":"2025-02-08T12:15:18","modified_gmt":"2025-02-08T12:15:18","slug":"trabajadores-egipcios-alzan-sus-voces-libres","status":"publish","type":"article","link":"https:\/\/admin.industriall-union.org\/es\/trabajadores-egipcios-alzan-sus-voces-libres\/","title":{"rendered":"Trabajadores egipcios alzan sus voces libres"},"content":{"rendered":"<p>A finales de abril se celebr\u00f3 en El Cairo un primer seminario de planificaci\u00f3n y evaluaci\u00f3n de dos d\u00edas, con la asistencia de unos cincuenta participantes de diferentes sectores en el \u00e1mbito de la IndustriALL.<\/p><p>El seminario dio la bienvenida a los dirigentes de la Federaci\u00f3n Egipcia de Sindicatos Independientes (EFITU), Kamal Abu Aita, y de la Confederaci\u00f3n Democr\u00e1tica del Trabajo Egipcia (EDLC), Yousri Marouf, en sus sesiones de apertura. Abu Aita y Marouf destacaron la importancia de la solidaridad sindical mundial en el proceso de establecer un movimiento sindical libre y democr\u00e1tico en Egipto.<\/p><p>El secretario general adjunto de la IndustriALL, Kemal \u00d6zkan, y el miembro del Comit\u00e9 Ejecutivo y del Comit\u00e9 de Finanzas, Tahar Berberi, figuraron tambi\u00e9n entre los asistentes y explicaron las pol\u00edticas y las pr\u00e1cticas del sindicato mundial a niveles global y regional. Esto dio lugar a un debate sobre los principales desaf\u00edos que afrontan los sindicatos independientes en el pa\u00eds. Las intervenciones estatales y los obst\u00e1culos en la recaudaci\u00f3n de las cuotas sindicales se consideraron, entre otras cosas, entre las mayores dificultades en el florecimiento de los nuevos sindicatos.<\/p><p>Los participantes debatieron ampliamente sobre las normas internacionales del trabajo, tras la presentaci\u00f3n de la IndustriALL y del representante de la ACTRAV de la OIT, Mohamed Trabelsi. Los derechos y las libertades sindicales se debatieron en el contexto de la elaboraci\u00f3n de legislaci\u00f3n laboral en Egipto, a trav\u00e9s de una presentaci\u00f3n del Dr. Rafaat Dessouki, de la Universidad de Ainshams.<\/p><p>Los delegados abordaron los temas de la organizaci\u00f3n sindical y las campa\u00f1as utilizando instrumentos con una visi\u00f3n general de las Directrices de la OCDE y los Acuerdos Marco Mundiales. Los participantes plantearon varios conflictos y problemas laborales en curso, y se discutieron las etapas de seguimiento mediante la solidaridad sindical mundial. La delegaci\u00f3n de la IndustriALL visit\u00f3 tambi\u00e9n a los piquetes organizados en la Bahayra Company para la recuperaci\u00f3n de tierras y los Servicios en los yacimientos petrol\u00edferos de Schlumberger en la ciudad de All-Qatemaya.<\/p><p>Los delegados trabajaron en grupos sobre la creaci\u00f3n de una cultura de labor conjunta en la creaci\u00f3n de fuerza sindical nacional y estructuras adecuadas. El programa de la &nbsp;IndustiALL continuar\u00e1 con otras actividades en varias ciudades como Alejandr\u00eda y Mahalla en los meses venideros.<\/p><p>La IndustriALL Global Union particip\u00f3 adem\u00e1s en la Marcha y la Manifestaci\u00f3n del Primero de Mayo en la Plaza Tahrir, en El Cairo. Sindicatos independientes, partidos pol\u00edticos y organizaciones de la sociedad civil combinaron sus fuerzas para expresar las demandas de la sociedad egipcia, con el lema &ldquo;Queremos trabajar, queremos salarios decentes y queremos sindicatos libres&rdquo;. Seg\u00fan un reciente estudio, las huelgas laborales y las protestas sociales se han duplicado con creces desde las \u00faltimas elecciones presidenciales, y es probable que sigan haci\u00e9ndolo.<\/p><p>La IndustriALL Global Union se enorgullece de estar presente codo con codo con los trabajadores y la sociedad egipcios en apoyo de sus demandas de una democracia real y de verdaderos derechos humanos y sindicales&rdquo;, dijo Kemal \u00d6zkan, secretario general adjunto. &ldquo;Egipto seguir\u00e1 siendo uno de nuestros pa\u00edses prioritarios, y nuestro programa especial continuar\u00e1 ampliamente.&rdquo;<\/p>","protected":false},"featured_media":0,"template":"","issues":[396,399,425],"companies":[],"regions":[291],"sectors":[],"article_tags":[516],"class_list":["post-174069","article","type-article","status-publish","hentry","issues-building-strong-unions","issues-union-building","issues-workers-rights","regions-egypt","article_tags-may-day"],"acf":[],"yoast_head":"<!-- This site is optimized with the Yoast SEO Premium plugin v27.1 (Yoast SEO v27.1) - https:\/\/yoast.com\/product\/yoast-seo-premium-wordpress\/ -->\n<title>Trabajadores egipcios alzan sus voces libres - industriall-union<\/title>\n<meta name=\"description\" content=\"A finales de abril se celebr\u00f3 en El Cairo un primer seminario de planificaci\u00f3n y evaluaci\u00f3n de dos d\u00edas, con la asistencia de unos cincuenta participantes\" \/>\n<meta name=\"robots\" content=\"index, follow, max-snippet:-1, max-image-preview:large, max-video-preview:-1\" \/>\n<link rel=\"canonical\" href=\"https:\/\/admin.industriall-union.org\/es\/trabajadores-egipcios-alzan-sus-voces-libres\/\" \/>\n<meta property=\"og:locale\" content=\"es_ES\" \/>\n<meta property=\"og:type\" content=\"article\" \/>\n<meta property=\"og:title\" content=\"Trabajadores egipcios alzan sus voces libres\" \/>\n<meta property=\"og:description\" content=\"A finales de abril se celebr\u00f3 en El Cairo un primer seminario de planificaci\u00f3n y evaluaci\u00f3n de dos d\u00edas, con la asistencia de unos cincuenta participantes\" \/>\n<meta property=\"og:url\" content=\"https:\/\/admin.industriall-union.org\/es\/trabajadores-egipcios-alzan-sus-voces-libres\/\" \/>\n<meta property=\"og:site_name\" content=\"industriall-union\" \/>\n<meta property=\"article:modified_time\" content=\"2025-02-08T12:15:18+00:00\" \/>\n<meta name=\"twitter:card\" content=\"summary_large_image\" \/>\n<meta name=\"twitter:label1\" content=\"Est. reading time\" \/>\n\t<meta name=\"twitter:data1\" content=\"3 minutes\" \/>\n<script type=\"application\/ld+json\" class=\"yoast-schema-graph\">{\"@context\":\"https:\/\/schema.org\",\"@graph\":[{\"@type\":\"WebPage\",\"@id\":\"https:\/\/admin.industriall-union.org\/es\/trabajadores-egipcios-alzan-sus-voces-libres\/\",\"url\":\"https:\/\/admin.industriall-union.org\/es\/trabajadores-egipcios-alzan-sus-voces-libres\/\",\"name\":\"Trabajadores egipcios alzan sus voces libres - industriall-union\",\"isPartOf\":{\"@id\":\"https:\/\/admin.industriall-union.org\/#website\"},\"datePublished\":\"2013-05-09T16:06:51+00:00\",\"dateModified\":\"2025-02-08T12:15:18+00:00\",\"description\":\"A finales de abril se celebr\u00f3 en El Cairo un primer seminario de planificaci\u00f3n y evaluaci\u00f3n de dos d\u00edas, con la asistencia de unos cincuenta participantes\",\"breadcrumb\":{\"@id\":\"https:\/\/admin.industriall-union.org\/es\/trabajadores-egipcios-alzan-sus-voces-libres\/#breadcrumb\"},\"inLanguage\":\"es-ES\",\"potentialAction\":[{\"@type\":\"ReadAction\",\"target\":[\"https:\/\/admin.industriall-union.org\/es\/trabajadores-egipcios-alzan-sus-voces-libres\/\"]}]},{\"@type\":\"BreadcrumbList\",\"@id\":\"https:\/\/admin.industriall-union.org\/es\/trabajadores-egipcios-alzan-sus-voces-libres\/#breadcrumb\",\"itemListElement\":[{\"@type\":\"ListItem\",\"position\":1,\"name\":\"Home\",\"item\":\"https:\/\/admin.industriall-union.org\/\"},{\"@type\":\"ListItem\",\"position\":2,\"name\":\"Articles\",\"item\":\"https:\/\/admin.industriall-union.org\/article\/\"},{\"@type\":\"ListItem\",\"position\":3,\"name\":\"Trabajadores egipcios alzan sus voces libres\"}]},{\"@type\":\"WebSite\",\"@id\":\"https:\/\/admin.industriall-union.org\/#website\",\"url\":\"https:\/\/admin.industriall-union.org\/\",\"name\":\"industriall-union\",\"description\":\"\",\"potentialAction\":[{\"@type\":\"SearchAction\",\"target\":{\"@type\":\"EntryPoint\",\"urlTemplate\":\"https:\/\/admin.industriall-union.org\/?s={search_term_string}\"},\"query-input\":{\"@type\":\"PropertyValueSpecification\",\"valueRequired\":true,\"valueName\":\"search_term_string\"}}],\"inLanguage\":\"es-ES\"}]}<\/script>\n<!-- \/ Yoast SEO Premium plugin. -->","yoast_head_json":{"title":"Trabajadores egipcios alzan sus voces libres - industriall-union","description":"A finales de abril se celebr\u00f3 en El Cairo un primer seminario de planificaci\u00f3n y evaluaci\u00f3n de dos d\u00edas, con la asistencia de unos cincuenta participantes","robots":{"index":"index","follow":"follow","max-snippet":"max-snippet:-1","max-image-preview":"max-image-preview:large","max-video-preview":"max-video-preview:-1"},"canonical":"https:\/\/admin.industriall-union.org\/es\/trabajadores-egipcios-alzan-sus-voces-libres\/","og_locale":"es_ES","og_type":"article","og_title":"Trabajadores egipcios alzan sus voces libres","og_description":"A finales de abril se celebr\u00f3 en El Cairo un primer seminario de planificaci\u00f3n y evaluaci\u00f3n de dos d\u00edas, con la asistencia de unos cincuenta participantes","og_url":"https:\/\/admin.industriall-union.org\/es\/trabajadores-egipcios-alzan-sus-voces-libres\/","og_site_name":"industriall-union","article_modified_time":"2025-02-08T12:15:18+00:00","twitter_card":"summary_large_image","twitter_misc":{"Est. reading time":"3 minutes"},"schema":{"@context":"https:\/\/schema.org","@graph":[{"@type":"WebPage","@id":"https:\/\/admin.industriall-union.org\/es\/trabajadores-egipcios-alzan-sus-voces-libres\/","url":"https:\/\/admin.industriall-union.org\/es\/trabajadores-egipcios-alzan-sus-voces-libres\/","name":"Trabajadores egipcios alzan sus voces libres - industriall-union","isPartOf":{"@id":"https:\/\/admin.industriall-union.org\/#website"},"datePublished":"2013-05-09T16:06:51+00:00","dateModified":"2025-02-08T12:15:18+00:00","description":"A finales de abril se celebr\u00f3 en El Cairo un primer seminario de planificaci\u00f3n y evaluaci\u00f3n de dos d\u00edas, con la asistencia de unos cincuenta participantes","breadcrumb":{"@id":"https:\/\/admin.industriall-union.org\/es\/trabajadores-egipcios-alzan-sus-voces-libres\/#breadcrumb"},"inLanguage":"es-ES","potentialAction":[{"@type":"ReadAction","target":["https:\/\/admin.industriall-union.org\/es\/trabajadores-egipcios-alzan-sus-voces-libres\/"]}]},{"@type":"BreadcrumbList","@id":"https:\/\/admin.industriall-union.org\/es\/trabajadores-egipcios-alzan-sus-voces-libres\/#breadcrumb","itemListElement":[{"@type":"ListItem","position":1,"name":"Home","item":"https:\/\/admin.industriall-union.org\/"},{"@type":"ListItem","position":2,"name":"Articles","item":"https:\/\/admin.industriall-union.org\/article\/"},{"@type":"ListItem","position":3,"name":"Trabajadores egipcios alzan sus voces libres"}]},{"@type":"WebSite","@id":"https:\/\/admin.industriall-union.org\/#website","url":"https:\/\/admin.industriall-union.org\/","name":"industriall-union","description":"","potentialAction":[{"@type":"SearchAction","target":{"@type":"EntryPoint","urlTemplate":"https:\/\/admin.industriall-union.org\/?s={search_term_string}"},"query-input":{"@type":"PropertyValueSpecification","valueRequired":true,"valueName":"search_term_string"}}],"inLanguage":"es-ES"}]}},"_links":{"self":[{"href":"https:\/\/admin.industriall-union.org\/es\/wp-json\/wp\/v2\/article\/174069","targetHints":{"allow":["GET"]}}],"collection":[{"href":"https:\/\/admin.industriall-union.org\/es\/wp-json\/wp\/v2\/article"}],"about":[{"href":"https:\/\/admin.industriall-union.org\/es\/wp-json\/wp\/v2\/types\/article"}],"wp:attachment":[{"href":"https:\/\/admin.industriall-union.org\/es\/wp-json\/wp\/v2\/media?parent=174069"}],"wp:term":[{"taxonomy":"issues","embeddable":true,"href":"https:\/\/admin.industriall-union.org\/es\/wp-json\/wp\/v2\/issues?post=174069"},{"taxonomy":"companies","embeddable":true,"href":"https:\/\/admin.industriall-union.org\/es\/wp-json\/wp\/v2\/companies?post=174069"},{"taxonomy":"regions","embeddable":true,"href":"https:\/\/admin.industriall-union.org\/es\/wp-json\/wp\/v2\/regions?post=174069"},{"taxonomy":"sectors","embeddable":true,"href":"https:\/\/admin.industriall-union.org\/es\/wp-json\/wp\/v2\/sectors?post=174069"},{"taxonomy":"article_tags","embeddable":true,"href":"https:\/\/admin.industriall-union.org\/es\/wp-json\/wp\/v2\/article_tags?post=174069"}],"curies":[{"name":"wp","href":"https:\/\/api.w.org\/{rel}","templated":true}]}}