{"id":174019,"date":"2013-05-16T11:44:00","date_gmt":"2013-05-16T11:44:00","guid":{"rendered":"https:\/\/admin.industriall-union.org\/el-usw-lanza-una-campana-contra-el-trabajo-precario-en-canada\/"},"modified":"2025-02-08T12:00:43","modified_gmt":"2025-02-08T12:00:43","slug":"el-usw-lanza-una-campana-contra-el-trabajo-precario-en-canada","status":"publish","type":"article","link":"https:\/\/admin.industriall-union.org\/es\/el-usw-lanza-una-campana-contra-el-trabajo-precario-en-canada\/","title":{"rendered":"El USW lanza una campa\u00f1a contra el trabajo precario en Canad\u00e1"},"content":{"rendered":"<p><em>&quot;Como sindicato que representa a 225.000 trabajadores y sus familias, tenemos la doble responsabilidad de garantizar que los sueldos y las condiciones de trabajo canadienses no son degradados por una clase permanente de trabajadores muy explotados y mal remunerados&rdquo;, dijo Ken Neumann, director nacional del USW. &ldquo;Tambi\u00e9n exigimos que los trabajadores que vienen a nuestro pa\u00eds sean tratados con dignidad y respeto.&rdquo;&quot;<\/em><\/p><p>Uno de los principales objetivos de la campa\u00f1a es lograr protecciones sumamente necesarias para los trabajadores temporeros en Canad\u00e1, que comprenden:<\/p><ul><li style=\"margin-left: 3.75pt\">ofrecer un camino claro y m\u00e1s r\u00e1pido para la residencia permanente y la ciudadan\u00eda, en particular para los trabajadores menos calificados<\/li><li style=\"margin-left: 3.75pt\">lograr que los trabajadores temporeros tengan los mismos derechos como ciudadanos<\/li><li style=\"margin-left: 3.75pt\">sanciones m\u00e1s fuertes y m\u00e1s estrictas para los empleadores que violan las disposiciones sobre los trabajadores temporeros.<\/li><\/ul><p>Desde 2008, el n\u00famero de trabajadores extranjeros temporeros ha aumentado en 24.000 o el 60% en Toronto, 18.000 o el 70% en Quebec, y 5.000 o el 80% en las provincias del Atl\u00e1ntico. El TFWP, creado en 1973, permite a los empleadores contratar a trabajadores de otros pa\u00edses para empleo temporal cuando no se dispone de canadienses o de residentes permanentes o cuando es probable que la entrada de trabajadores extranjeros tenga un efecto positivo en el mercado laboral canadiense. Sin embargo, las empresas y los empleadores abusan del programa. En 2012, este programa representaba casi 340.000 trabajadores temporeros.<\/p><p>Seg\u00fan el TFWP, el derecho de los trabajadores temporeros a permanecer y trabajar en Canad\u00e1 est\u00e1 vinculado a un solo empleador, lo que les hace particularmente vulnerables. Son numerosos y bien conocidos los abusos cometidos con los trabajadores extranjeros.<\/p><p>Puede encontrarse informaci\u00f3n sobre la campa\u00f1a en <a href=\"http:\/\/www.everyoneschance.ca\">www.everyoneschance.ca<\/a><\/p>","protected":false},"featured_media":0,"template":"","issues":[415],"companies":[],"regions":[309],"sectors":[],"article_tags":[535],"class_list":["post-174019","article","type-article","status-publish","hentry","issues-stop-precarious-work","regions-canada","article_tags-world-day-for-decent-work-wddw"],"acf":[],"yoast_head":"<!-- This site is optimized with the Yoast SEO Premium plugin v27.1 (Yoast SEO v27.1) - https:\/\/yoast.com\/product\/yoast-seo-premium-wordpress\/ -->\n<title>El USW lanza una campa\u00f1a contra el trabajo precario en Canad\u00e1 - industriall-union<\/title>\n<meta name=\"description\" content=\"&quot;Como sindicato que representa a 225.000 trabajadores y sus familias, tenemos la doble responsabilidad de garantizar que los sueldos y las\" \/>\n<meta name=\"robots\" content=\"index, follow, max-snippet:-1, max-image-preview:large, max-video-preview:-1\" \/>\n<link rel=\"canonical\" href=\"https:\/\/admin.industriall-union.org\/es\/el-usw-lanza-una-campana-contra-el-trabajo-precario-en-canada\/\" \/>\n<meta property=\"og:locale\" content=\"es_ES\" \/>\n<meta property=\"og:type\" content=\"article\" \/>\n<meta property=\"og:title\" content=\"El USW lanza una campa\u00f1a contra el trabajo precario en Canad\u00e1\" \/>\n<meta property=\"og:description\" content=\"&quot;Como sindicato que representa a 225.000 trabajadores y sus familias, tenemos la doble responsabilidad de garantizar que los sueldos y las\" \/>\n<meta property=\"og:url\" content=\"https:\/\/admin.industriall-union.org\/es\/el-usw-lanza-una-campana-contra-el-trabajo-precario-en-canada\/\" \/>\n<meta property=\"og:site_name\" content=\"industriall-union\" \/>\n<meta property=\"article:modified_time\" content=\"2025-02-08T12:00:43+00:00\" \/>\n<meta name=\"twitter:card\" content=\"summary_large_image\" \/>\n<meta name=\"twitter:label1\" content=\"Est. reading time\" \/>\n\t<meta name=\"twitter:data1\" content=\"1 minute\" \/>\n<script type=\"application\/ld+json\" class=\"yoast-schema-graph\">{\"@context\":\"https:\/\/schema.org\",\"@graph\":[{\"@type\":\"WebPage\",\"@id\":\"https:\/\/admin.industriall-union.org\/es\/el-usw-lanza-una-campana-contra-el-trabajo-precario-en-canada\/\",\"url\":\"https:\/\/admin.industriall-union.org\/es\/el-usw-lanza-una-campana-contra-el-trabajo-precario-en-canada\/\",\"name\":\"El USW lanza una campa\u00f1a contra el trabajo precario en Canad\u00e1 - industriall-union\",\"isPartOf\":{\"@id\":\"https:\/\/admin.industriall-union.org\/#website\"},\"datePublished\":\"2013-05-16T11:44:00+00:00\",\"dateModified\":\"2025-02-08T12:00:43+00:00\",\"description\":\"&quot;Como sindicato que representa a 225.000 trabajadores y sus familias, tenemos la doble responsabilidad de garantizar que los sueldos y las\",\"breadcrumb\":{\"@id\":\"https:\/\/admin.industriall-union.org\/es\/el-usw-lanza-una-campana-contra-el-trabajo-precario-en-canada\/#breadcrumb\"},\"inLanguage\":\"es-ES\",\"potentialAction\":[{\"@type\":\"ReadAction\",\"target\":[\"https:\/\/admin.industriall-union.org\/es\/el-usw-lanza-una-campana-contra-el-trabajo-precario-en-canada\/\"]}]},{\"@type\":\"BreadcrumbList\",\"@id\":\"https:\/\/admin.industriall-union.org\/es\/el-usw-lanza-una-campana-contra-el-trabajo-precario-en-canada\/#breadcrumb\",\"itemListElement\":[{\"@type\":\"ListItem\",\"position\":1,\"name\":\"Home\",\"item\":\"https:\/\/admin.industriall-union.org\/\"},{\"@type\":\"ListItem\",\"position\":2,\"name\":\"Articles\",\"item\":\"https:\/\/admin.industriall-union.org\/article\/\"},{\"@type\":\"ListItem\",\"position\":3,\"name\":\"El USW lanza una campa\u00f1a contra el trabajo precario en Canad\u00e1\"}]},{\"@type\":\"WebSite\",\"@id\":\"https:\/\/admin.industriall-union.org\/#website\",\"url\":\"https:\/\/admin.industriall-union.org\/\",\"name\":\"industriall-union\",\"description\":\"\",\"potentialAction\":[{\"@type\":\"SearchAction\",\"target\":{\"@type\":\"EntryPoint\",\"urlTemplate\":\"https:\/\/admin.industriall-union.org\/?s={search_term_string}\"},\"query-input\":{\"@type\":\"PropertyValueSpecification\",\"valueRequired\":true,\"valueName\":\"search_term_string\"}}],\"inLanguage\":\"es-ES\"}]}<\/script>\n<!-- \/ Yoast SEO Premium plugin. -->","yoast_head_json":{"title":"El USW lanza una campa\u00f1a contra el trabajo precario en Canad\u00e1 - industriall-union","description":"&quot;Como sindicato que representa a 225.000 trabajadores y sus familias, tenemos la doble responsabilidad de garantizar que los sueldos y las","robots":{"index":"index","follow":"follow","max-snippet":"max-snippet:-1","max-image-preview":"max-image-preview:large","max-video-preview":"max-video-preview:-1"},"canonical":"https:\/\/admin.industriall-union.org\/es\/el-usw-lanza-una-campana-contra-el-trabajo-precario-en-canada\/","og_locale":"es_ES","og_type":"article","og_title":"El USW lanza una campa\u00f1a contra el trabajo precario en Canad\u00e1","og_description":"&quot;Como sindicato que representa a 225.000 trabajadores y sus familias, tenemos la doble responsabilidad de garantizar que los sueldos y las","og_url":"https:\/\/admin.industriall-union.org\/es\/el-usw-lanza-una-campana-contra-el-trabajo-precario-en-canada\/","og_site_name":"industriall-union","article_modified_time":"2025-02-08T12:00:43+00:00","twitter_card":"summary_large_image","twitter_misc":{"Est. reading time":"1 minute"},"schema":{"@context":"https:\/\/schema.org","@graph":[{"@type":"WebPage","@id":"https:\/\/admin.industriall-union.org\/es\/el-usw-lanza-una-campana-contra-el-trabajo-precario-en-canada\/","url":"https:\/\/admin.industriall-union.org\/es\/el-usw-lanza-una-campana-contra-el-trabajo-precario-en-canada\/","name":"El USW lanza una campa\u00f1a contra el trabajo precario en Canad\u00e1 - industriall-union","isPartOf":{"@id":"https:\/\/admin.industriall-union.org\/#website"},"datePublished":"2013-05-16T11:44:00+00:00","dateModified":"2025-02-08T12:00:43+00:00","description":"&quot;Como sindicato que representa a 225.000 trabajadores y sus familias, tenemos la doble responsabilidad de garantizar que los sueldos y las","breadcrumb":{"@id":"https:\/\/admin.industriall-union.org\/es\/el-usw-lanza-una-campana-contra-el-trabajo-precario-en-canada\/#breadcrumb"},"inLanguage":"es-ES","potentialAction":[{"@type":"ReadAction","target":["https:\/\/admin.industriall-union.org\/es\/el-usw-lanza-una-campana-contra-el-trabajo-precario-en-canada\/"]}]},{"@type":"BreadcrumbList","@id":"https:\/\/admin.industriall-union.org\/es\/el-usw-lanza-una-campana-contra-el-trabajo-precario-en-canada\/#breadcrumb","itemListElement":[{"@type":"ListItem","position":1,"name":"Home","item":"https:\/\/admin.industriall-union.org\/"},{"@type":"ListItem","position":2,"name":"Articles","item":"https:\/\/admin.industriall-union.org\/article\/"},{"@type":"ListItem","position":3,"name":"El USW lanza una campa\u00f1a contra el trabajo precario en Canad\u00e1"}]},{"@type":"WebSite","@id":"https:\/\/admin.industriall-union.org\/#website","url":"https:\/\/admin.industriall-union.org\/","name":"industriall-union","description":"","potentialAction":[{"@type":"SearchAction","target":{"@type":"EntryPoint","urlTemplate":"https:\/\/admin.industriall-union.org\/?s={search_term_string}"},"query-input":{"@type":"PropertyValueSpecification","valueRequired":true,"valueName":"search_term_string"}}],"inLanguage":"es-ES"}]}},"_links":{"self":[{"href":"https:\/\/admin.industriall-union.org\/es\/wp-json\/wp\/v2\/article\/174019","targetHints":{"allow":["GET"]}}],"collection":[{"href":"https:\/\/admin.industriall-union.org\/es\/wp-json\/wp\/v2\/article"}],"about":[{"href":"https:\/\/admin.industriall-union.org\/es\/wp-json\/wp\/v2\/types\/article"}],"wp:attachment":[{"href":"https:\/\/admin.industriall-union.org\/es\/wp-json\/wp\/v2\/media?parent=174019"}],"wp:term":[{"taxonomy":"issues","embeddable":true,"href":"https:\/\/admin.industriall-union.org\/es\/wp-json\/wp\/v2\/issues?post=174019"},{"taxonomy":"companies","embeddable":true,"href":"https:\/\/admin.industriall-union.org\/es\/wp-json\/wp\/v2\/companies?post=174019"},{"taxonomy":"regions","embeddable":true,"href":"https:\/\/admin.industriall-union.org\/es\/wp-json\/wp\/v2\/regions?post=174019"},{"taxonomy":"sectors","embeddable":true,"href":"https:\/\/admin.industriall-union.org\/es\/wp-json\/wp\/v2\/sectors?post=174019"},{"taxonomy":"article_tags","embeddable":true,"href":"https:\/\/admin.industriall-union.org\/es\/wp-json\/wp\/v2\/article_tags?post=174019"}],"curies":[{"name":"wp","href":"https:\/\/api.w.org\/{rel}","templated":true}]}}