{"id":173964,"date":"2013-05-22T13:25:47","date_gmt":"2013-05-22T13:25:47","guid":{"rendered":"https:\/\/admin.industriall-union.org\/el-num-presenta-sus-demandas-salariales-a-la-camara-de-minas\/"},"modified":"2025-02-08T11:46:10","modified_gmt":"2025-02-08T11:46:10","slug":"el-num-presenta-sus-demandas-salariales-a-la-camara-de-minas","status":"publish","type":"article","link":"https:\/\/admin.industriall-union.org\/es\/el-num-presenta-sus-demandas-salariales-a-la-camara-de-minas\/","title":{"rendered":"El NUM presenta sus demandas salariales a la C\u00e1mara de Minas"},"content":{"rendered":"<p>El sindicato pide que los trabajadores de superficie reciban como m\u00ednimo 7.000 R, y los trabajadores bajo tierra y a cielo abierto 8.000 R mensuales. Para todas las dem\u00e1s categor\u00edas, el NUM solicita un aumento del 15%. Adem\u00e1s, el sindicato exige que los empleos de las categor\u00edas de operadores de perforaci\u00f3n de roca pasen a la categor\u00eda 8, y que otras categor\u00edas de operadores pasen a la categor\u00eda 7.<\/p><p>Estas demandas est\u00e1n respaldadas por muchos estudios, que han revelado que, si bien&nbsp; los salarios netos han aumentado en el transcurso del tiempo, el salario disponible ha estado sometido a fuerte presi\u00f3n debido a los efectos de la inflaci\u00f3n y a otros gastos realizados para mantener el modesto nivel de vida de un trabajador,<\/p><p>dice Frans Baleni, el secretario general del NUM.<\/p><p>Adem\u00e1s de todo esto, el sindicato ha presentado otras demandas relacionadas con el subsidio de vivienda, el subsidio de mercado, el subsidio de transporte, la asignaci\u00f3n por riesgo, y dietas. Estas demandas corresponden a los empleadores de las minas de oro y de carb\u00f3n afiliados a la C\u00e1mara de Minas.<\/p><p>El NUM esperar\u00e1 una respuesta de la C\u00e1mara de Minas hasta el momento de comenzar las negociaciones.<\/p>","protected":false},"featured_media":0,"template":"","issues":[],"companies":[],"regions":[350],"sectors":[494],"article_tags":[505],"class_list":["post-173964","article","type-article","status-publish","hentry","regions-south-africa","sectors-mining-and-dgojp","article_tags-collective-bargaining"],"acf":[],"yoast_head":"<!-- This site is optimized with the Yoast SEO Premium plugin v27.1 (Yoast SEO v27.1) - https:\/\/yoast.com\/product\/yoast-seo-premium-wordpress\/ -->\n<title>El NUM presenta sus demandas salariales a la C\u00e1mara de Minas - industriall-union<\/title>\n<meta name=\"description\" content=\"El sindicato pide que los trabajadores de superficie reciban como m\u00ednimo 7.000 R, y los trabajadores bajo tierra y a cielo abierto 8.000 R mensuales. Para\" \/>\n<meta name=\"robots\" content=\"index, follow, max-snippet:-1, max-image-preview:large, max-video-preview:-1\" \/>\n<link rel=\"canonical\" href=\"https:\/\/admin.industriall-union.org\/es\/el-num-presenta-sus-demandas-salariales-a-la-camara-de-minas\/\" \/>\n<meta property=\"og:locale\" content=\"es_ES\" \/>\n<meta property=\"og:type\" content=\"article\" \/>\n<meta property=\"og:title\" content=\"El NUM presenta sus demandas salariales a la C\u00e1mara de Minas\" \/>\n<meta property=\"og:description\" content=\"El sindicato pide que los trabajadores de superficie reciban como m\u00ednimo 7.000 R, y los trabajadores bajo tierra y a cielo abierto 8.000 R mensuales. Para\" \/>\n<meta property=\"og:url\" content=\"https:\/\/admin.industriall-union.org\/es\/el-num-presenta-sus-demandas-salariales-a-la-camara-de-minas\/\" \/>\n<meta property=\"og:site_name\" content=\"industriall-union\" \/>\n<meta property=\"article:modified_time\" content=\"2025-02-08T11:46:10+00:00\" \/>\n<meta name=\"twitter:card\" content=\"summary_large_image\" \/>\n<meta name=\"twitter:label1\" content=\"Est. reading time\" \/>\n\t<meta name=\"twitter:data1\" content=\"1 minute\" \/>\n<script type=\"application\/ld+json\" class=\"yoast-schema-graph\">{\"@context\":\"https:\/\/schema.org\",\"@graph\":[{\"@type\":\"WebPage\",\"@id\":\"https:\/\/admin.industriall-union.org\/es\/el-num-presenta-sus-demandas-salariales-a-la-camara-de-minas\/\",\"url\":\"https:\/\/admin.industriall-union.org\/es\/el-num-presenta-sus-demandas-salariales-a-la-camara-de-minas\/\",\"name\":\"El NUM presenta sus demandas salariales a la C\u00e1mara de Minas - industriall-union\",\"isPartOf\":{\"@id\":\"https:\/\/admin.industriall-union.org\/#website\"},\"datePublished\":\"2013-05-22T13:25:47+00:00\",\"dateModified\":\"2025-02-08T11:46:10+00:00\",\"description\":\"El sindicato pide que los trabajadores de superficie reciban como m\u00ednimo 7.000 R, y los trabajadores bajo tierra y a cielo abierto 8.000 R mensuales. Para\",\"breadcrumb\":{\"@id\":\"https:\/\/admin.industriall-union.org\/es\/el-num-presenta-sus-demandas-salariales-a-la-camara-de-minas\/#breadcrumb\"},\"inLanguage\":\"es-ES\",\"potentialAction\":[{\"@type\":\"ReadAction\",\"target\":[\"https:\/\/admin.industriall-union.org\/es\/el-num-presenta-sus-demandas-salariales-a-la-camara-de-minas\/\"]}]},{\"@type\":\"BreadcrumbList\",\"@id\":\"https:\/\/admin.industriall-union.org\/es\/el-num-presenta-sus-demandas-salariales-a-la-camara-de-minas\/#breadcrumb\",\"itemListElement\":[{\"@type\":\"ListItem\",\"position\":1,\"name\":\"Home\",\"item\":\"https:\/\/admin.industriall-union.org\/\"},{\"@type\":\"ListItem\",\"position\":2,\"name\":\"Articles\",\"item\":\"https:\/\/admin.industriall-union.org\/article\/\"},{\"@type\":\"ListItem\",\"position\":3,\"name\":\"El NUM presenta sus demandas salariales a la C\u00e1mara de Minas\"}]},{\"@type\":\"WebSite\",\"@id\":\"https:\/\/admin.industriall-union.org\/#website\",\"url\":\"https:\/\/admin.industriall-union.org\/\",\"name\":\"industriall-union\",\"description\":\"\",\"potentialAction\":[{\"@type\":\"SearchAction\",\"target\":{\"@type\":\"EntryPoint\",\"urlTemplate\":\"https:\/\/admin.industriall-union.org\/?s={search_term_string}\"},\"query-input\":{\"@type\":\"PropertyValueSpecification\",\"valueRequired\":true,\"valueName\":\"search_term_string\"}}],\"inLanguage\":\"es-ES\"}]}<\/script>\n<!-- \/ Yoast SEO Premium plugin. -->","yoast_head_json":{"title":"El NUM presenta sus demandas salariales a la C\u00e1mara de Minas - industriall-union","description":"El sindicato pide que los trabajadores de superficie reciban como m\u00ednimo 7.000 R, y los trabajadores bajo tierra y a cielo abierto 8.000 R mensuales. Para","robots":{"index":"index","follow":"follow","max-snippet":"max-snippet:-1","max-image-preview":"max-image-preview:large","max-video-preview":"max-video-preview:-1"},"canonical":"https:\/\/admin.industriall-union.org\/es\/el-num-presenta-sus-demandas-salariales-a-la-camara-de-minas\/","og_locale":"es_ES","og_type":"article","og_title":"El NUM presenta sus demandas salariales a la C\u00e1mara de Minas","og_description":"El sindicato pide que los trabajadores de superficie reciban como m\u00ednimo 7.000 R, y los trabajadores bajo tierra y a cielo abierto 8.000 R mensuales. Para","og_url":"https:\/\/admin.industriall-union.org\/es\/el-num-presenta-sus-demandas-salariales-a-la-camara-de-minas\/","og_site_name":"industriall-union","article_modified_time":"2025-02-08T11:46:10+00:00","twitter_card":"summary_large_image","twitter_misc":{"Est. reading time":"1 minute"},"schema":{"@context":"https:\/\/schema.org","@graph":[{"@type":"WebPage","@id":"https:\/\/admin.industriall-union.org\/es\/el-num-presenta-sus-demandas-salariales-a-la-camara-de-minas\/","url":"https:\/\/admin.industriall-union.org\/es\/el-num-presenta-sus-demandas-salariales-a-la-camara-de-minas\/","name":"El NUM presenta sus demandas salariales a la C\u00e1mara de Minas - industriall-union","isPartOf":{"@id":"https:\/\/admin.industriall-union.org\/#website"},"datePublished":"2013-05-22T13:25:47+00:00","dateModified":"2025-02-08T11:46:10+00:00","description":"El sindicato pide que los trabajadores de superficie reciban como m\u00ednimo 7.000 R, y los trabajadores bajo tierra y a cielo abierto 8.000 R mensuales. Para","breadcrumb":{"@id":"https:\/\/admin.industriall-union.org\/es\/el-num-presenta-sus-demandas-salariales-a-la-camara-de-minas\/#breadcrumb"},"inLanguage":"es-ES","potentialAction":[{"@type":"ReadAction","target":["https:\/\/admin.industriall-union.org\/es\/el-num-presenta-sus-demandas-salariales-a-la-camara-de-minas\/"]}]},{"@type":"BreadcrumbList","@id":"https:\/\/admin.industriall-union.org\/es\/el-num-presenta-sus-demandas-salariales-a-la-camara-de-minas\/#breadcrumb","itemListElement":[{"@type":"ListItem","position":1,"name":"Home","item":"https:\/\/admin.industriall-union.org\/"},{"@type":"ListItem","position":2,"name":"Articles","item":"https:\/\/admin.industriall-union.org\/article\/"},{"@type":"ListItem","position":3,"name":"El NUM presenta sus demandas salariales a la C\u00e1mara de Minas"}]},{"@type":"WebSite","@id":"https:\/\/admin.industriall-union.org\/#website","url":"https:\/\/admin.industriall-union.org\/","name":"industriall-union","description":"","potentialAction":[{"@type":"SearchAction","target":{"@type":"EntryPoint","urlTemplate":"https:\/\/admin.industriall-union.org\/?s={search_term_string}"},"query-input":{"@type":"PropertyValueSpecification","valueRequired":true,"valueName":"search_term_string"}}],"inLanguage":"es-ES"}]}},"_links":{"self":[{"href":"https:\/\/admin.industriall-union.org\/es\/wp-json\/wp\/v2\/article\/173964","targetHints":{"allow":["GET"]}}],"collection":[{"href":"https:\/\/admin.industriall-union.org\/es\/wp-json\/wp\/v2\/article"}],"about":[{"href":"https:\/\/admin.industriall-union.org\/es\/wp-json\/wp\/v2\/types\/article"}],"wp:attachment":[{"href":"https:\/\/admin.industriall-union.org\/es\/wp-json\/wp\/v2\/media?parent=173964"}],"wp:term":[{"taxonomy":"issues","embeddable":true,"href":"https:\/\/admin.industriall-union.org\/es\/wp-json\/wp\/v2\/issues?post=173964"},{"taxonomy":"companies","embeddable":true,"href":"https:\/\/admin.industriall-union.org\/es\/wp-json\/wp\/v2\/companies?post=173964"},{"taxonomy":"regions","embeddable":true,"href":"https:\/\/admin.industriall-union.org\/es\/wp-json\/wp\/v2\/regions?post=173964"},{"taxonomy":"sectors","embeddable":true,"href":"https:\/\/admin.industriall-union.org\/es\/wp-json\/wp\/v2\/sectors?post=173964"},{"taxonomy":"article_tags","embeddable":true,"href":"https:\/\/admin.industriall-union.org\/es\/wp-json\/wp\/v2\/article_tags?post=173964"}],"curies":[{"name":"wp","href":"https:\/\/api.w.org\/{rel}","templated":true}]}}