{"id":173882,"date":"2013-05-29T09:21:57","date_gmt":"2013-05-29T09:21:57","guid":{"rendered":"https:\/\/admin.industriall-union.org\/el-comite-ejecutivo-de-la-industriall-rinde-homenaje-a-marcello-malentacchi\/"},"modified":"2025-02-08T11:35:12","modified_gmt":"2025-02-08T11:35:12","slug":"el-comite-ejecutivo-de-la-industriall-rinde-homenaje-a-marcello-malentacchi","status":"publish","type":"article","link":"https:\/\/admin.industriall-union.org\/es\/el-comite-ejecutivo-de-la-industriall-rinde-homenaje-a-marcello-malentacchi\/","title":{"rendered":"El Comit\u00e9 Ejecutivo de la IndustriALL rinde homenaje a Marcello Malentacchi"},"content":{"rendered":"<p>En la apertura de la reuni\u00f3n del Comit\u00e9 Ejecutivo en la sede de IG Metall en Francfort (Alemania), el presidente de la IndustriALL, Berthold Huber, rindi\u00f3 homenaje a los excelentes servicios prestados por Marcello Malentacchi, como secretario general de la Federaci\u00f3n Internacional de Trabajadores de las Industrias Metal\u00fargicas de 1989 a 2009. Marcello fue un gran, ferviente y combativo sindicalista, fallecido el 24 de mayo de 2013, a la edad de 66 a\u00f1os.<\/p><p>Los delegados tambi\u00e9n lamentaron la muerte de los 1.127 trabajadores de la confecci\u00f3n bangladesh\u00edes que perdieron la vida en el homicidio industrial del Rana Plaza. El secretario general, Jyrki Raina Day, record\u00f3 a los delegados la asombrosa complacencia de las marcas de ropa mundiales, que s\u00f3lo cambiaron cuando d\u00eda tras d\u00eda se extra\u00edan m\u00e1s cad\u00e1veres de los escombros, y la indignaci\u00f3n de los medios de informaci\u00f3n mundiales fue tan grande que la IndustriALL y la UNI lograron llevar a las marcas a la mesa de negociaci\u00f3n. El Acuerdo sobre seguridad contra incendios y de los edificios en Bangladesh, jur\u00eddicamente vinculante, ha sido firmado ya por m\u00e1s de 40 marcas y minoristas principales. La IndustriALL ha cumplido su funci\u00f3n como fuerte contrapeso a nivel mundial.<\/p><p>El Comit\u00e9 Ejecutivo de la IndustriALL se ha comprometido en un plan de acci\u00f3n de cuatro puntos para Bangladesh:<\/p><ul><li>Aplicaci\u00f3n del Acuerdo sobre seguridad contra incendios y de los edificios<\/li><li>Reforma de la legislaci\u00f3n laboral para garantizar la libertad sindical<\/li><li>Aumento del salario m\u00ednimo de 38 $ EE.UU. mensuales hasta alcanzar un salario digno en 2015<\/li><li>Lanzamiento de un proyecto de sindicaci\u00f3n masivo para lograr la presencia sindical en 5.000 f\u00e1bricas de ropa<\/li><\/ul><p>El secretario general, Jyrki Raina, puso al d\u00eda a los delegados de las negociaciones sobre el Acuerdo de Bangladesh y otras actividades.<\/p><p>El secretario general adjunto Kemal Ozkan puso al d\u00eda al Comit\u00e9 Ejecutivo sobre la labor prioritaria de la IndustriALL en el Oriente Medio, centr\u00e1ndose especialmente en los tres principales pa\u00edses para la acci\u00f3n: Egipto, Iraq y T\u00fanez. El Comit\u00e9 prometi\u00f3 su apoyo a l l\u00edder sindical de los trabajadores del petr\u00f3leo perseguido Hassan Juma&rsquo;a en Iraq, y a un programa de formaci\u00f3n con sindicatos independientes en Egipto. Est\u00e1 previsto celebrar la pr\u00f3xima reuni\u00f3n del Comit\u00e9 Ejecutivo en T\u00fanez.<\/p><p>El secretario general adjunto Fernando Lopes present\u00f3 el programa de la IndustriALL sobre sindicaci\u00f3n y campa\u00f1as, incluida la formaci\u00f3n especializada del personal y de los afiliados, la continua acci\u00f3n para poner fin al trabajo precario, y una campa\u00f1a institucional contra la gigantesca empresa minera Rio Tinto, y medidas para garantizar los derechos humanos y sindicales en Fiji.<\/p><p>Se examinaron los desaf\u00edos m\u00e1s importantes que afrontan los afiliados a la IndustriALL en el mundo, centr\u00e1ndose en Europa, Rusia, Sud\u00e1frica, Colombia, Oriente Medio y \u00c1frica del Norte, y otras partes.<\/p><p>El presidente Huber elogi\u00f3 las victorias de los sindicatos indonesios en las esferas de salarios m\u00ednimos, trabajo precario, seguridad social y pensiones como ejemplo a seguir por otros. Huber felicit\u00f3 al l\u00edder de la FSPMI, Said Iqbal, por haber recibido el premio holand\u00e9s Elizabeth Febe, y prometi\u00f3 seguir apoyando a los sindicatos indonesios.<\/p><p>Napole\u00f3n G\u00f3mez, de Los Mineros de M\u00e9xico, miembro titular del Comit\u00e9 Ejecutivo de la IndustriALL Global Union, fue impedido una vez m\u00e1s de viajar para ocupar su puesto debido a un renovado proceso judicial basado en falsas acusaciones contra \u00e9l por las autoridades mexicanas. Los delegados prometieron continuar la campa\u00f1a de larga duraci\u00f3n para crear sindicatos fuertes, libres y democr\u00e1ticos en M\u00e9xico.<\/p>","protected":false},"featured_media":0,"template":"","issues":[414,421,415,425],"companies":[113],"regions":[155,159,264,291,202,164,167,293,254,275,288,308,242,350,311],"sectors":[],"article_tags":[511],"class_list":["post-173882","article","type-article","status-publish","hentry","issues-action-on-bangladesh","issues-mexico-campaign","issues-stop-precarious-work","issues-workers-rights","companies-rio-tinto","regions-asia-pacific","regions-bangladesh","regions-colombia","regions-egypt","regions-europe","regions-fiji","regions-indonesia","regions-iraq","regions-latin-america-and-the-caribbean","regions-mexico","regions-middle-east-and-north-africa","regions-north-america","regions-russia","regions-south-africa","regions-sub-saharan-africa","article_tags-industriall"],"acf":[],"yoast_head":"<!-- This site is optimized with the Yoast SEO Premium plugin v27.1 (Yoast SEO v27.1) - https:\/\/yoast.com\/product\/yoast-seo-premium-wordpress\/ -->\n<title>El Comit\u00e9 Ejecutivo de la IndustriALL rinde homenaje a Marcello Malentacchi - industriall-union<\/title>\n<meta name=\"description\" content=\"En la apertura de la reuni\u00f3n del Comit\u00e9 Ejecutivo en la sede de IG Metall en Francfort (Alemania), el presidente de la IndustriALL, Berthold Huber, rindi\u00f3\" \/>\n<meta name=\"robots\" content=\"index, follow, max-snippet:-1, max-image-preview:large, max-video-preview:-1\" \/>\n<link rel=\"canonical\" href=\"https:\/\/admin.industriall-union.org\/es\/el-comite-ejecutivo-de-la-industriall-rinde-homenaje-a-marcello-malentacchi\/\" \/>\n<meta property=\"og:locale\" content=\"es_ES\" \/>\n<meta property=\"og:type\" content=\"article\" \/>\n<meta property=\"og:title\" content=\"El Comit\u00e9 Ejecutivo de la IndustriALL rinde homenaje a Marcello Malentacchi\" \/>\n<meta property=\"og:description\" content=\"En la apertura de la reuni\u00f3n del Comit\u00e9 Ejecutivo en la sede de IG Metall en Francfort (Alemania), el presidente de la IndustriALL, Berthold Huber, rindi\u00f3\" \/>\n<meta property=\"og:url\" content=\"https:\/\/admin.industriall-union.org\/es\/el-comite-ejecutivo-de-la-industriall-rinde-homenaje-a-marcello-malentacchi\/\" \/>\n<meta property=\"og:site_name\" content=\"industriall-union\" \/>\n<meta property=\"article:modified_time\" content=\"2025-02-08T11:35:12+00:00\" \/>\n<meta name=\"twitter:card\" content=\"summary_large_image\" \/>\n<meta name=\"twitter:label1\" content=\"Est. reading time\" \/>\n\t<meta name=\"twitter:data1\" content=\"3 minutes\" \/>\n<script type=\"application\/ld+json\" class=\"yoast-schema-graph\">{\"@context\":\"https:\/\/schema.org\",\"@graph\":[{\"@type\":\"WebPage\",\"@id\":\"https:\/\/admin.industriall-union.org\/es\/el-comite-ejecutivo-de-la-industriall-rinde-homenaje-a-marcello-malentacchi\/\",\"url\":\"https:\/\/admin.industriall-union.org\/es\/el-comite-ejecutivo-de-la-industriall-rinde-homenaje-a-marcello-malentacchi\/\",\"name\":\"El Comit\u00e9 Ejecutivo de la IndustriALL rinde homenaje a Marcello Malentacchi - industriall-union\",\"isPartOf\":{\"@id\":\"https:\/\/admin.industriall-union.org\/#website\"},\"datePublished\":\"2013-05-29T09:21:57+00:00\",\"dateModified\":\"2025-02-08T11:35:12+00:00\",\"description\":\"En la apertura de la reuni\u00f3n del Comit\u00e9 Ejecutivo en la sede de IG Metall en Francfort (Alemania), el presidente de la IndustriALL, Berthold Huber, rindi\u00f3\",\"breadcrumb\":{\"@id\":\"https:\/\/admin.industriall-union.org\/es\/el-comite-ejecutivo-de-la-industriall-rinde-homenaje-a-marcello-malentacchi\/#breadcrumb\"},\"inLanguage\":\"es-ES\",\"potentialAction\":[{\"@type\":\"ReadAction\",\"target\":[\"https:\/\/admin.industriall-union.org\/es\/el-comite-ejecutivo-de-la-industriall-rinde-homenaje-a-marcello-malentacchi\/\"]}]},{\"@type\":\"BreadcrumbList\",\"@id\":\"https:\/\/admin.industriall-union.org\/es\/el-comite-ejecutivo-de-la-industriall-rinde-homenaje-a-marcello-malentacchi\/#breadcrumb\",\"itemListElement\":[{\"@type\":\"ListItem\",\"position\":1,\"name\":\"Home\",\"item\":\"https:\/\/admin.industriall-union.org\/\"},{\"@type\":\"ListItem\",\"position\":2,\"name\":\"Articles\",\"item\":\"https:\/\/admin.industriall-union.org\/article\/\"},{\"@type\":\"ListItem\",\"position\":3,\"name\":\"El Comit\u00e9 Ejecutivo de la IndustriALL rinde homenaje a Marcello Malentacchi\"}]},{\"@type\":\"WebSite\",\"@id\":\"https:\/\/admin.industriall-union.org\/#website\",\"url\":\"https:\/\/admin.industriall-union.org\/\",\"name\":\"industriall-union\",\"description\":\"\",\"potentialAction\":[{\"@type\":\"SearchAction\",\"target\":{\"@type\":\"EntryPoint\",\"urlTemplate\":\"https:\/\/admin.industriall-union.org\/?s={search_term_string}\"},\"query-input\":{\"@type\":\"PropertyValueSpecification\",\"valueRequired\":true,\"valueName\":\"search_term_string\"}}],\"inLanguage\":\"es-ES\"}]}<\/script>\n<!-- \/ Yoast SEO Premium plugin. -->","yoast_head_json":{"title":"El Comit\u00e9 Ejecutivo de la IndustriALL rinde homenaje a Marcello Malentacchi - industriall-union","description":"En la apertura de la reuni\u00f3n del Comit\u00e9 Ejecutivo en la sede de IG Metall en Francfort (Alemania), el presidente de la IndustriALL, Berthold Huber, rindi\u00f3","robots":{"index":"index","follow":"follow","max-snippet":"max-snippet:-1","max-image-preview":"max-image-preview:large","max-video-preview":"max-video-preview:-1"},"canonical":"https:\/\/admin.industriall-union.org\/es\/el-comite-ejecutivo-de-la-industriall-rinde-homenaje-a-marcello-malentacchi\/","og_locale":"es_ES","og_type":"article","og_title":"El Comit\u00e9 Ejecutivo de la IndustriALL rinde homenaje a Marcello Malentacchi","og_description":"En la apertura de la reuni\u00f3n del Comit\u00e9 Ejecutivo en la sede de IG Metall en Francfort (Alemania), el presidente de la IndustriALL, Berthold Huber, rindi\u00f3","og_url":"https:\/\/admin.industriall-union.org\/es\/el-comite-ejecutivo-de-la-industriall-rinde-homenaje-a-marcello-malentacchi\/","og_site_name":"industriall-union","article_modified_time":"2025-02-08T11:35:12+00:00","twitter_card":"summary_large_image","twitter_misc":{"Est. reading time":"3 minutes"},"schema":{"@context":"https:\/\/schema.org","@graph":[{"@type":"WebPage","@id":"https:\/\/admin.industriall-union.org\/es\/el-comite-ejecutivo-de-la-industriall-rinde-homenaje-a-marcello-malentacchi\/","url":"https:\/\/admin.industriall-union.org\/es\/el-comite-ejecutivo-de-la-industriall-rinde-homenaje-a-marcello-malentacchi\/","name":"El Comit\u00e9 Ejecutivo de la IndustriALL rinde homenaje a Marcello Malentacchi - industriall-union","isPartOf":{"@id":"https:\/\/admin.industriall-union.org\/#website"},"datePublished":"2013-05-29T09:21:57+00:00","dateModified":"2025-02-08T11:35:12+00:00","description":"En la apertura de la reuni\u00f3n del Comit\u00e9 Ejecutivo en la sede de IG Metall en Francfort (Alemania), el presidente de la IndustriALL, Berthold Huber, rindi\u00f3","breadcrumb":{"@id":"https:\/\/admin.industriall-union.org\/es\/el-comite-ejecutivo-de-la-industriall-rinde-homenaje-a-marcello-malentacchi\/#breadcrumb"},"inLanguage":"es-ES","potentialAction":[{"@type":"ReadAction","target":["https:\/\/admin.industriall-union.org\/es\/el-comite-ejecutivo-de-la-industriall-rinde-homenaje-a-marcello-malentacchi\/"]}]},{"@type":"BreadcrumbList","@id":"https:\/\/admin.industriall-union.org\/es\/el-comite-ejecutivo-de-la-industriall-rinde-homenaje-a-marcello-malentacchi\/#breadcrumb","itemListElement":[{"@type":"ListItem","position":1,"name":"Home","item":"https:\/\/admin.industriall-union.org\/"},{"@type":"ListItem","position":2,"name":"Articles","item":"https:\/\/admin.industriall-union.org\/article\/"},{"@type":"ListItem","position":3,"name":"El Comit\u00e9 Ejecutivo de la IndustriALL rinde homenaje a Marcello Malentacchi"}]},{"@type":"WebSite","@id":"https:\/\/admin.industriall-union.org\/#website","url":"https:\/\/admin.industriall-union.org\/","name":"industriall-union","description":"","potentialAction":[{"@type":"SearchAction","target":{"@type":"EntryPoint","urlTemplate":"https:\/\/admin.industriall-union.org\/?s={search_term_string}"},"query-input":{"@type":"PropertyValueSpecification","valueRequired":true,"valueName":"search_term_string"}}],"inLanguage":"es-ES"}]}},"_links":{"self":[{"href":"https:\/\/admin.industriall-union.org\/es\/wp-json\/wp\/v2\/article\/173882","targetHints":{"allow":["GET"]}}],"collection":[{"href":"https:\/\/admin.industriall-union.org\/es\/wp-json\/wp\/v2\/article"}],"about":[{"href":"https:\/\/admin.industriall-union.org\/es\/wp-json\/wp\/v2\/types\/article"}],"wp:attachment":[{"href":"https:\/\/admin.industriall-union.org\/es\/wp-json\/wp\/v2\/media?parent=173882"}],"wp:term":[{"taxonomy":"issues","embeddable":true,"href":"https:\/\/admin.industriall-union.org\/es\/wp-json\/wp\/v2\/issues?post=173882"},{"taxonomy":"companies","embeddable":true,"href":"https:\/\/admin.industriall-union.org\/es\/wp-json\/wp\/v2\/companies?post=173882"},{"taxonomy":"regions","embeddable":true,"href":"https:\/\/admin.industriall-union.org\/es\/wp-json\/wp\/v2\/regions?post=173882"},{"taxonomy":"sectors","embeddable":true,"href":"https:\/\/admin.industriall-union.org\/es\/wp-json\/wp\/v2\/sectors?post=173882"},{"taxonomy":"article_tags","embeddable":true,"href":"https:\/\/admin.industriall-union.org\/es\/wp-json\/wp\/v2\/article_tags?post=173882"}],"curies":[{"name":"wp","href":"https:\/\/api.w.org\/{rel}","templated":true}]}}