{"id":173779,"date":"2013-06-13T16:01:06","date_gmt":"2013-06-13T16:01:06","guid":{"rendered":"https:\/\/admin.industriall-union.org\/sindicalistas-de-todo-el-mundo-protestan-en-bicicleta-por-irrespeto-de-los-derechos-laborales\/"},"modified":"2025-02-08T11:08:49","modified_gmt":"2025-02-08T11:08:49","slug":"sindicalistas-de-todo-el-mundo-protestan-en-bicicleta-por-irrespeto-de-los-derechos-laborales","status":"publish","type":"article","link":"https:\/\/admin.industriall-union.org\/es\/sindicalistas-de-todo-el-mundo-protestan-en-bicicleta-por-irrespeto-de-los-derechos-laborales\/","title":{"rendered":"Sindicalistas de todo el mundo protestan en bicicleta por irrespeto de los derechos laborales"},"content":{"rendered":"<p>El evento fue organizado y dirigido por miembros de la Internacional de Servicios P\u00fablicos (ISP), federaci\u00f3n sindical internacional; representantes de IndustriALL tambi\u00e9n se unieron a esta protesta.<\/p><p>La &quot;Ruta de la Verg\u00fcenza&quot; fue organizada para coincidir con la 102&ordf; Conferencia Internacional del Trabajo (CIT) realizada en Ginebra. Un aspecto importante de la CIT anual es determinar si los pa\u00edses est\u00e1n cumpliendo con sus obligaciones de respetar los derechos de los trabajadores y trabajadoras y de sus respectivos sindicatos en virtud de los convenios de la Organizaci\u00f3n Internacional del Trabajo. Tambi\u00e9n se invit\u00f3 a numerosos delegados que asist\u00edan a las sesiones de la CIT para unirse a la protesta; de hecho, los organizadores proporcionaron bicicletas para aquellos que no las ten\u00edan.<\/p><p>La protesta hizo hincapi\u00e9, para llamar la atenci\u00f3n en especial, en aquellos pa\u00edses donde se han producido violaciones de los derechos laborales: Bielorrusia, Rusia, Turqu\u00eda, Grecia, Canad\u00e1, Nigeria, Ir\u00e1n, Paraguay, T\u00fanez, Pakist\u00e1n, Etiop\u00eda, Mauritania, Camer\u00fan, Honduras, la Rep\u00fablica Dominicana y Corea del Sur.<\/p><p>Quienes hicieron uso de la palabra durante la &ldquo;Ruta de la Verg\u00fcenza&rdquo; se refirieron, entre otros casos, a Egipto, donde se niega a los sindicatos independientes el derecho a huelga o a protestar, para silenciar su reivindicaci\u00f3n de una sociedad justa. Tambi\u00e9n se cometen graves violaciones de los derechos humanos en Turqu\u00eda; en Corea del Sur se niega el reconocimiento de los sindicatos democr\u00e1ticos y se obliga a los trabajadores y trabajadoras a aceptar empleos precarios. En Bielorrusia contin\u00faa la constante violaci\u00f3n de la libertad de sindicaci\u00f3n y de negociaci\u00f3n colectiva: la CIT lleva este caso en estudio desde el a\u00f1o 2000, y numerosas recomendaciones de la OIT no son aplicadas por el gobierno.<\/p><p>Como parte de la &quot;Ruta de la Verg\u00fcenza&rdquo;, los participantes en esta manifestaci\u00f3n entregaron cartas a las misiones diplom\u00e1ticas permanentes y embajadas de los pa\u00edses arriba mencionados, en las que se denunciaba las violaciones de los derechos humanos y sindicales que se est\u00e1n registrando.<\/p>","protected":false},"featured_media":0,"template":"","issues":[422,424],"companies":[],"regions":[155,202,254,288,308,311],"sectors":[],"article_tags":[],"class_list":["post-173779","article","type-article","status-publish","hentry","issues-human-trade-union-rights","issues-violation","regions-asia-pacific","regions-europe","regions-latin-america-and-the-caribbean","regions-middle-east-and-north-africa","regions-north-america","regions-sub-saharan-africa"],"acf":[],"yoast_head":"<!-- This site is optimized with the Yoast SEO Premium plugin v27.1 (Yoast SEO v27.1) - https:\/\/yoast.com\/product\/yoast-seo-premium-wordpress\/ -->\n<title>Sindicalistas de todo el mundo protestan en bicicleta por irrespeto de los derechos laborales - industriall-union<\/title>\n<meta name=\"description\" content=\"El evento fue organizado y dirigido por miembros de la Internacional de Servicios P\u00fablicos (ISP), federaci\u00f3n sindical internacional; representantes de\" \/>\n<meta name=\"robots\" content=\"index, follow, max-snippet:-1, max-image-preview:large, max-video-preview:-1\" \/>\n<link rel=\"canonical\" href=\"https:\/\/admin.industriall-union.org\/es\/sindicalistas-de-todo-el-mundo-protestan-en-bicicleta-por-irrespeto-de-los-derechos-laborales\/\" \/>\n<meta property=\"og:locale\" content=\"es_ES\" \/>\n<meta property=\"og:type\" content=\"article\" \/>\n<meta property=\"og:title\" content=\"Sindicalistas de todo el mundo protestan en bicicleta por irrespeto de los derechos laborales\" \/>\n<meta property=\"og:description\" content=\"El evento fue organizado y dirigido por miembros de la Internacional de Servicios P\u00fablicos (ISP), federaci\u00f3n sindical internacional; representantes de\" \/>\n<meta property=\"og:url\" content=\"https:\/\/admin.industriall-union.org\/es\/sindicalistas-de-todo-el-mundo-protestan-en-bicicleta-por-irrespeto-de-los-derechos-laborales\/\" \/>\n<meta property=\"og:site_name\" content=\"industriall-union\" \/>\n<meta property=\"article:modified_time\" content=\"2025-02-08T11:08:49+00:00\" \/>\n<meta name=\"twitter:card\" content=\"summary_large_image\" \/>\n<meta name=\"twitter:label1\" content=\"Est. reading time\" \/>\n\t<meta name=\"twitter:data1\" content=\"2 minutes\" \/>\n<script type=\"application\/ld+json\" class=\"yoast-schema-graph\">{\"@context\":\"https:\/\/schema.org\",\"@graph\":[{\"@type\":\"WebPage\",\"@id\":\"https:\/\/admin.industriall-union.org\/es\/sindicalistas-de-todo-el-mundo-protestan-en-bicicleta-por-irrespeto-de-los-derechos-laborales\/\",\"url\":\"https:\/\/admin.industriall-union.org\/es\/sindicalistas-de-todo-el-mundo-protestan-en-bicicleta-por-irrespeto-de-los-derechos-laborales\/\",\"name\":\"Sindicalistas de todo el mundo protestan en bicicleta por irrespeto de los derechos laborales - industriall-union\",\"isPartOf\":{\"@id\":\"https:\/\/admin.industriall-union.org\/#website\"},\"datePublished\":\"2013-06-13T16:01:06+00:00\",\"dateModified\":\"2025-02-08T11:08:49+00:00\",\"description\":\"El evento fue organizado y dirigido por miembros de la Internacional de Servicios P\u00fablicos (ISP), federaci\u00f3n sindical internacional; representantes de\",\"breadcrumb\":{\"@id\":\"https:\/\/admin.industriall-union.org\/es\/sindicalistas-de-todo-el-mundo-protestan-en-bicicleta-por-irrespeto-de-los-derechos-laborales\/#breadcrumb\"},\"inLanguage\":\"es-ES\",\"potentialAction\":[{\"@type\":\"ReadAction\",\"target\":[\"https:\/\/admin.industriall-union.org\/es\/sindicalistas-de-todo-el-mundo-protestan-en-bicicleta-por-irrespeto-de-los-derechos-laborales\/\"]}]},{\"@type\":\"BreadcrumbList\",\"@id\":\"https:\/\/admin.industriall-union.org\/es\/sindicalistas-de-todo-el-mundo-protestan-en-bicicleta-por-irrespeto-de-los-derechos-laborales\/#breadcrumb\",\"itemListElement\":[{\"@type\":\"ListItem\",\"position\":1,\"name\":\"Home\",\"item\":\"https:\/\/admin.industriall-union.org\/\"},{\"@type\":\"ListItem\",\"position\":2,\"name\":\"Articles\",\"item\":\"https:\/\/admin.industriall-union.org\/article\/\"},{\"@type\":\"ListItem\",\"position\":3,\"name\":\"Sindicalistas de todo el mundo protestan en bicicleta por irrespeto de los derechos laborales\"}]},{\"@type\":\"WebSite\",\"@id\":\"https:\/\/admin.industriall-union.org\/#website\",\"url\":\"https:\/\/admin.industriall-union.org\/\",\"name\":\"industriall-union\",\"description\":\"\",\"potentialAction\":[{\"@type\":\"SearchAction\",\"target\":{\"@type\":\"EntryPoint\",\"urlTemplate\":\"https:\/\/admin.industriall-union.org\/?s={search_term_string}\"},\"query-input\":{\"@type\":\"PropertyValueSpecification\",\"valueRequired\":true,\"valueName\":\"search_term_string\"}}],\"inLanguage\":\"es-ES\"}]}<\/script>\n<!-- \/ Yoast SEO Premium plugin. -->","yoast_head_json":{"title":"Sindicalistas de todo el mundo protestan en bicicleta por irrespeto de los derechos laborales - industriall-union","description":"El evento fue organizado y dirigido por miembros de la Internacional de Servicios P\u00fablicos (ISP), federaci\u00f3n sindical internacional; representantes de","robots":{"index":"index","follow":"follow","max-snippet":"max-snippet:-1","max-image-preview":"max-image-preview:large","max-video-preview":"max-video-preview:-1"},"canonical":"https:\/\/admin.industriall-union.org\/es\/sindicalistas-de-todo-el-mundo-protestan-en-bicicleta-por-irrespeto-de-los-derechos-laborales\/","og_locale":"es_ES","og_type":"article","og_title":"Sindicalistas de todo el mundo protestan en bicicleta por irrespeto de los derechos laborales","og_description":"El evento fue organizado y dirigido por miembros de la Internacional de Servicios P\u00fablicos (ISP), federaci\u00f3n sindical internacional; representantes de","og_url":"https:\/\/admin.industriall-union.org\/es\/sindicalistas-de-todo-el-mundo-protestan-en-bicicleta-por-irrespeto-de-los-derechos-laborales\/","og_site_name":"industriall-union","article_modified_time":"2025-02-08T11:08:49+00:00","twitter_card":"summary_large_image","twitter_misc":{"Est. reading time":"2 minutes"},"schema":{"@context":"https:\/\/schema.org","@graph":[{"@type":"WebPage","@id":"https:\/\/admin.industriall-union.org\/es\/sindicalistas-de-todo-el-mundo-protestan-en-bicicleta-por-irrespeto-de-los-derechos-laborales\/","url":"https:\/\/admin.industriall-union.org\/es\/sindicalistas-de-todo-el-mundo-protestan-en-bicicleta-por-irrespeto-de-los-derechos-laborales\/","name":"Sindicalistas de todo el mundo protestan en bicicleta por irrespeto de los derechos laborales - industriall-union","isPartOf":{"@id":"https:\/\/admin.industriall-union.org\/#website"},"datePublished":"2013-06-13T16:01:06+00:00","dateModified":"2025-02-08T11:08:49+00:00","description":"El evento fue organizado y dirigido por miembros de la Internacional de Servicios P\u00fablicos (ISP), federaci\u00f3n sindical internacional; representantes de","breadcrumb":{"@id":"https:\/\/admin.industriall-union.org\/es\/sindicalistas-de-todo-el-mundo-protestan-en-bicicleta-por-irrespeto-de-los-derechos-laborales\/#breadcrumb"},"inLanguage":"es-ES","potentialAction":[{"@type":"ReadAction","target":["https:\/\/admin.industriall-union.org\/es\/sindicalistas-de-todo-el-mundo-protestan-en-bicicleta-por-irrespeto-de-los-derechos-laborales\/"]}]},{"@type":"BreadcrumbList","@id":"https:\/\/admin.industriall-union.org\/es\/sindicalistas-de-todo-el-mundo-protestan-en-bicicleta-por-irrespeto-de-los-derechos-laborales\/#breadcrumb","itemListElement":[{"@type":"ListItem","position":1,"name":"Home","item":"https:\/\/admin.industriall-union.org\/"},{"@type":"ListItem","position":2,"name":"Articles","item":"https:\/\/admin.industriall-union.org\/article\/"},{"@type":"ListItem","position":3,"name":"Sindicalistas de todo el mundo protestan en bicicleta por irrespeto de los derechos laborales"}]},{"@type":"WebSite","@id":"https:\/\/admin.industriall-union.org\/#website","url":"https:\/\/admin.industriall-union.org\/","name":"industriall-union","description":"","potentialAction":[{"@type":"SearchAction","target":{"@type":"EntryPoint","urlTemplate":"https:\/\/admin.industriall-union.org\/?s={search_term_string}"},"query-input":{"@type":"PropertyValueSpecification","valueRequired":true,"valueName":"search_term_string"}}],"inLanguage":"es-ES"}]}},"_links":{"self":[{"href":"https:\/\/admin.industriall-union.org\/es\/wp-json\/wp\/v2\/article\/173779","targetHints":{"allow":["GET"]}}],"collection":[{"href":"https:\/\/admin.industriall-union.org\/es\/wp-json\/wp\/v2\/article"}],"about":[{"href":"https:\/\/admin.industriall-union.org\/es\/wp-json\/wp\/v2\/types\/article"}],"wp:attachment":[{"href":"https:\/\/admin.industriall-union.org\/es\/wp-json\/wp\/v2\/media?parent=173779"}],"wp:term":[{"taxonomy":"issues","embeddable":true,"href":"https:\/\/admin.industriall-union.org\/es\/wp-json\/wp\/v2\/issues?post=173779"},{"taxonomy":"companies","embeddable":true,"href":"https:\/\/admin.industriall-union.org\/es\/wp-json\/wp\/v2\/companies?post=173779"},{"taxonomy":"regions","embeddable":true,"href":"https:\/\/admin.industriall-union.org\/es\/wp-json\/wp\/v2\/regions?post=173779"},{"taxonomy":"sectors","embeddable":true,"href":"https:\/\/admin.industriall-union.org\/es\/wp-json\/wp\/v2\/sectors?post=173779"},{"taxonomy":"article_tags","embeddable":true,"href":"https:\/\/admin.industriall-union.org\/es\/wp-json\/wp\/v2\/article_tags?post=173779"}],"curies":[{"name":"wp","href":"https:\/\/api.w.org\/{rel}","templated":true}]}}