{"id":173765,"date":"2013-06-14T10:51:42","date_gmt":"2013-06-14T10:51:42","guid":{"rendered":"https:\/\/admin.industriall-union.org\/bangladesh-continua-campana-en-defensa-de-los-derechos-laborales\/"},"modified":"2025-02-08T11:05:52","modified_gmt":"2025-02-08T11:05:52","slug":"bangladesh-continua-campana-en-defensa-de-los-derechos-laborales","status":"publish","type":"article","link":"https:\/\/admin.industriall-union.org\/es\/bangladesh-continua-campana-en-defensa-de-los-derechos-laborales\/","title":{"rendered":"Bangladesh: contin\u00faa campa\u00f1a en defensa de los derechos laborales"},"content":{"rendered":"<p>No fue f\u00e1cil el proceso que permiti\u00f3 alcanzar el Acuerdo jur\u00eddicamente vinculante sobre seguridad en los lugares de trabajo y prevenci\u00f3n de incendios. En marzo, cuando las diez m\u00e1s importantes marcas y empresas minoristas del mundo aceptaron la invitaci\u00f3n de la IndustriALL Global Union para venir a Ginebra para intercambiar ideas al respecto, todav\u00eda se les notaba un impresionante nivel de autosatisfacci\u00f3n. No se les ve\u00eda ning\u00fan sentido de urgencia, a pesar de los incendios mortales y derrumbes de f\u00e1bricas que se hab\u00edan registrado en el pasado.<\/p><p>Luego, el 24 de abril, cay\u00f3 el edificio Rana Plaza. Una vez m\u00e1s, no se produjo ning\u00fan cambio a ra\u00edz de los primeros d\u00edas de las labores de rescate y los informes sobre el n\u00famero de fallecidos. Las marcas y empresas minoristas de prendas de vestir no se sintieron bajo presi\u00f3n sino hasta despu\u00e9s de conocerse la magnitud de la tragedia y las circunstancias que dieron origen a este homicidio industrial. Fue reci\u00e9n entonces que las empresas empezaron a sentirse presionadas, al producirse una reacci\u00f3n p\u00fablica sin precedentes y de los medios de comunicaci\u00f3n a nivel internacional.<\/p><p>Fue en los primeros d\u00edas de mayo, cuando la IndustriALL Global Union y la internacional hermana UNI Global Union informamos a las marcas de ropa que, con el fin de lograr un cambio permanente, no \u00edbamos a aceptar nada que no fuera por lo menos un acuerdo jur\u00eddicamente vinculante. Despu\u00e9s de dram\u00e1ticas negociaciones, de esperanza y desesperaci\u00f3n, intrigas e intentos de diluir las propuestas, <a href=\"http:\/\/about.hm.com\/AboutSection\/en\/news\/newsroom\/news.html\/content\/hm\/NewsroomSection\/en\/NewsRoom\/NewsroomDetails\/hm-commits-to-the-fire-and-building-safety-agreement.html\">H&amp;M<\/a> de Suecia e <a href=\"http:\/\/economia.elpais.com\/economia\/2013\/05\/14\/agencias\/1368503345_911076.html\">Inditex<\/a> de Espa\u00f1a dieron la pauta, informando el 13 de mayo que iban a firmar el Acuerdo. Luego todos los dem\u00e1s hicieron lo mismo.<\/p><p>Bueno, en verdad no fueron todos. Sab\u00edamos que el gran minorista norteamericano Walmart nunca iba a firmar nada con los sindicatos. Hicimos un gran esfuerzo para tratar de convencer a GAP, otra empresa estadounidense, pero al final la administraci\u00f3n se\u00f1al\u00f3 que no aceptaba pagar los costos del mejoramiento de la seguridad que era necesario en los lugares de trabajo.<\/p><p>La buena noticia es que ya se cuenta con el <a href=\"http:\/\/www.industriall-union.org\/global-brands-pull-together-on-bangladesh-safety-deal\">apoyo de 50 empresas<\/a> y cada d\u00eda se incorporan otras m\u00e1s, por lo cual ya tenemos suficientes como para producir un cambio real en el sitio durante los pr\u00f3ximos a\u00f1os. Un equipo conjunto de representantes sindicales y empresariales se ha encargado de elaborar un plan de ejecuci\u00f3n para el 8 de julio. A continuaci\u00f3n, comenzar\u00e1n las inspecciones y capacitaci\u00f3n de la administraci\u00f3n de las empresas y de los trabajadores\/as.<\/p><p>Uno de nuestros mayores retos es convencer a los propietarios de f\u00e1bricas de prendas de vestir de Bangladesh que la \u00e9poca de desprecio por la vida humana ha terminado. En estos momentos estamos trabajando en un caso en el que un equipo de inspecci\u00f3n de marcas encontr\u00f3 el caso de una f\u00e1brica en peligro inminente de derrumbarse. Lo escandaloso fue que el propietario se neg\u00f3 a evacuar a los trabajadores, alegando que el edificio era seguro. Las marcas suspendieron de inmediato sus relaciones comerciales con esa f\u00e1brica.<\/p><p>Tendremos que tomar decisiones dif\u00edciles al revisar las 5.000 f\u00e1bricas de ropa que existen en Bangladesh, y que emplean a cuatro millones de trabajadores y trabajadoras. Pero IndustriALL quiere que las marcas y los minoristas permanezcan en el pa\u00eds, ofreciendo puestos de trabajo seguros y de buena calidad.<\/p><p>Sin embargo, las industrias de prendas de vestir de Bangladesh s\u00f3lo ser\u00e1n sostenibles si se respetan los derechos de los trabajadores\/as de establecer sindicatos libremente, y as\u00ed poder ganar un salario digno, trabajando sin temor a perder la vida.<\/p><p>Ahora estamos presionando para lograr una reforma de la legislaci\u00f3n laboral, garantizando libertad de sindicaci\u00f3n. <a href=\"http:\/\/www.industriall-union.org\/bangladeshi-unions-reject-inadequate-labour-law-changes\">Los sindicatos de Bangladesh han rechazado<\/a> la propuesta del gobierno por ser insuficiente. <a href=\"http:\/\/www.industriall-union.org\/industriall-uni-and-ituc-visit-bangladesh\">IndustriALL trabajar\u00e1 con la CSI<\/a> y la OIT con el fin de seguir presionando a los encargados de tomar decisiones pol\u00edticas.<\/p><p>Tambi\u00e9n tiene es importante que se aumente el sueldo m\u00ednimo en forma gradual, de US$38 al mes, hasta alcanzar, en el a\u00f1o 2015, el nivel del sueldo vital. La reacci\u00f3n de los consumidores ha sido clara. Ellos est\u00e1n dispuestos a pagar los pocos centavos adicionales que se tendr\u00eda que pagar por cada camiseta para deshacerse de lo que el Papa ha calificado como &ldquo;esclavitud laboral&rdquo;.<\/p><p>Jyrki Raina<\/p><p>Secretario General<\/p>","protected":false},"featured_media":0,"template":"","issues":[414],"companies":[],"regions":[159],"sectors":[],"article_tags":[510],"class_list":["post-173765","article","type-article","status-publish","hentry","issues-action-on-bangladesh","regions-bangladesh","article_tags-gs-corner"],"acf":[],"yoast_head":"<!-- This site is optimized with the Yoast SEO Premium plugin v27.1 (Yoast SEO v27.1) - https:\/\/yoast.com\/product\/yoast-seo-premium-wordpress\/ -->\n<title>Bangladesh: contin\u00faa campa\u00f1a en defensa de los derechos laborales - industriall-union<\/title>\n<meta name=\"description\" content=\"No fue f\u00e1cil el proceso que permiti\u00f3 alcanzar el Acuerdo jur\u00eddicamente vinculante sobre seguridad en los lugares de trabajo y prevenci\u00f3n de incendios. En\" \/>\n<meta name=\"robots\" content=\"index, follow, max-snippet:-1, max-image-preview:large, max-video-preview:-1\" \/>\n<link rel=\"canonical\" href=\"https:\/\/admin.industriall-union.org\/es\/bangladesh-continua-campana-en-defensa-de-los-derechos-laborales\/\" \/>\n<meta property=\"og:locale\" content=\"es_ES\" \/>\n<meta property=\"og:type\" content=\"article\" \/>\n<meta property=\"og:title\" content=\"Bangladesh: contin\u00faa campa\u00f1a en defensa de los derechos laborales\" \/>\n<meta property=\"og:description\" content=\"No fue f\u00e1cil el proceso que permiti\u00f3 alcanzar el Acuerdo jur\u00eddicamente vinculante sobre seguridad en los lugares de trabajo y prevenci\u00f3n de incendios. En\" \/>\n<meta property=\"og:url\" content=\"https:\/\/admin.industriall-union.org\/es\/bangladesh-continua-campana-en-defensa-de-los-derechos-laborales\/\" \/>\n<meta property=\"og:site_name\" content=\"industriall-union\" \/>\n<meta property=\"article:modified_time\" content=\"2025-02-08T11:05:52+00:00\" \/>\n<meta name=\"twitter:card\" content=\"summary_large_image\" \/>\n<meta name=\"twitter:label1\" content=\"Est. reading time\" \/>\n\t<meta name=\"twitter:data1\" content=\"4 minutes\" \/>\n<script type=\"application\/ld+json\" class=\"yoast-schema-graph\">{\"@context\":\"https:\/\/schema.org\",\"@graph\":[{\"@type\":\"WebPage\",\"@id\":\"https:\/\/admin.industriall-union.org\/es\/bangladesh-continua-campana-en-defensa-de-los-derechos-laborales\/\",\"url\":\"https:\/\/admin.industriall-union.org\/es\/bangladesh-continua-campana-en-defensa-de-los-derechos-laborales\/\",\"name\":\"Bangladesh: contin\u00faa campa\u00f1a en defensa de los derechos laborales - industriall-union\",\"isPartOf\":{\"@id\":\"https:\/\/admin.industriall-union.org\/#website\"},\"datePublished\":\"2013-06-14T10:51:42+00:00\",\"dateModified\":\"2025-02-08T11:05:52+00:00\",\"description\":\"No fue f\u00e1cil el proceso que permiti\u00f3 alcanzar el Acuerdo jur\u00eddicamente vinculante sobre seguridad en los lugares de trabajo y prevenci\u00f3n de incendios. En\",\"breadcrumb\":{\"@id\":\"https:\/\/admin.industriall-union.org\/es\/bangladesh-continua-campana-en-defensa-de-los-derechos-laborales\/#breadcrumb\"},\"inLanguage\":\"es-ES\",\"potentialAction\":[{\"@type\":\"ReadAction\",\"target\":[\"https:\/\/admin.industriall-union.org\/es\/bangladesh-continua-campana-en-defensa-de-los-derechos-laborales\/\"]}]},{\"@type\":\"BreadcrumbList\",\"@id\":\"https:\/\/admin.industriall-union.org\/es\/bangladesh-continua-campana-en-defensa-de-los-derechos-laborales\/#breadcrumb\",\"itemListElement\":[{\"@type\":\"ListItem\",\"position\":1,\"name\":\"Home\",\"item\":\"https:\/\/admin.industriall-union.org\/\"},{\"@type\":\"ListItem\",\"position\":2,\"name\":\"Articles\",\"item\":\"https:\/\/admin.industriall-union.org\/article\/\"},{\"@type\":\"ListItem\",\"position\":3,\"name\":\"Bangladesh: contin\u00faa campa\u00f1a en defensa de los derechos laborales\"}]},{\"@type\":\"WebSite\",\"@id\":\"https:\/\/admin.industriall-union.org\/#website\",\"url\":\"https:\/\/admin.industriall-union.org\/\",\"name\":\"industriall-union\",\"description\":\"\",\"potentialAction\":[{\"@type\":\"SearchAction\",\"target\":{\"@type\":\"EntryPoint\",\"urlTemplate\":\"https:\/\/admin.industriall-union.org\/?s={search_term_string}\"},\"query-input\":{\"@type\":\"PropertyValueSpecification\",\"valueRequired\":true,\"valueName\":\"search_term_string\"}}],\"inLanguage\":\"es-ES\"}]}<\/script>\n<!-- \/ Yoast SEO Premium plugin. -->","yoast_head_json":{"title":"Bangladesh: contin\u00faa campa\u00f1a en defensa de los derechos laborales - industriall-union","description":"No fue f\u00e1cil el proceso que permiti\u00f3 alcanzar el Acuerdo jur\u00eddicamente vinculante sobre seguridad en los lugares de trabajo y prevenci\u00f3n de incendios. En","robots":{"index":"index","follow":"follow","max-snippet":"max-snippet:-1","max-image-preview":"max-image-preview:large","max-video-preview":"max-video-preview:-1"},"canonical":"https:\/\/admin.industriall-union.org\/es\/bangladesh-continua-campana-en-defensa-de-los-derechos-laborales\/","og_locale":"es_ES","og_type":"article","og_title":"Bangladesh: contin\u00faa campa\u00f1a en defensa de los derechos laborales","og_description":"No fue f\u00e1cil el proceso que permiti\u00f3 alcanzar el Acuerdo jur\u00eddicamente vinculante sobre seguridad en los lugares de trabajo y prevenci\u00f3n de incendios. En","og_url":"https:\/\/admin.industriall-union.org\/es\/bangladesh-continua-campana-en-defensa-de-los-derechos-laborales\/","og_site_name":"industriall-union","article_modified_time":"2025-02-08T11:05:52+00:00","twitter_card":"summary_large_image","twitter_misc":{"Est. reading time":"4 minutes"},"schema":{"@context":"https:\/\/schema.org","@graph":[{"@type":"WebPage","@id":"https:\/\/admin.industriall-union.org\/es\/bangladesh-continua-campana-en-defensa-de-los-derechos-laborales\/","url":"https:\/\/admin.industriall-union.org\/es\/bangladesh-continua-campana-en-defensa-de-los-derechos-laborales\/","name":"Bangladesh: contin\u00faa campa\u00f1a en defensa de los derechos laborales - industriall-union","isPartOf":{"@id":"https:\/\/admin.industriall-union.org\/#website"},"datePublished":"2013-06-14T10:51:42+00:00","dateModified":"2025-02-08T11:05:52+00:00","description":"No fue f\u00e1cil el proceso que permiti\u00f3 alcanzar el Acuerdo jur\u00eddicamente vinculante sobre seguridad en los lugares de trabajo y prevenci\u00f3n de incendios. En","breadcrumb":{"@id":"https:\/\/admin.industriall-union.org\/es\/bangladesh-continua-campana-en-defensa-de-los-derechos-laborales\/#breadcrumb"},"inLanguage":"es-ES","potentialAction":[{"@type":"ReadAction","target":["https:\/\/admin.industriall-union.org\/es\/bangladesh-continua-campana-en-defensa-de-los-derechos-laborales\/"]}]},{"@type":"BreadcrumbList","@id":"https:\/\/admin.industriall-union.org\/es\/bangladesh-continua-campana-en-defensa-de-los-derechos-laborales\/#breadcrumb","itemListElement":[{"@type":"ListItem","position":1,"name":"Home","item":"https:\/\/admin.industriall-union.org\/"},{"@type":"ListItem","position":2,"name":"Articles","item":"https:\/\/admin.industriall-union.org\/article\/"},{"@type":"ListItem","position":3,"name":"Bangladesh: contin\u00faa campa\u00f1a en defensa de los derechos laborales"}]},{"@type":"WebSite","@id":"https:\/\/admin.industriall-union.org\/#website","url":"https:\/\/admin.industriall-union.org\/","name":"industriall-union","description":"","potentialAction":[{"@type":"SearchAction","target":{"@type":"EntryPoint","urlTemplate":"https:\/\/admin.industriall-union.org\/?s={search_term_string}"},"query-input":{"@type":"PropertyValueSpecification","valueRequired":true,"valueName":"search_term_string"}}],"inLanguage":"es-ES"}]}},"_links":{"self":[{"href":"https:\/\/admin.industriall-union.org\/es\/wp-json\/wp\/v2\/article\/173765","targetHints":{"allow":["GET"]}}],"collection":[{"href":"https:\/\/admin.industriall-union.org\/es\/wp-json\/wp\/v2\/article"}],"about":[{"href":"https:\/\/admin.industriall-union.org\/es\/wp-json\/wp\/v2\/types\/article"}],"wp:attachment":[{"href":"https:\/\/admin.industriall-union.org\/es\/wp-json\/wp\/v2\/media?parent=173765"}],"wp:term":[{"taxonomy":"issues","embeddable":true,"href":"https:\/\/admin.industriall-union.org\/es\/wp-json\/wp\/v2\/issues?post=173765"},{"taxonomy":"companies","embeddable":true,"href":"https:\/\/admin.industriall-union.org\/es\/wp-json\/wp\/v2\/companies?post=173765"},{"taxonomy":"regions","embeddable":true,"href":"https:\/\/admin.industriall-union.org\/es\/wp-json\/wp\/v2\/regions?post=173765"},{"taxonomy":"sectors","embeddable":true,"href":"https:\/\/admin.industriall-union.org\/es\/wp-json\/wp\/v2\/sectors?post=173765"},{"taxonomy":"article_tags","embeddable":true,"href":"https:\/\/admin.industriall-union.org\/es\/wp-json\/wp\/v2\/article_tags?post=173765"}],"curies":[{"name":"wp","href":"https:\/\/api.w.org\/{rel}","templated":true}]}}