{"id":173684,"date":"2013-06-14T12:41:33","date_gmt":"2013-06-14T12:41:33","guid":{"rendered":"https:\/\/admin.industriall-union.org\/industriall-crea-el-comite-de-las-mujeres\/"},"modified":"2025-02-08T10:50:28","modified_gmt":"2025-02-08T10:50:28","slug":"industriall-crea-el-comite-de-las-mujeres","status":"publish","type":"article","link":"https:\/\/admin.industriall-union.org\/es\/industriall-crea-el-comite-de-las-mujeres\/","title":{"rendered":"IndustriALL crea el Comit\u00e9 de las Mujeres"},"content":{"rendered":"<div>Se adopt\u00f3 el siguiente programa de trabajo que habr\u00e1 de llevarse a cabo hasta el pr\u00f3ximo Congreso:<\/div><div>&nbsp;<\/div><ul><li>Protecci\u00f3n de la maternidad y la salud y la seguridad en el trabajo<\/li><li>Violencia<\/li><li>Liderazgo de la mujer<\/li><li>Salario vital<\/li><li>Fortalecimiento de las estructuras de mujeres<\/li><li>Reforzamiento de los v\u00ednculos con los sectores<\/li><li>Igualdad de remuneraci\u00f3n<\/li><\/ul><div>Adem\u00e1s de la labor relativa a la integraci\u00f3n de la perspectiva de g\u00e9nero ser\u00eda preciso consolidar otros trabajos en curso como la campa\u00f1a sobre el trabajo precario. El trabajo precario es un problema que reviste gran seriedad y que afecta particularmente a las mujeres.<\/div><div>&nbsp;<\/div><div>El programa de trabajo se elabor\u00f3 sobre la base del programa de acci\u00f3n adoptado en el Congreso de 2012 y del programa de actividades del Comit\u00e9 Ejecutivo. Adem\u00e1s, en las dos conferencias regionales celebradas hasta la fecha en Singapur y Buenos Aires, tambi\u00e9n se definieron prioridades que se han integrado en el programa de trabajo. Esta labor es importante porque las prioridades de las estructuras regionales deben incorporarse en las de las estructuras internacionales.<\/div><div>&nbsp;<\/div><div>Adem\u00e1s de las mujeres que son miembros titulares y suplentes del Comit\u00e9 Ejecutivo, se invita a las afiliadas a enviar a miembros a asistir a las reuniones del Comit\u00e9 de las Mujeres de forma regular.<\/div><div>&nbsp;<\/div><div>Todas las reuniones y conferencias de IndustriALL deben incluir cuestiones relativas a las mujeres y al g\u00e9nero. Asimismo las mujeres de IndustriALL deben crear redes que les permitan estar en contacto permanente unas con otras.<\/div><div>&nbsp;<\/div><div>Se decidi\u00f3 que el Comit\u00e9 de las Mujeres se habr\u00e1 de reunir antes de las reuniones del Comit\u00e9 Ejecutivo. As\u00ed pues, la pr\u00f3xima reuni\u00f3n del Comit\u00e9 tendr\u00e1 lugar el 3 de diciembre en T\u00fanez. Se invita a las integrantes del Comit\u00e9 de las mujeres a que env\u00eden sugerencias en cuanto a posibles temas de campa\u00f1a y posibles actividades para 2014 a Carol Bruce, Directora de la Secci\u00f3n de la Mujer en IndustriALL, a m\u00e1s tardar el 1&ordm; de octubre de 2013, a cbruce@industriall-union.org.<\/div><div>&nbsp;<\/div><div>Por \u00faltimo, se record\u00f3 que IndustriALL organizar\u00eda una Conferencia Mundial de las Mujeres en 2015. Se rog\u00f3 a las organizaciones interesadas en ser anfitrionas de la Conferencia a que lo hicieran saber a la Secretar\u00eda lo antes posible.<\/div>","protected":false},"featured_media":0,"template":"","issues":[397],"companies":[],"regions":[],"sectors":[],"article_tags":[511],"class_list":["post-173684","article","type-article","status-publish","hentry","issues-women","article_tags-industriall"],"acf":[],"yoast_head":"<!-- This site is optimized with the Yoast SEO Premium plugin v27.1 (Yoast SEO v27.1) - https:\/\/yoast.com\/product\/yoast-seo-premium-wordpress\/ -->\n<title>IndustriALL crea el Comit\u00e9 de las Mujeres - industriall-union<\/title>\n<meta name=\"description\" content=\"Se adopt\u00f3 el siguiente programa de trabajo que habr\u00e1 de llevarse a cabo hasta el pr\u00f3ximo Congreso:&nbsp;Protecci\u00f3n de la maternidad y la salud y la\" \/>\n<meta name=\"robots\" content=\"index, follow, max-snippet:-1, max-image-preview:large, max-video-preview:-1\" \/>\n<link rel=\"canonical\" href=\"https:\/\/admin.industriall-union.org\/es\/industriall-crea-el-comite-de-las-mujeres\/\" \/>\n<meta property=\"og:locale\" content=\"es_ES\" \/>\n<meta property=\"og:type\" content=\"article\" \/>\n<meta property=\"og:title\" content=\"IndustriALL crea el Comit\u00e9 de las Mujeres\" \/>\n<meta property=\"og:description\" content=\"Se adopt\u00f3 el siguiente programa de trabajo que habr\u00e1 de llevarse a cabo hasta el pr\u00f3ximo Congreso:&nbsp;Protecci\u00f3n de la maternidad y la salud y la\" \/>\n<meta property=\"og:url\" content=\"https:\/\/admin.industriall-union.org\/es\/industriall-crea-el-comite-de-las-mujeres\/\" \/>\n<meta property=\"og:site_name\" content=\"industriall-union\" \/>\n<meta property=\"article:modified_time\" content=\"2025-02-08T10:50:28+00:00\" \/>\n<meta name=\"twitter:card\" content=\"summary_large_image\" \/>\n<meta name=\"twitter:label1\" content=\"Est. reading time\" \/>\n\t<meta name=\"twitter:data1\" content=\"2 minutes\" \/>\n<script type=\"application\/ld+json\" class=\"yoast-schema-graph\">{\"@context\":\"https:\/\/schema.org\",\"@graph\":[{\"@type\":\"WebPage\",\"@id\":\"https:\/\/admin.industriall-union.org\/es\/industriall-crea-el-comite-de-las-mujeres\/\",\"url\":\"https:\/\/admin.industriall-union.org\/es\/industriall-crea-el-comite-de-las-mujeres\/\",\"name\":\"IndustriALL crea el Comit\u00e9 de las Mujeres - industriall-union\",\"isPartOf\":{\"@id\":\"https:\/\/admin.industriall-union.org\/#website\"},\"datePublished\":\"2013-06-14T12:41:33+00:00\",\"dateModified\":\"2025-02-08T10:50:28+00:00\",\"description\":\"Se adopt\u00f3 el siguiente programa de trabajo que habr\u00e1 de llevarse a cabo hasta el pr\u00f3ximo Congreso:&nbsp;Protecci\u00f3n de la maternidad y la salud y la\",\"breadcrumb\":{\"@id\":\"https:\/\/admin.industriall-union.org\/es\/industriall-crea-el-comite-de-las-mujeres\/#breadcrumb\"},\"inLanguage\":\"es-ES\",\"potentialAction\":[{\"@type\":\"ReadAction\",\"target\":[\"https:\/\/admin.industriall-union.org\/es\/industriall-crea-el-comite-de-las-mujeres\/\"]}]},{\"@type\":\"BreadcrumbList\",\"@id\":\"https:\/\/admin.industriall-union.org\/es\/industriall-crea-el-comite-de-las-mujeres\/#breadcrumb\",\"itemListElement\":[{\"@type\":\"ListItem\",\"position\":1,\"name\":\"Home\",\"item\":\"https:\/\/admin.industriall-union.org\/\"},{\"@type\":\"ListItem\",\"position\":2,\"name\":\"Articles\",\"item\":\"https:\/\/admin.industriall-union.org\/article\/\"},{\"@type\":\"ListItem\",\"position\":3,\"name\":\"IndustriALL crea el Comit\u00e9 de las Mujeres\"}]},{\"@type\":\"WebSite\",\"@id\":\"https:\/\/admin.industriall-union.org\/#website\",\"url\":\"https:\/\/admin.industriall-union.org\/\",\"name\":\"industriall-union\",\"description\":\"\",\"potentialAction\":[{\"@type\":\"SearchAction\",\"target\":{\"@type\":\"EntryPoint\",\"urlTemplate\":\"https:\/\/admin.industriall-union.org\/?s={search_term_string}\"},\"query-input\":{\"@type\":\"PropertyValueSpecification\",\"valueRequired\":true,\"valueName\":\"search_term_string\"}}],\"inLanguage\":\"es-ES\"}]}<\/script>\n<!-- \/ Yoast SEO Premium plugin. -->","yoast_head_json":{"title":"IndustriALL crea el Comit\u00e9 de las Mujeres - industriall-union","description":"Se adopt\u00f3 el siguiente programa de trabajo que habr\u00e1 de llevarse a cabo hasta el pr\u00f3ximo Congreso:&nbsp;Protecci\u00f3n de la maternidad y la salud y la","robots":{"index":"index","follow":"follow","max-snippet":"max-snippet:-1","max-image-preview":"max-image-preview:large","max-video-preview":"max-video-preview:-1"},"canonical":"https:\/\/admin.industriall-union.org\/es\/industriall-crea-el-comite-de-las-mujeres\/","og_locale":"es_ES","og_type":"article","og_title":"IndustriALL crea el Comit\u00e9 de las Mujeres","og_description":"Se adopt\u00f3 el siguiente programa de trabajo que habr\u00e1 de llevarse a cabo hasta el pr\u00f3ximo Congreso:&nbsp;Protecci\u00f3n de la maternidad y la salud y la","og_url":"https:\/\/admin.industriall-union.org\/es\/industriall-crea-el-comite-de-las-mujeres\/","og_site_name":"industriall-union","article_modified_time":"2025-02-08T10:50:28+00:00","twitter_card":"summary_large_image","twitter_misc":{"Est. reading time":"2 minutes"},"schema":{"@context":"https:\/\/schema.org","@graph":[{"@type":"WebPage","@id":"https:\/\/admin.industriall-union.org\/es\/industriall-crea-el-comite-de-las-mujeres\/","url":"https:\/\/admin.industriall-union.org\/es\/industriall-crea-el-comite-de-las-mujeres\/","name":"IndustriALL crea el Comit\u00e9 de las Mujeres - industriall-union","isPartOf":{"@id":"https:\/\/admin.industriall-union.org\/#website"},"datePublished":"2013-06-14T12:41:33+00:00","dateModified":"2025-02-08T10:50:28+00:00","description":"Se adopt\u00f3 el siguiente programa de trabajo que habr\u00e1 de llevarse a cabo hasta el pr\u00f3ximo Congreso:&nbsp;Protecci\u00f3n de la maternidad y la salud y la","breadcrumb":{"@id":"https:\/\/admin.industriall-union.org\/es\/industriall-crea-el-comite-de-las-mujeres\/#breadcrumb"},"inLanguage":"es-ES","potentialAction":[{"@type":"ReadAction","target":["https:\/\/admin.industriall-union.org\/es\/industriall-crea-el-comite-de-las-mujeres\/"]}]},{"@type":"BreadcrumbList","@id":"https:\/\/admin.industriall-union.org\/es\/industriall-crea-el-comite-de-las-mujeres\/#breadcrumb","itemListElement":[{"@type":"ListItem","position":1,"name":"Home","item":"https:\/\/admin.industriall-union.org\/"},{"@type":"ListItem","position":2,"name":"Articles","item":"https:\/\/admin.industriall-union.org\/article\/"},{"@type":"ListItem","position":3,"name":"IndustriALL crea el Comit\u00e9 de las Mujeres"}]},{"@type":"WebSite","@id":"https:\/\/admin.industriall-union.org\/#website","url":"https:\/\/admin.industriall-union.org\/","name":"industriall-union","description":"","potentialAction":[{"@type":"SearchAction","target":{"@type":"EntryPoint","urlTemplate":"https:\/\/admin.industriall-union.org\/?s={search_term_string}"},"query-input":{"@type":"PropertyValueSpecification","valueRequired":true,"valueName":"search_term_string"}}],"inLanguage":"es-ES"}]}},"_links":{"self":[{"href":"https:\/\/admin.industriall-union.org\/es\/wp-json\/wp\/v2\/article\/173684","targetHints":{"allow":["GET"]}}],"collection":[{"href":"https:\/\/admin.industriall-union.org\/es\/wp-json\/wp\/v2\/article"}],"about":[{"href":"https:\/\/admin.industriall-union.org\/es\/wp-json\/wp\/v2\/types\/article"}],"wp:attachment":[{"href":"https:\/\/admin.industriall-union.org\/es\/wp-json\/wp\/v2\/media?parent=173684"}],"wp:term":[{"taxonomy":"issues","embeddable":true,"href":"https:\/\/admin.industriall-union.org\/es\/wp-json\/wp\/v2\/issues?post=173684"},{"taxonomy":"companies","embeddable":true,"href":"https:\/\/admin.industriall-union.org\/es\/wp-json\/wp\/v2\/companies?post=173684"},{"taxonomy":"regions","embeddable":true,"href":"https:\/\/admin.industriall-union.org\/es\/wp-json\/wp\/v2\/regions?post=173684"},{"taxonomy":"sectors","embeddable":true,"href":"https:\/\/admin.industriall-union.org\/es\/wp-json\/wp\/v2\/sectors?post=173684"},{"taxonomy":"article_tags","embeddable":true,"href":"https:\/\/admin.industriall-union.org\/es\/wp-json\/wp\/v2\/article_tags?post=173684"}],"curies":[{"name":"wp","href":"https:\/\/api.w.org\/{rel}","templated":true}]}}