{"id":173669,"date":"2013-06-20T13:22:30","date_gmt":"2013-06-20T13:22:30","guid":{"rendered":"https:\/\/admin.industriall-union.org\/solicitud-de-candidaturas-sobre-la-empresa-mas-malvada-en-2014\/"},"modified":"2025-02-08T10:38:41","modified_gmt":"2025-02-08T10:38:41","slug":"solicitud-de-candidaturas-sobre-la-empresa-mas-malvada-en-2014","status":"publish","type":"article","link":"https:\/\/admin.industriall-union.org\/es\/solicitud-de-candidaturas-sobre-la-empresa-mas-malvada-en-2014\/","title":{"rendered":"Solicitud de candidaturas sobre la empresa m\u00e1s malvada en 2014"},"content":{"rendered":"<p>El premio anual ha sido organizado desde 2000 por la Declaraci\u00f3n de Berna y Amigos de la Tierra (sustituida en 2009 por Greenpeace) y sirve para recordar al mundo empresarial que el mal comportamiento de las empresas en los \u00e1mbitos social y ambiental no s\u00f3lo tiene consecuencias para las personas y los territorios afectados, sino tambi\u00e9n para la reputaci\u00f3n del infractor.<\/p><p>Ojo P\u00fablico invita a enviar candidaturas sobre las empresas m\u00e1s malvadas &iexcl;hasta finales de agosto de 2013! Las directrices para la presentaci\u00f3n se publican en el sitio web <a href=\"http:\/\/www.publiceye.ch\">www.publiceye.ch<\/a>, al que puede accederse directamente en el enlace <a href=\"http:\/\/newsletter.publiceye.evb.ch\/c\/11206746\/00f6da74ad31\">http:\/\/newsletter.publiceye.evb.ch\/c\/11206746\/00f6da74ad31<\/a>.<\/p><p>El Premio Popular Ojo P\u00fablico de 2013 se concedi\u00f3 a Royal Dutch Shell, muy criticada por la exploraci\u00f3n de petr\u00f3leo en el \u00c1rtico, en alta mar, que causa graves problemas ecol\u00f3gicos y supone enormes riesgos para los cuatro millones de personas y los maravillosos animales que viven all\u00ed.<\/p><p>El Premio del Jurado Ojo P\u00fablico de 2013 se concedi\u00f3 a Goldman Sachs, acusado de embolsarse incre\u00edbles honorarios para ocultar la mitad de la deuda p\u00fablica de Grecia, que finalmente arruin\u00f3 el pa\u00eds.<\/p><p>Otros &ldquo;ganadores&rdquo; del Premio Ojo P\u00fablico se publican en el &ldquo;Sal\u00f3n de la verg\u00fcenza&rdquo; <a href=\"http:\/\/www.publiceye.ch\/en\/hall-of-shame\/\">http:\/\/www.publiceye.ch\/en\/hall-of-shame\/<\/a>.<\/p>","protected":false},"featured_media":0,"template":"","issues":[],"companies":[],"regions":[],"sectors":[],"article_tags":[],"class_list":["post-173669","article","type-article","status-publish","hentry"],"acf":[],"yoast_head":"<!-- This site is optimized with the Yoast SEO Premium plugin v27.1 (Yoast SEO v27.1) - https:\/\/yoast.com\/product\/yoast-seo-premium-wordpress\/ -->\n<title>Solicitud de candidaturas sobre la empresa m\u00e1s malvada en 2014 - industriall-union<\/title>\n<meta name=\"description\" content=\"El premio anual ha sido organizado desde 2000 por la Declaraci\u00f3n de Berna y Amigos de la Tierra (sustituida en 2009 por Greenpeace) y sirve para recordar\" \/>\n<meta name=\"robots\" content=\"index, follow, max-snippet:-1, max-image-preview:large, max-video-preview:-1\" \/>\n<link rel=\"canonical\" href=\"https:\/\/admin.industriall-union.org\/es\/solicitud-de-candidaturas-sobre-la-empresa-mas-malvada-en-2014\/\" \/>\n<meta property=\"og:locale\" content=\"es_ES\" \/>\n<meta property=\"og:type\" content=\"article\" \/>\n<meta property=\"og:title\" content=\"Solicitud de candidaturas sobre la empresa m\u00e1s malvada en 2014\" \/>\n<meta property=\"og:description\" content=\"El premio anual ha sido organizado desde 2000 por la Declaraci\u00f3n de Berna y Amigos de la Tierra (sustituida en 2009 por Greenpeace) y sirve para recordar\" \/>\n<meta property=\"og:url\" content=\"https:\/\/admin.industriall-union.org\/es\/solicitud-de-candidaturas-sobre-la-empresa-mas-malvada-en-2014\/\" \/>\n<meta property=\"og:site_name\" content=\"industriall-union\" \/>\n<meta property=\"article:modified_time\" content=\"2025-02-08T10:38:41+00:00\" \/>\n<meta name=\"twitter:card\" content=\"summary_large_image\" \/>\n<meta name=\"twitter:label1\" content=\"Est. reading time\" \/>\n\t<meta name=\"twitter:data1\" content=\"1 minute\" \/>\n<script type=\"application\/ld+json\" class=\"yoast-schema-graph\">{\"@context\":\"https:\/\/schema.org\",\"@graph\":[{\"@type\":\"WebPage\",\"@id\":\"https:\/\/admin.industriall-union.org\/es\/solicitud-de-candidaturas-sobre-la-empresa-mas-malvada-en-2014\/\",\"url\":\"https:\/\/admin.industriall-union.org\/es\/solicitud-de-candidaturas-sobre-la-empresa-mas-malvada-en-2014\/\",\"name\":\"Solicitud de candidaturas sobre la empresa m\u00e1s malvada en 2014 - industriall-union\",\"isPartOf\":{\"@id\":\"https:\/\/admin.industriall-union.org\/#website\"},\"datePublished\":\"2013-06-20T13:22:30+00:00\",\"dateModified\":\"2025-02-08T10:38:41+00:00\",\"description\":\"El premio anual ha sido organizado desde 2000 por la Declaraci\u00f3n de Berna y Amigos de la Tierra (sustituida en 2009 por Greenpeace) y sirve para recordar\",\"breadcrumb\":{\"@id\":\"https:\/\/admin.industriall-union.org\/es\/solicitud-de-candidaturas-sobre-la-empresa-mas-malvada-en-2014\/#breadcrumb\"},\"inLanguage\":\"es-ES\",\"potentialAction\":[{\"@type\":\"ReadAction\",\"target\":[\"https:\/\/admin.industriall-union.org\/es\/solicitud-de-candidaturas-sobre-la-empresa-mas-malvada-en-2014\/\"]}]},{\"@type\":\"BreadcrumbList\",\"@id\":\"https:\/\/admin.industriall-union.org\/es\/solicitud-de-candidaturas-sobre-la-empresa-mas-malvada-en-2014\/#breadcrumb\",\"itemListElement\":[{\"@type\":\"ListItem\",\"position\":1,\"name\":\"Home\",\"item\":\"https:\/\/admin.industriall-union.org\/\"},{\"@type\":\"ListItem\",\"position\":2,\"name\":\"Articles\",\"item\":\"https:\/\/admin.industriall-union.org\/article\/\"},{\"@type\":\"ListItem\",\"position\":3,\"name\":\"Solicitud de candidaturas sobre la empresa m\u00e1s malvada en 2014\"}]},{\"@type\":\"WebSite\",\"@id\":\"https:\/\/admin.industriall-union.org\/#website\",\"url\":\"https:\/\/admin.industriall-union.org\/\",\"name\":\"industriall-union\",\"description\":\"\",\"potentialAction\":[{\"@type\":\"SearchAction\",\"target\":{\"@type\":\"EntryPoint\",\"urlTemplate\":\"https:\/\/admin.industriall-union.org\/?s={search_term_string}\"},\"query-input\":{\"@type\":\"PropertyValueSpecification\",\"valueRequired\":true,\"valueName\":\"search_term_string\"}}],\"inLanguage\":\"es-ES\"}]}<\/script>\n<!-- \/ Yoast SEO Premium plugin. -->","yoast_head_json":{"title":"Solicitud de candidaturas sobre la empresa m\u00e1s malvada en 2014 - industriall-union","description":"El premio anual ha sido organizado desde 2000 por la Declaraci\u00f3n de Berna y Amigos de la Tierra (sustituida en 2009 por Greenpeace) y sirve para recordar","robots":{"index":"index","follow":"follow","max-snippet":"max-snippet:-1","max-image-preview":"max-image-preview:large","max-video-preview":"max-video-preview:-1"},"canonical":"https:\/\/admin.industriall-union.org\/es\/solicitud-de-candidaturas-sobre-la-empresa-mas-malvada-en-2014\/","og_locale":"es_ES","og_type":"article","og_title":"Solicitud de candidaturas sobre la empresa m\u00e1s malvada en 2014","og_description":"El premio anual ha sido organizado desde 2000 por la Declaraci\u00f3n de Berna y Amigos de la Tierra (sustituida en 2009 por Greenpeace) y sirve para recordar","og_url":"https:\/\/admin.industriall-union.org\/es\/solicitud-de-candidaturas-sobre-la-empresa-mas-malvada-en-2014\/","og_site_name":"industriall-union","article_modified_time":"2025-02-08T10:38:41+00:00","twitter_card":"summary_large_image","twitter_misc":{"Est. reading time":"1 minute"},"schema":{"@context":"https:\/\/schema.org","@graph":[{"@type":"WebPage","@id":"https:\/\/admin.industriall-union.org\/es\/solicitud-de-candidaturas-sobre-la-empresa-mas-malvada-en-2014\/","url":"https:\/\/admin.industriall-union.org\/es\/solicitud-de-candidaturas-sobre-la-empresa-mas-malvada-en-2014\/","name":"Solicitud de candidaturas sobre la empresa m\u00e1s malvada en 2014 - industriall-union","isPartOf":{"@id":"https:\/\/admin.industriall-union.org\/#website"},"datePublished":"2013-06-20T13:22:30+00:00","dateModified":"2025-02-08T10:38:41+00:00","description":"El premio anual ha sido organizado desde 2000 por la Declaraci\u00f3n de Berna y Amigos de la Tierra (sustituida en 2009 por Greenpeace) y sirve para recordar","breadcrumb":{"@id":"https:\/\/admin.industriall-union.org\/es\/solicitud-de-candidaturas-sobre-la-empresa-mas-malvada-en-2014\/#breadcrumb"},"inLanguage":"es-ES","potentialAction":[{"@type":"ReadAction","target":["https:\/\/admin.industriall-union.org\/es\/solicitud-de-candidaturas-sobre-la-empresa-mas-malvada-en-2014\/"]}]},{"@type":"BreadcrumbList","@id":"https:\/\/admin.industriall-union.org\/es\/solicitud-de-candidaturas-sobre-la-empresa-mas-malvada-en-2014\/#breadcrumb","itemListElement":[{"@type":"ListItem","position":1,"name":"Home","item":"https:\/\/admin.industriall-union.org\/"},{"@type":"ListItem","position":2,"name":"Articles","item":"https:\/\/admin.industriall-union.org\/article\/"},{"@type":"ListItem","position":3,"name":"Solicitud de candidaturas sobre la empresa m\u00e1s malvada en 2014"}]},{"@type":"WebSite","@id":"https:\/\/admin.industriall-union.org\/#website","url":"https:\/\/admin.industriall-union.org\/","name":"industriall-union","description":"","potentialAction":[{"@type":"SearchAction","target":{"@type":"EntryPoint","urlTemplate":"https:\/\/admin.industriall-union.org\/?s={search_term_string}"},"query-input":{"@type":"PropertyValueSpecification","valueRequired":true,"valueName":"search_term_string"}}],"inLanguage":"es-ES"}]}},"_links":{"self":[{"href":"https:\/\/admin.industriall-union.org\/es\/wp-json\/wp\/v2\/article\/173669","targetHints":{"allow":["GET"]}}],"collection":[{"href":"https:\/\/admin.industriall-union.org\/es\/wp-json\/wp\/v2\/article"}],"about":[{"href":"https:\/\/admin.industriall-union.org\/es\/wp-json\/wp\/v2\/types\/article"}],"wp:attachment":[{"href":"https:\/\/admin.industriall-union.org\/es\/wp-json\/wp\/v2\/media?parent=173669"}],"wp:term":[{"taxonomy":"issues","embeddable":true,"href":"https:\/\/admin.industriall-union.org\/es\/wp-json\/wp\/v2\/issues?post=173669"},{"taxonomy":"companies","embeddable":true,"href":"https:\/\/admin.industriall-union.org\/es\/wp-json\/wp\/v2\/companies?post=173669"},{"taxonomy":"regions","embeddable":true,"href":"https:\/\/admin.industriall-union.org\/es\/wp-json\/wp\/v2\/regions?post=173669"},{"taxonomy":"sectors","embeddable":true,"href":"https:\/\/admin.industriall-union.org\/es\/wp-json\/wp\/v2\/sectors?post=173669"},{"taxonomy":"article_tags","embeddable":true,"href":"https:\/\/admin.industriall-union.org\/es\/wp-json\/wp\/v2\/article_tags?post=173669"}],"curies":[{"name":"wp","href":"https:\/\/api.w.org\/{rel}","templated":true}]}}