{"id":173663,"date":"2013-06-25T09:03:33","date_gmt":"2013-06-25T09:03:33","guid":{"rendered":"https:\/\/admin.industriall-union.org\/marcha-del-cep-por-la-igualdad\/"},"modified":"2025-02-08T10:37:49","modified_gmt":"2025-02-08T10:37:49","slug":"marcha-del-cep-por-la-igualdad","status":"publish","type":"article","link":"https:\/\/admin.industriall-union.org\/es\/marcha-del-cep-por-la-igualdad\/","title":{"rendered":"Marcha del CEP por la igualdad"},"content":{"rendered":"<p>La marcha fue la culminaci\u00f3n de la 10&ordf; Conferencia de las Mujeres del CEP, cuyo lema era <em>A Feminist&rsquo;s Recipe for Democracy <\/em>(Una receta feminista para la democracia). Uno de los documentos discutidos fue <em>Cookbook for Women&rsquo;s Equality, out of the kitchen, cooking up equality <\/em>(Recetario para la igualdad de las mujeres, fuera de la cocina, cocinando la igualdad).<\/p><p>La conferencia se celebr\u00f3 del 20 al 22 de junio de 2013. Fue organizada principalmente en forma de sesiones de caf\u00e9 mundiales, en las que las mujeres adquieren calificaciones que les permiten recuperar lo que han perdido con el gobierno conservador. Se trataba de obtener herramientas de activismo y de adquirir conocimientos pr\u00e1cticos que permitan a las mujeres movilizar a sus miembros y luchar por la igualdad y la democracia. Los principales oradores presentaron debates sobre derechos ind\u00edgenas, derechos de reproducci\u00f3n y cuidado de ni\u00f1os.<\/p><p>La conferencia estuvo marcada por la presencia de muchas mujeres j\u00f3venes que participaban por primera vez. Pero era tambi\u00e9n la \u00faltima vez que asist\u00edan a una conferencia de las mujeres del CEP, porque el CEP y el Canadian Auto Workers CAW est\u00e1n creando un nuevo sindicato, que nacer\u00e1 en septiembre y se denominar\u00e1 Unifor. El nuevo sindicato, Unifor, representar\u00e1 a m\u00e1s de 80.000 mujeres en varios sectores clave de la econom\u00eda canadiense.<\/p>","protected":false},"featured_media":0,"template":"","issues":[412,397],"companies":[],"regions":[309],"sectors":[482,483,474],"article_tags":[],"class_list":["post-173663","article","type-article","status-publish","hentry","issues-social-justice-and-globalization","issues-women","regions-canada","sectors-automotive","sectors-energy-oil-gas-electricity-and-nuclear","sectors-pulp-and-paper"],"acf":[],"yoast_head":"<!-- This site is optimized with the Yoast SEO Premium plugin v27.1 (Yoast SEO v27.1) - https:\/\/yoast.com\/product\/yoast-seo-premium-wordpress\/ -->\n<title>Marcha del CEP por la igualdad - industriall-union<\/title>\n<meta name=\"description\" content=\"La marcha fue la culminaci\u00f3n de la 10&ordf; Conferencia de las Mujeres del CEP, cuyo lema era A Feminist&rsquo;s Recipe for Democracy (Una receta\" \/>\n<meta name=\"robots\" content=\"index, follow, max-snippet:-1, max-image-preview:large, max-video-preview:-1\" \/>\n<link rel=\"canonical\" href=\"https:\/\/admin.industriall-union.org\/es\/marcha-del-cep-por-la-igualdad\/\" \/>\n<meta property=\"og:locale\" content=\"es_ES\" \/>\n<meta property=\"og:type\" content=\"article\" \/>\n<meta property=\"og:title\" content=\"Marcha del CEP por la igualdad\" \/>\n<meta property=\"og:description\" content=\"La marcha fue la culminaci\u00f3n de la 10&ordf; Conferencia de las Mujeres del CEP, cuyo lema era A Feminist&rsquo;s Recipe for Democracy (Una receta\" \/>\n<meta property=\"og:url\" content=\"https:\/\/admin.industriall-union.org\/es\/marcha-del-cep-por-la-igualdad\/\" \/>\n<meta property=\"og:site_name\" content=\"industriall-union\" \/>\n<meta property=\"article:modified_time\" content=\"2025-02-08T10:37:49+00:00\" \/>\n<meta name=\"twitter:card\" content=\"summary_large_image\" \/>\n<meta name=\"twitter:label1\" content=\"Est. reading time\" \/>\n\t<meta name=\"twitter:data1\" content=\"1 minute\" \/>\n<script type=\"application\/ld+json\" class=\"yoast-schema-graph\">{\"@context\":\"https:\/\/schema.org\",\"@graph\":[{\"@type\":\"WebPage\",\"@id\":\"https:\/\/admin.industriall-union.org\/es\/marcha-del-cep-por-la-igualdad\/\",\"url\":\"https:\/\/admin.industriall-union.org\/es\/marcha-del-cep-por-la-igualdad\/\",\"name\":\"Marcha del CEP por la igualdad - industriall-union\",\"isPartOf\":{\"@id\":\"https:\/\/admin.industriall-union.org\/#website\"},\"datePublished\":\"2013-06-25T09:03:33+00:00\",\"dateModified\":\"2025-02-08T10:37:49+00:00\",\"description\":\"La marcha fue la culminaci\u00f3n de la 10&ordf; Conferencia de las Mujeres del CEP, cuyo lema era A Feminist&rsquo;s Recipe for Democracy (Una receta\",\"breadcrumb\":{\"@id\":\"https:\/\/admin.industriall-union.org\/es\/marcha-del-cep-por-la-igualdad\/#breadcrumb\"},\"inLanguage\":\"es-ES\",\"potentialAction\":[{\"@type\":\"ReadAction\",\"target\":[\"https:\/\/admin.industriall-union.org\/es\/marcha-del-cep-por-la-igualdad\/\"]}]},{\"@type\":\"BreadcrumbList\",\"@id\":\"https:\/\/admin.industriall-union.org\/es\/marcha-del-cep-por-la-igualdad\/#breadcrumb\",\"itemListElement\":[{\"@type\":\"ListItem\",\"position\":1,\"name\":\"Home\",\"item\":\"https:\/\/admin.industriall-union.org\/\"},{\"@type\":\"ListItem\",\"position\":2,\"name\":\"Articles\",\"item\":\"https:\/\/admin.industriall-union.org\/article\/\"},{\"@type\":\"ListItem\",\"position\":3,\"name\":\"Marcha del CEP por la igualdad\"}]},{\"@type\":\"WebSite\",\"@id\":\"https:\/\/admin.industriall-union.org\/#website\",\"url\":\"https:\/\/admin.industriall-union.org\/\",\"name\":\"industriall-union\",\"description\":\"\",\"potentialAction\":[{\"@type\":\"SearchAction\",\"target\":{\"@type\":\"EntryPoint\",\"urlTemplate\":\"https:\/\/admin.industriall-union.org\/?s={search_term_string}\"},\"query-input\":{\"@type\":\"PropertyValueSpecification\",\"valueRequired\":true,\"valueName\":\"search_term_string\"}}],\"inLanguage\":\"es-ES\"}]}<\/script>\n<!-- \/ Yoast SEO Premium plugin. -->","yoast_head_json":{"title":"Marcha del CEP por la igualdad - industriall-union","description":"La marcha fue la culminaci\u00f3n de la 10&ordf; Conferencia de las Mujeres del CEP, cuyo lema era A Feminist&rsquo;s Recipe for Democracy (Una receta","robots":{"index":"index","follow":"follow","max-snippet":"max-snippet:-1","max-image-preview":"max-image-preview:large","max-video-preview":"max-video-preview:-1"},"canonical":"https:\/\/admin.industriall-union.org\/es\/marcha-del-cep-por-la-igualdad\/","og_locale":"es_ES","og_type":"article","og_title":"Marcha del CEP por la igualdad","og_description":"La marcha fue la culminaci\u00f3n de la 10&ordf; Conferencia de las Mujeres del CEP, cuyo lema era A Feminist&rsquo;s Recipe for Democracy (Una receta","og_url":"https:\/\/admin.industriall-union.org\/es\/marcha-del-cep-por-la-igualdad\/","og_site_name":"industriall-union","article_modified_time":"2025-02-08T10:37:49+00:00","twitter_card":"summary_large_image","twitter_misc":{"Est. reading time":"1 minute"},"schema":{"@context":"https:\/\/schema.org","@graph":[{"@type":"WebPage","@id":"https:\/\/admin.industriall-union.org\/es\/marcha-del-cep-por-la-igualdad\/","url":"https:\/\/admin.industriall-union.org\/es\/marcha-del-cep-por-la-igualdad\/","name":"Marcha del CEP por la igualdad - industriall-union","isPartOf":{"@id":"https:\/\/admin.industriall-union.org\/#website"},"datePublished":"2013-06-25T09:03:33+00:00","dateModified":"2025-02-08T10:37:49+00:00","description":"La marcha fue la culminaci\u00f3n de la 10&ordf; Conferencia de las Mujeres del CEP, cuyo lema era A Feminist&rsquo;s Recipe for Democracy (Una receta","breadcrumb":{"@id":"https:\/\/admin.industriall-union.org\/es\/marcha-del-cep-por-la-igualdad\/#breadcrumb"},"inLanguage":"es-ES","potentialAction":[{"@type":"ReadAction","target":["https:\/\/admin.industriall-union.org\/es\/marcha-del-cep-por-la-igualdad\/"]}]},{"@type":"BreadcrumbList","@id":"https:\/\/admin.industriall-union.org\/es\/marcha-del-cep-por-la-igualdad\/#breadcrumb","itemListElement":[{"@type":"ListItem","position":1,"name":"Home","item":"https:\/\/admin.industriall-union.org\/"},{"@type":"ListItem","position":2,"name":"Articles","item":"https:\/\/admin.industriall-union.org\/article\/"},{"@type":"ListItem","position":3,"name":"Marcha del CEP por la igualdad"}]},{"@type":"WebSite","@id":"https:\/\/admin.industriall-union.org\/#website","url":"https:\/\/admin.industriall-union.org\/","name":"industriall-union","description":"","potentialAction":[{"@type":"SearchAction","target":{"@type":"EntryPoint","urlTemplate":"https:\/\/admin.industriall-union.org\/?s={search_term_string}"},"query-input":{"@type":"PropertyValueSpecification","valueRequired":true,"valueName":"search_term_string"}}],"inLanguage":"es-ES"}]}},"_links":{"self":[{"href":"https:\/\/admin.industriall-union.org\/es\/wp-json\/wp\/v2\/article\/173663","targetHints":{"allow":["GET"]}}],"collection":[{"href":"https:\/\/admin.industriall-union.org\/es\/wp-json\/wp\/v2\/article"}],"about":[{"href":"https:\/\/admin.industriall-union.org\/es\/wp-json\/wp\/v2\/types\/article"}],"wp:attachment":[{"href":"https:\/\/admin.industriall-union.org\/es\/wp-json\/wp\/v2\/media?parent=173663"}],"wp:term":[{"taxonomy":"issues","embeddable":true,"href":"https:\/\/admin.industriall-union.org\/es\/wp-json\/wp\/v2\/issues?post=173663"},{"taxonomy":"companies","embeddable":true,"href":"https:\/\/admin.industriall-union.org\/es\/wp-json\/wp\/v2\/companies?post=173663"},{"taxonomy":"regions","embeddable":true,"href":"https:\/\/admin.industriall-union.org\/es\/wp-json\/wp\/v2\/regions?post=173663"},{"taxonomy":"sectors","embeddable":true,"href":"https:\/\/admin.industriall-union.org\/es\/wp-json\/wp\/v2\/sectors?post=173663"},{"taxonomy":"article_tags","embeddable":true,"href":"https:\/\/admin.industriall-union.org\/es\/wp-json\/wp\/v2\/article_tags?post=173663"}],"curies":[{"name":"wp","href":"https:\/\/api.w.org\/{rel}","templated":true}]}}