{"id":173612,"date":"2013-07-03T10:24:41","date_gmt":"2013-07-03T10:24:41","guid":{"rendered":"https:\/\/admin.industriall-union.org\/la-industriall-firma-un-amm-con-el-grupo-renault\/"},"modified":"2025-02-08T10:24:15","modified_gmt":"2025-02-08T10:24:15","slug":"la-industriall-firma-un-amm-con-el-grupo-renault","status":"publish","type":"article","link":"https:\/\/admin.industriall-union.org\/es\/la-industriall-firma-un-amm-con-el-grupo-renault\/","title":{"rendered":"La IndustriALL firma un AMM con el Grupo Renault"},"content":{"rendered":"<p>El Acuerdo Marco Mundial (AMM) firmado el 2 de julio de 2013 en Par\u00eds es la consecuencia de la &ldquo;Declaraci\u00f3n de Derechos Fundamentales de los Empleados&rdquo; de 2 de octubre de 2004. La ceremonia de la firma tuvo lugar con motivo de la reuni\u00f3n del Comit\u00e9 de Empresa del Grupo, que este a\u00f1o coincidi\u00f3 con la celebraci\u00f3n del 20&ordm; aniversario del Comit\u00e9.<\/p><p>El nuevo a cuerdo consolida los compromisos de la compa\u00f1\u00eda con las normas laborales de la OIT, incluidas la libertad sindical y la neutralidad, y contiene varias mejoras importantes, en particular con respecto a calificaciones, formaci\u00f3n, salud y seguridad, y diversidad. Las cl\u00e1usulas sobre la responsabilidad de los proveedores y los subcontratistas se han reforzado considerablemente, y el respeto de los derechos fundamentales se ha considerado un criterio determinante en su selecci\u00f3n. El acuerdo contiene tambi\u00e9n nuevos compromisos sobre la protecci\u00f3n del medio ambiente y el desarrollo sostenible, as\u00ed como mejores disposiciones sobre la aplicaci\u00f3n y el seguimiento. Se ha creado un comit\u00e9 integrado por representantes de la IndustriALL y de la direcci\u00f3n, y de miembros del Comit\u00e9 de Empresa, para supervisar la aplicaci\u00f3n efectiva del AMM.<\/p><p>Adem\u00e1s, el texto abre la v\u00eda para otros acuerdos tem\u00e1ticos mundiales que se negociar\u00e1n con la IndustriALL en el futuro. El secretario general de la IndustriALL, Jyrki Raina, elogi\u00f3 las importantes mejoras en la Declaraci\u00f3n de 2044 y el ambiente franco y constructivo que prevaleci\u00f3 en todo el proceso de negociaci\u00f3n. En un comunicado de prensa conjunto declar\u00f3: &rdquo;El acuerdo contiene notables mejoras en materia de derechos fundamentales del trabajo, sobre todo en lo relativo a la libertad sindical, la salud y la seguridad, la formaci\u00f3n y el medio ambiente. La IndustriALL aplaude el firme compromiso de Renault de fomentar estos derechos en sus proveedores y subcontratistas y promover el di\u00e1logo social a nivel mundial.&rdquo;&nbsp; Marie-Fran\u00e7oise Damesin, vicepresidenta ejecutiva, Recursos Humanos del Grupo Renault, dijo: &ldquo;Acojo con satisfacci\u00f3n el acuerdo, que refleja el compromiso de Renault con la responsabilidad empresarial, social y ambiental. Es el resultado de un di\u00e1logo social responsable construido durante m\u00e1s de 20 a\u00f1os en el \u00e1mbito internacional&rdquo;. Jocelyne Andreu, secretaria del Comit\u00e9 de Empresa del Grupo Renault, expres\u00f3 su satisfacci\u00f3n diciendo: &ldquo;Este acuerdo es el resultado de varios meses de discusiones y simboliza la madurez del di\u00e1logo entre el empleador y los empleados. Estoy convencida de que su aplicaci\u00f3n influir\u00e1 considerablemente en el progreso y el \u00e9xito de la compa\u00f1\u00eda y de sus empleados.&rdquo;<\/p><p>El Grupo Renault fabrica veh\u00edculos con tres marcas &#8211; Renault, Dacia y Renault Samsung Motors &ndash; y tiene una alianza con Nissan desde 1999. Est\u00e1 presente en 118 pa\u00edses con 38 plantas de producci\u00f3n, y emplea a 127.000 personas en todo el mundo. En 2012, la Alianza inaugur\u00f3 una planta en T\u00e1nger (Marruecos) que se espera tenga unos 6.000 trabajadores en 2015.<\/p><p>Este nuevo acuerdo se enmarca en el Plan de Acci\u00f3n de la IndustriALL, que aboga por el establecimiento de un di\u00e1logo social regular a nivel mundial para que las relaciones laborales constructivas conduzcan a negociaciones a nivel mundial.<\/p>","protected":false},"featured_media":0,"template":"","issues":[407,412],"companies":[110],"regions":[155,202,217,254,288,308,311],"sectors":[482],"article_tags":[],"class_list":["post-173612","article","type-article","status-publish","hentry","issues-global-framework-agreements","issues-social-justice-and-globalization","companies-renault","regions-asia-pacific","regions-europe","regions-france","regions-latin-america-and-the-caribbean","regions-middle-east-and-north-africa","regions-north-america","regions-sub-saharan-africa","sectors-automotive"],"acf":[],"yoast_head":"<!-- This site is optimized with the Yoast SEO Premium plugin v27.1 (Yoast SEO v27.1) - https:\/\/yoast.com\/product\/yoast-seo-premium-wordpress\/ -->\n<title>La IndustriALL firma un AMM con el Grupo Renault - industriall-union<\/title>\n<meta name=\"description\" content=\"El Acuerdo Marco Mundial (AMM) firmado el 2 de julio de 2013 en Par\u00eds es la consecuencia de la &ldquo;Declaraci\u00f3n de Derechos Fundamentales de los\" \/>\n<meta name=\"robots\" content=\"index, follow, max-snippet:-1, max-image-preview:large, max-video-preview:-1\" \/>\n<link rel=\"canonical\" href=\"https:\/\/admin.industriall-union.org\/es\/la-industriall-firma-un-amm-con-el-grupo-renault\/\" \/>\n<meta property=\"og:locale\" content=\"es_ES\" \/>\n<meta property=\"og:type\" content=\"article\" \/>\n<meta property=\"og:title\" content=\"La IndustriALL firma un AMM con el Grupo Renault\" \/>\n<meta property=\"og:description\" content=\"El Acuerdo Marco Mundial (AMM) firmado el 2 de julio de 2013 en Par\u00eds es la consecuencia de la &ldquo;Declaraci\u00f3n de Derechos Fundamentales de los\" \/>\n<meta property=\"og:url\" content=\"https:\/\/admin.industriall-union.org\/es\/la-industriall-firma-un-amm-con-el-grupo-renault\/\" \/>\n<meta property=\"og:site_name\" content=\"industriall-union\" \/>\n<meta property=\"article:modified_time\" content=\"2025-02-08T10:24:15+00:00\" \/>\n<meta name=\"twitter:card\" content=\"summary_large_image\" \/>\n<meta name=\"twitter:label1\" content=\"Est. reading time\" \/>\n\t<meta name=\"twitter:data1\" content=\"3 minutes\" \/>\n<script type=\"application\/ld+json\" class=\"yoast-schema-graph\">{\"@context\":\"https:\/\/schema.org\",\"@graph\":[{\"@type\":\"WebPage\",\"@id\":\"https:\/\/admin.industriall-union.org\/es\/la-industriall-firma-un-amm-con-el-grupo-renault\/\",\"url\":\"https:\/\/admin.industriall-union.org\/es\/la-industriall-firma-un-amm-con-el-grupo-renault\/\",\"name\":\"La IndustriALL firma un AMM con el Grupo Renault - industriall-union\",\"isPartOf\":{\"@id\":\"https:\/\/admin.industriall-union.org\/#website\"},\"datePublished\":\"2013-07-03T10:24:41+00:00\",\"dateModified\":\"2025-02-08T10:24:15+00:00\",\"description\":\"El Acuerdo Marco Mundial (AMM) firmado el 2 de julio de 2013 en Par\u00eds es la consecuencia de la &ldquo;Declaraci\u00f3n de Derechos Fundamentales de los\",\"breadcrumb\":{\"@id\":\"https:\/\/admin.industriall-union.org\/es\/la-industriall-firma-un-amm-con-el-grupo-renault\/#breadcrumb\"},\"inLanguage\":\"es-ES\",\"potentialAction\":[{\"@type\":\"ReadAction\",\"target\":[\"https:\/\/admin.industriall-union.org\/es\/la-industriall-firma-un-amm-con-el-grupo-renault\/\"]}]},{\"@type\":\"BreadcrumbList\",\"@id\":\"https:\/\/admin.industriall-union.org\/es\/la-industriall-firma-un-amm-con-el-grupo-renault\/#breadcrumb\",\"itemListElement\":[{\"@type\":\"ListItem\",\"position\":1,\"name\":\"Home\",\"item\":\"https:\/\/admin.industriall-union.org\/\"},{\"@type\":\"ListItem\",\"position\":2,\"name\":\"Articles\",\"item\":\"https:\/\/admin.industriall-union.org\/article\/\"},{\"@type\":\"ListItem\",\"position\":3,\"name\":\"La IndustriALL firma un AMM con el Grupo Renault\"}]},{\"@type\":\"WebSite\",\"@id\":\"https:\/\/admin.industriall-union.org\/#website\",\"url\":\"https:\/\/admin.industriall-union.org\/\",\"name\":\"industriall-union\",\"description\":\"\",\"potentialAction\":[{\"@type\":\"SearchAction\",\"target\":{\"@type\":\"EntryPoint\",\"urlTemplate\":\"https:\/\/admin.industriall-union.org\/?s={search_term_string}\"},\"query-input\":{\"@type\":\"PropertyValueSpecification\",\"valueRequired\":true,\"valueName\":\"search_term_string\"}}],\"inLanguage\":\"es-ES\"}]}<\/script>\n<!-- \/ Yoast SEO Premium plugin. -->","yoast_head_json":{"title":"La IndustriALL firma un AMM con el Grupo Renault - industriall-union","description":"El Acuerdo Marco Mundial (AMM) firmado el 2 de julio de 2013 en Par\u00eds es la consecuencia de la &ldquo;Declaraci\u00f3n de Derechos Fundamentales de los","robots":{"index":"index","follow":"follow","max-snippet":"max-snippet:-1","max-image-preview":"max-image-preview:large","max-video-preview":"max-video-preview:-1"},"canonical":"https:\/\/admin.industriall-union.org\/es\/la-industriall-firma-un-amm-con-el-grupo-renault\/","og_locale":"es_ES","og_type":"article","og_title":"La IndustriALL firma un AMM con el Grupo Renault","og_description":"El Acuerdo Marco Mundial (AMM) firmado el 2 de julio de 2013 en Par\u00eds es la consecuencia de la &ldquo;Declaraci\u00f3n de Derechos Fundamentales de los","og_url":"https:\/\/admin.industriall-union.org\/es\/la-industriall-firma-un-amm-con-el-grupo-renault\/","og_site_name":"industriall-union","article_modified_time":"2025-02-08T10:24:15+00:00","twitter_card":"summary_large_image","twitter_misc":{"Est. reading time":"3 minutes"},"schema":{"@context":"https:\/\/schema.org","@graph":[{"@type":"WebPage","@id":"https:\/\/admin.industriall-union.org\/es\/la-industriall-firma-un-amm-con-el-grupo-renault\/","url":"https:\/\/admin.industriall-union.org\/es\/la-industriall-firma-un-amm-con-el-grupo-renault\/","name":"La IndustriALL firma un AMM con el Grupo Renault - industriall-union","isPartOf":{"@id":"https:\/\/admin.industriall-union.org\/#website"},"datePublished":"2013-07-03T10:24:41+00:00","dateModified":"2025-02-08T10:24:15+00:00","description":"El Acuerdo Marco Mundial (AMM) firmado el 2 de julio de 2013 en Par\u00eds es la consecuencia de la &ldquo;Declaraci\u00f3n de Derechos Fundamentales de los","breadcrumb":{"@id":"https:\/\/admin.industriall-union.org\/es\/la-industriall-firma-un-amm-con-el-grupo-renault\/#breadcrumb"},"inLanguage":"es-ES","potentialAction":[{"@type":"ReadAction","target":["https:\/\/admin.industriall-union.org\/es\/la-industriall-firma-un-amm-con-el-grupo-renault\/"]}]},{"@type":"BreadcrumbList","@id":"https:\/\/admin.industriall-union.org\/es\/la-industriall-firma-un-amm-con-el-grupo-renault\/#breadcrumb","itemListElement":[{"@type":"ListItem","position":1,"name":"Home","item":"https:\/\/admin.industriall-union.org\/"},{"@type":"ListItem","position":2,"name":"Articles","item":"https:\/\/admin.industriall-union.org\/article\/"},{"@type":"ListItem","position":3,"name":"La IndustriALL firma un AMM con el Grupo Renault"}]},{"@type":"WebSite","@id":"https:\/\/admin.industriall-union.org\/#website","url":"https:\/\/admin.industriall-union.org\/","name":"industriall-union","description":"","potentialAction":[{"@type":"SearchAction","target":{"@type":"EntryPoint","urlTemplate":"https:\/\/admin.industriall-union.org\/?s={search_term_string}"},"query-input":{"@type":"PropertyValueSpecification","valueRequired":true,"valueName":"search_term_string"}}],"inLanguage":"es-ES"}]}},"_links":{"self":[{"href":"https:\/\/admin.industriall-union.org\/es\/wp-json\/wp\/v2\/article\/173612","targetHints":{"allow":["GET"]}}],"collection":[{"href":"https:\/\/admin.industriall-union.org\/es\/wp-json\/wp\/v2\/article"}],"about":[{"href":"https:\/\/admin.industriall-union.org\/es\/wp-json\/wp\/v2\/types\/article"}],"wp:attachment":[{"href":"https:\/\/admin.industriall-union.org\/es\/wp-json\/wp\/v2\/media?parent=173612"}],"wp:term":[{"taxonomy":"issues","embeddable":true,"href":"https:\/\/admin.industriall-union.org\/es\/wp-json\/wp\/v2\/issues?post=173612"},{"taxonomy":"companies","embeddable":true,"href":"https:\/\/admin.industriall-union.org\/es\/wp-json\/wp\/v2\/companies?post=173612"},{"taxonomy":"regions","embeddable":true,"href":"https:\/\/admin.industriall-union.org\/es\/wp-json\/wp\/v2\/regions?post=173612"},{"taxonomy":"sectors","embeddable":true,"href":"https:\/\/admin.industriall-union.org\/es\/wp-json\/wp\/v2\/sectors?post=173612"},{"taxonomy":"article_tags","embeddable":true,"href":"https:\/\/admin.industriall-union.org\/es\/wp-json\/wp\/v2\/article_tags?post=173612"}],"curies":[{"name":"wp","href":"https:\/\/api.w.org\/{rel}","templated":true}]}}