{"id":173580,"date":"2013-07-08T15:58:50","date_gmt":"2013-07-08T15:58:50","guid":{"rendered":"https:\/\/admin.industriall-union.org\/el-nuevo-pacto-de-la-ue-insta-a-las-empresas-a-firmar-inmediatamente-el-acuerdo-de-bangladesh\/"},"modified":"2025-02-08T10:10:00","modified_gmt":"2025-02-08T10:10:00","slug":"el-nuevo-pacto-de-la-ue-insta-a-las-empresas-a-firmar-inmediatamente-el-acuerdo-de-bangladesh","status":"publish","type":"article","link":"https:\/\/admin.industriall-union.org\/es\/el-nuevo-pacto-de-la-ue-insta-a-las-empresas-a-firmar-inmediatamente-el-acuerdo-de-bangladesh\/","title":{"rendered":"El nuevo Pacto de la UE insta a las empresas a firmar inmediatamente el Acuerdo de Bangladesh"},"content":{"rendered":"<p>En una declaraci\u00f3n conjunta para poner en marcha el nuevo Pacto de la UE, el comisario de la UE Karel de Gucht, el director general de la OIT, Guy Ryder, y el ministro de Relaciones Exteriores de Bangladesh, Dupi Moni, dijeron:<\/p><blockquote><p>Acogemos con satisfacci\u00f3n que m\u00e1s de 70 importantes marcas de moda y minoristas que se abastecen de prendas de vestir confeccionadas en Bangladesh hayan firmado el Acuerdo sobre seguridad contra incendios y de los edificios a fin de coordinar sus esfuerzos para ayudar a mejorar la seguridad en las f\u00e1bricas de Bangladesh que les proveen. A este prop\u00f3sito, animan a otras empresas, incluidas las PYME, a adherirse al Acuerdo r\u00e1pidamente seg\u00fan sus respectivas capacidades.<\/p><\/blockquote><p>El secretario general de la IndustriALL, Jyrki Raina, acogi\u00f3 muy satisfecho este nuevo respaldo:<\/p><blockquote><p>Al alcanzar otro hito importante en el Acuerdo sobre Bangladesh, acerc\u00e1ndonos al fin del primer proceso de aplicaci\u00f3n de 45 d\u00edas, damos la bienvenida a este nuevo y gran apoyo. La UE participa tarde, pero su funci\u00f3n es esencial en la labor para lograr que la industria de la confecci\u00f3n bangladesh\u00ed sea segura.<\/p><\/blockquote><blockquote><p>Cada d\u00eda hay m\u00e1s empresas que firman el Acuerdo. El nuevo Pacto reconoce la urgencia de que m\u00e1s compa\u00f1\u00edas firmen el Acuerdo y ampl\u00eden la coalici\u00f3n en beneficio de los trabajadores bangladesh\u00edes.<\/p><\/blockquote><p>El vicesecretario general de la UNI Global Union, Christy Hoffman, dijo:<\/p><blockquote><p>El Acuerdo avanza con el apoyo de las compa\u00f1\u00edas y el respaldo de las instituciones internacionales, entre ellas la UE, la OIT y las NU. Juntos mejoraremos la vida de los trabajadores de las f\u00e1bricas de ropa de Bangladesh.<\/p><\/blockquote><p><strong>Lista completa de las empresas firmantes del Acuerdo:<\/strong><\/p><p>Abercrombie &amp; Fitch<br \/>Aldi Nord<br \/>Aldi South<br \/>Auchan<br \/>Belotex<br \/>Benetton<br \/>Bestseller<br \/>Bonmarche<br \/>C&amp;A<br \/>Camaieu<br \/>Carrefour<br \/>Charles Voegele<br \/>Chicca<br \/>Comtex<br \/>Coop Danmark<br \/>Cotton On<br \/>Dansk<br \/>Daytex<br \/>Debenham<br \/>Distra<br \/>DK Company<br \/>El Corte Ingles<br \/>Ernstings&#039;s Family<br \/>Esprit<br \/>Fat Face<br \/>Forever New<br \/>Gstar<br \/>H&amp;M<br \/>Helly Hansen<br \/>Hema<br \/>Herding Heimtextil<br \/>Hess Natur-Textilien GmbH<br \/>Horizonte<br \/>Inditex<br \/>JBC<br \/>Jogilo<br \/>John Lewis<br \/>Juritex<br \/>Kik<br \/>Kmart (Australia)<br \/>LC WAIKIKI<br \/>Leclerc<br \/>Lidl<br \/>Loblaw<br \/>Mango<br \/>Marks and Spencer<br \/>Metro<br \/>Mothercare<br \/>Multiline<br \/>N Brown<br \/>New Look<br \/>Next<br \/>Otto Group<br \/>Primark<br \/>PUMA<br \/>PVH<br \/>Rewe<br \/>S Olivier<br \/>Sainsbury<br \/>Schmidt Group<br \/>Scoop NYC \/ Zac Posen<br \/>Sean John Apparel<br \/>Shop Direct Group<br \/>Stockmann<br \/>Switcher<br \/>Target (Australia)<br \/>Tchibo<br \/>Tesco<br \/>Texman<br \/>Topgrade International<br \/>V&amp;D<br \/>Varner Group<br \/>Voice Norge AS<br \/>We Europe<br \/>Zeeman<\/p><p><strong>Contactos:<\/strong><\/p><p>Tom Grinter, IndustriALL, Mobile: +41 79 693 44 99,<br \/>TGrinter@industriALL-Union.org&nbsp;<\/p><p>Richard Elliott, UNI Global Union, Mobile: +41 79 794 9709,<br \/>richard.elliott@uniglobalunion.org<\/p><p>Andy York &ndash; Ethical Trading Manager &ndash; N Brown Group &ndash; Contact Fergus Wylie &#8211; Newgate Communications &#8211; +44 (0) 20 7680 6550<\/p>","protected":false},"featured_media":0,"template":"","issues":[414,402],"companies":[],"regions":[159],"sectors":[465,468],"article_tags":[521],"class_list":["post-173580","article","type-article","status-publish","hentry","issues-action-on-bangladesh","issues-health-and-safety","regions-bangladesh","sectors-garment","sectors-textile-industry","article_tags-press-release"],"acf":[],"yoast_head":"<!-- This site is optimized with the Yoast SEO Premium plugin v27.1 (Yoast SEO v27.1) - https:\/\/yoast.com\/product\/yoast-seo-premium-wordpress\/ -->\n<title>El nuevo Pacto de la UE insta a las empresas a firmar inmediatamente el Acuerdo de Bangladesh - industriall-union<\/title>\n<meta name=\"description\" content=\"En una declaraci\u00f3n conjunta para poner en marcha el nuevo Pacto de la UE, el comisario de la UE Karel de Gucht, el director general de la OIT, Guy Ryder,\" \/>\n<meta name=\"robots\" content=\"index, follow, max-snippet:-1, max-image-preview:large, max-video-preview:-1\" \/>\n<link rel=\"canonical\" href=\"https:\/\/admin.industriall-union.org\/es\/el-nuevo-pacto-de-la-ue-insta-a-las-empresas-a-firmar-inmediatamente-el-acuerdo-de-bangladesh\/\" \/>\n<meta property=\"og:locale\" content=\"es_ES\" \/>\n<meta property=\"og:type\" content=\"article\" \/>\n<meta property=\"og:title\" content=\"El nuevo Pacto de la UE insta a las empresas a firmar inmediatamente el Acuerdo de Bangladesh\" \/>\n<meta property=\"og:description\" content=\"En una declaraci\u00f3n conjunta para poner en marcha el nuevo Pacto de la UE, el comisario de la UE Karel de Gucht, el director general de la OIT, Guy Ryder,\" \/>\n<meta property=\"og:url\" content=\"https:\/\/admin.industriall-union.org\/es\/el-nuevo-pacto-de-la-ue-insta-a-las-empresas-a-firmar-inmediatamente-el-acuerdo-de-bangladesh\/\" \/>\n<meta property=\"og:site_name\" content=\"industriall-union\" \/>\n<meta property=\"article:modified_time\" content=\"2025-02-08T10:10:00+00:00\" \/>\n<meta name=\"twitter:card\" content=\"summary_large_image\" \/>\n<meta name=\"twitter:label1\" content=\"Est. reading time\" \/>\n\t<meta name=\"twitter:data1\" content=\"2 minutes\" \/>\n<script type=\"application\/ld+json\" class=\"yoast-schema-graph\">{\"@context\":\"https:\/\/schema.org\",\"@graph\":[{\"@type\":\"WebPage\",\"@id\":\"https:\/\/admin.industriall-union.org\/es\/el-nuevo-pacto-de-la-ue-insta-a-las-empresas-a-firmar-inmediatamente-el-acuerdo-de-bangladesh\/\",\"url\":\"https:\/\/admin.industriall-union.org\/es\/el-nuevo-pacto-de-la-ue-insta-a-las-empresas-a-firmar-inmediatamente-el-acuerdo-de-bangladesh\/\",\"name\":\"El nuevo Pacto de la UE insta a las empresas a firmar inmediatamente el Acuerdo de Bangladesh - industriall-union\",\"isPartOf\":{\"@id\":\"https:\/\/admin.industriall-union.org\/#website\"},\"datePublished\":\"2013-07-08T15:58:50+00:00\",\"dateModified\":\"2025-02-08T10:10:00+00:00\",\"description\":\"En una declaraci\u00f3n conjunta para poner en marcha el nuevo Pacto de la UE, el comisario de la UE Karel de Gucht, el director general de la OIT, Guy Ryder,\",\"breadcrumb\":{\"@id\":\"https:\/\/admin.industriall-union.org\/es\/el-nuevo-pacto-de-la-ue-insta-a-las-empresas-a-firmar-inmediatamente-el-acuerdo-de-bangladesh\/#breadcrumb\"},\"inLanguage\":\"es-ES\",\"potentialAction\":[{\"@type\":\"ReadAction\",\"target\":[\"https:\/\/admin.industriall-union.org\/es\/el-nuevo-pacto-de-la-ue-insta-a-las-empresas-a-firmar-inmediatamente-el-acuerdo-de-bangladesh\/\"]}]},{\"@type\":\"BreadcrumbList\",\"@id\":\"https:\/\/admin.industriall-union.org\/es\/el-nuevo-pacto-de-la-ue-insta-a-las-empresas-a-firmar-inmediatamente-el-acuerdo-de-bangladesh\/#breadcrumb\",\"itemListElement\":[{\"@type\":\"ListItem\",\"position\":1,\"name\":\"Home\",\"item\":\"https:\/\/admin.industriall-union.org\/\"},{\"@type\":\"ListItem\",\"position\":2,\"name\":\"Articles\",\"item\":\"https:\/\/admin.industriall-union.org\/article\/\"},{\"@type\":\"ListItem\",\"position\":3,\"name\":\"El nuevo Pacto de la UE insta a las empresas a firmar inmediatamente el Acuerdo de Bangladesh\"}]},{\"@type\":\"WebSite\",\"@id\":\"https:\/\/admin.industriall-union.org\/#website\",\"url\":\"https:\/\/admin.industriall-union.org\/\",\"name\":\"industriall-union\",\"description\":\"\",\"potentialAction\":[{\"@type\":\"SearchAction\",\"target\":{\"@type\":\"EntryPoint\",\"urlTemplate\":\"https:\/\/admin.industriall-union.org\/?s={search_term_string}\"},\"query-input\":{\"@type\":\"PropertyValueSpecification\",\"valueRequired\":true,\"valueName\":\"search_term_string\"}}],\"inLanguage\":\"es-ES\"}]}<\/script>\n<!-- \/ Yoast SEO Premium plugin. -->","yoast_head_json":{"title":"El nuevo Pacto de la UE insta a las empresas a firmar inmediatamente el Acuerdo de Bangladesh - industriall-union","description":"En una declaraci\u00f3n conjunta para poner en marcha el nuevo Pacto de la UE, el comisario de la UE Karel de Gucht, el director general de la OIT, Guy Ryder,","robots":{"index":"index","follow":"follow","max-snippet":"max-snippet:-1","max-image-preview":"max-image-preview:large","max-video-preview":"max-video-preview:-1"},"canonical":"https:\/\/admin.industriall-union.org\/es\/el-nuevo-pacto-de-la-ue-insta-a-las-empresas-a-firmar-inmediatamente-el-acuerdo-de-bangladesh\/","og_locale":"es_ES","og_type":"article","og_title":"El nuevo Pacto de la UE insta a las empresas a firmar inmediatamente el Acuerdo de Bangladesh","og_description":"En una declaraci\u00f3n conjunta para poner en marcha el nuevo Pacto de la UE, el comisario de la UE Karel de Gucht, el director general de la OIT, Guy Ryder,","og_url":"https:\/\/admin.industriall-union.org\/es\/el-nuevo-pacto-de-la-ue-insta-a-las-empresas-a-firmar-inmediatamente-el-acuerdo-de-bangladesh\/","og_site_name":"industriall-union","article_modified_time":"2025-02-08T10:10:00+00:00","twitter_card":"summary_large_image","twitter_misc":{"Est. reading time":"2 minutes"},"schema":{"@context":"https:\/\/schema.org","@graph":[{"@type":"WebPage","@id":"https:\/\/admin.industriall-union.org\/es\/el-nuevo-pacto-de-la-ue-insta-a-las-empresas-a-firmar-inmediatamente-el-acuerdo-de-bangladesh\/","url":"https:\/\/admin.industriall-union.org\/es\/el-nuevo-pacto-de-la-ue-insta-a-las-empresas-a-firmar-inmediatamente-el-acuerdo-de-bangladesh\/","name":"El nuevo Pacto de la UE insta a las empresas a firmar inmediatamente el Acuerdo de Bangladesh - industriall-union","isPartOf":{"@id":"https:\/\/admin.industriall-union.org\/#website"},"datePublished":"2013-07-08T15:58:50+00:00","dateModified":"2025-02-08T10:10:00+00:00","description":"En una declaraci\u00f3n conjunta para poner en marcha el nuevo Pacto de la UE, el comisario de la UE Karel de Gucht, el director general de la OIT, Guy Ryder,","breadcrumb":{"@id":"https:\/\/admin.industriall-union.org\/es\/el-nuevo-pacto-de-la-ue-insta-a-las-empresas-a-firmar-inmediatamente-el-acuerdo-de-bangladesh\/#breadcrumb"},"inLanguage":"es-ES","potentialAction":[{"@type":"ReadAction","target":["https:\/\/admin.industriall-union.org\/es\/el-nuevo-pacto-de-la-ue-insta-a-las-empresas-a-firmar-inmediatamente-el-acuerdo-de-bangladesh\/"]}]},{"@type":"BreadcrumbList","@id":"https:\/\/admin.industriall-union.org\/es\/el-nuevo-pacto-de-la-ue-insta-a-las-empresas-a-firmar-inmediatamente-el-acuerdo-de-bangladesh\/#breadcrumb","itemListElement":[{"@type":"ListItem","position":1,"name":"Home","item":"https:\/\/admin.industriall-union.org\/"},{"@type":"ListItem","position":2,"name":"Articles","item":"https:\/\/admin.industriall-union.org\/article\/"},{"@type":"ListItem","position":3,"name":"El nuevo Pacto de la UE insta a las empresas a firmar inmediatamente el Acuerdo de Bangladesh"}]},{"@type":"WebSite","@id":"https:\/\/admin.industriall-union.org\/#website","url":"https:\/\/admin.industriall-union.org\/","name":"industriall-union","description":"","potentialAction":[{"@type":"SearchAction","target":{"@type":"EntryPoint","urlTemplate":"https:\/\/admin.industriall-union.org\/?s={search_term_string}"},"query-input":{"@type":"PropertyValueSpecification","valueRequired":true,"valueName":"search_term_string"}}],"inLanguage":"es-ES"}]}},"_links":{"self":[{"href":"https:\/\/admin.industriall-union.org\/es\/wp-json\/wp\/v2\/article\/173580","targetHints":{"allow":["GET"]}}],"collection":[{"href":"https:\/\/admin.industriall-union.org\/es\/wp-json\/wp\/v2\/article"}],"about":[{"href":"https:\/\/admin.industriall-union.org\/es\/wp-json\/wp\/v2\/types\/article"}],"wp:attachment":[{"href":"https:\/\/admin.industriall-union.org\/es\/wp-json\/wp\/v2\/media?parent=173580"}],"wp:term":[{"taxonomy":"issues","embeddable":true,"href":"https:\/\/admin.industriall-union.org\/es\/wp-json\/wp\/v2\/issues?post=173580"},{"taxonomy":"companies","embeddable":true,"href":"https:\/\/admin.industriall-union.org\/es\/wp-json\/wp\/v2\/companies?post=173580"},{"taxonomy":"regions","embeddable":true,"href":"https:\/\/admin.industriall-union.org\/es\/wp-json\/wp\/v2\/regions?post=173580"},{"taxonomy":"sectors","embeddable":true,"href":"https:\/\/admin.industriall-union.org\/es\/wp-json\/wp\/v2\/sectors?post=173580"},{"taxonomy":"article_tags","embeddable":true,"href":"https:\/\/admin.industriall-union.org\/es\/wp-json\/wp\/v2\/article_tags?post=173580"}],"curies":[{"name":"wp","href":"https:\/\/api.w.org\/{rel}","templated":true}]}}