{"id":173547,"date":"2013-07-11T14:00:48","date_gmt":"2013-07-11T14:00:48","guid":{"rendered":"https:\/\/admin.industriall-union.org\/la-industriall-global-union-dispuesta-a-poner-en-el-disparadero-a-rio-tinto\/"},"modified":"2025-02-08T10:03:38","modified_gmt":"2025-02-08T10:03:38","slug":"la-industriall-global-union-dispuesta-a-poner-en-el-disparadero-a-rio-tinto","status":"publish","type":"article","link":"https:\/\/admin.industriall-union.org\/es\/la-industriall-global-union-dispuesta-a-poner-en-el-disparadero-a-rio-tinto\/","title":{"rendered":"La IndustriALL Global Union dispuesta a poner en el disparadero a Rio Tinto"},"content":{"rendered":"<p>En su conferencia inaugural de fusi\u00f3n en 2012, la IndustriALL resolvi\u00f3 lanzar una campa\u00f1a empresarial mundial, con m\u00faltiples coordinadores y sindicatos, contra Rio Tinto por sus legendarias pr\u00e1cticas en las relaciones con los trabajadores y la comunidad, tan antisindicales como insostenibles, incluidas las pr\u00e1cticas contra el medio ambiente y su conducta en todo el mundo. Con la puesta en marcha de la Red Mundial de Rio Tinto, responsable de impulsar la campa\u00f1a mundial, la reuni\u00f3n de junio en Johannesburgo supone un importante paso adelante.<\/p><p>La finalidad de la campa\u00f1a mundial es forzar un cambio radical en la forma en que Rio Tinto trata a los trabajadores y a los sindicatos en todas sus operaciones. Los objetivos concretos son aumentar la densidad sindical en sus operaciones mundiales y que Rio Tinto reconozca a los sindicatos y a la IndustriALL Global Union como interlocutores formales o contraparte.<\/p><p>Parte del resultado de la reuni\u00f3n fue el lanzamiento de una alianza estrat\u00e9gica contra Rio Tinto (START), concebida como una alianza concretada en una red&nbsp; progresista social, comunitaria, ambiental, basada en la fe y de justicia econ\u00f3mica. Con este fin, se dirigi\u00f3 a la reuni\u00f3n un activista ecologista perseguido por denunciar los abusos en la miner\u00eda contra el medio ambiente en su pa\u00eds. Tambi\u00e9n se dirigi\u00f3 a la reuni\u00f3n un investigador de una de las principales universidades de Sud\u00e1frica en relaci\u00f3n con los abusos de que es objeto la comunidad y los trastornos sociales relacionados con la miner\u00eda en su pa\u00eds natal.<\/p>","protected":false},"featured_media":0,"template":"","issues":[410,420],"companies":[113],"regions":[],"sectors":[495],"article_tags":[],"class_list":["post-173547","article","type-article","status-publish","hentry","issues-rio-tinto","issues-solidarity","companies-rio-tinto","sectors-mining"],"acf":[],"yoast_head":"<!-- This site is optimized with the Yoast SEO Premium plugin v27.1 (Yoast SEO v27.1) - https:\/\/yoast.com\/product\/yoast-seo-premium-wordpress\/ -->\n<title>La IndustriALL Global Union dispuesta a poner en el disparadero a Rio Tinto - industriall-union<\/title>\n<meta name=\"description\" content=\"En su conferencia inaugural de fusi\u00f3n en 2012, la IndustriALL resolvi\u00f3 lanzar una campa\u00f1a empresarial mundial, con m\u00faltiples coordinadores y sindicatos,\" \/>\n<meta name=\"robots\" content=\"index, follow, max-snippet:-1, max-image-preview:large, max-video-preview:-1\" \/>\n<link rel=\"canonical\" href=\"https:\/\/admin.industriall-union.org\/es\/la-industriall-global-union-dispuesta-a-poner-en-el-disparadero-a-rio-tinto\/\" \/>\n<meta property=\"og:locale\" content=\"es_ES\" \/>\n<meta property=\"og:type\" content=\"article\" \/>\n<meta property=\"og:title\" content=\"La IndustriALL Global Union dispuesta a poner en el disparadero a Rio Tinto\" \/>\n<meta property=\"og:description\" content=\"En su conferencia inaugural de fusi\u00f3n en 2012, la IndustriALL resolvi\u00f3 lanzar una campa\u00f1a empresarial mundial, con m\u00faltiples coordinadores y sindicatos,\" \/>\n<meta property=\"og:url\" content=\"https:\/\/admin.industriall-union.org\/es\/la-industriall-global-union-dispuesta-a-poner-en-el-disparadero-a-rio-tinto\/\" \/>\n<meta property=\"og:site_name\" content=\"industriall-union\" \/>\n<meta property=\"article:modified_time\" content=\"2025-02-08T10:03:38+00:00\" \/>\n<meta name=\"twitter:card\" content=\"summary_large_image\" \/>\n<meta name=\"twitter:label1\" content=\"Est. reading time\" \/>\n\t<meta name=\"twitter:data1\" content=\"1 minute\" \/>\n<script type=\"application\/ld+json\" class=\"yoast-schema-graph\">{\"@context\":\"https:\/\/schema.org\",\"@graph\":[{\"@type\":\"WebPage\",\"@id\":\"https:\/\/admin.industriall-union.org\/es\/la-industriall-global-union-dispuesta-a-poner-en-el-disparadero-a-rio-tinto\/\",\"url\":\"https:\/\/admin.industriall-union.org\/es\/la-industriall-global-union-dispuesta-a-poner-en-el-disparadero-a-rio-tinto\/\",\"name\":\"La IndustriALL Global Union dispuesta a poner en el disparadero a Rio Tinto - industriall-union\",\"isPartOf\":{\"@id\":\"https:\/\/admin.industriall-union.org\/#website\"},\"datePublished\":\"2013-07-11T14:00:48+00:00\",\"dateModified\":\"2025-02-08T10:03:38+00:00\",\"description\":\"En su conferencia inaugural de fusi\u00f3n en 2012, la IndustriALL resolvi\u00f3 lanzar una campa\u00f1a empresarial mundial, con m\u00faltiples coordinadores y sindicatos,\",\"breadcrumb\":{\"@id\":\"https:\/\/admin.industriall-union.org\/es\/la-industriall-global-union-dispuesta-a-poner-en-el-disparadero-a-rio-tinto\/#breadcrumb\"},\"inLanguage\":\"es-ES\",\"potentialAction\":[{\"@type\":\"ReadAction\",\"target\":[\"https:\/\/admin.industriall-union.org\/es\/la-industriall-global-union-dispuesta-a-poner-en-el-disparadero-a-rio-tinto\/\"]}]},{\"@type\":\"BreadcrumbList\",\"@id\":\"https:\/\/admin.industriall-union.org\/es\/la-industriall-global-union-dispuesta-a-poner-en-el-disparadero-a-rio-tinto\/#breadcrumb\",\"itemListElement\":[{\"@type\":\"ListItem\",\"position\":1,\"name\":\"Home\",\"item\":\"https:\/\/admin.industriall-union.org\/\"},{\"@type\":\"ListItem\",\"position\":2,\"name\":\"Articles\",\"item\":\"https:\/\/admin.industriall-union.org\/article\/\"},{\"@type\":\"ListItem\",\"position\":3,\"name\":\"La IndustriALL Global Union dispuesta a poner en el disparadero a Rio Tinto\"}]},{\"@type\":\"WebSite\",\"@id\":\"https:\/\/admin.industriall-union.org\/#website\",\"url\":\"https:\/\/admin.industriall-union.org\/\",\"name\":\"industriall-union\",\"description\":\"\",\"potentialAction\":[{\"@type\":\"SearchAction\",\"target\":{\"@type\":\"EntryPoint\",\"urlTemplate\":\"https:\/\/admin.industriall-union.org\/?s={search_term_string}\"},\"query-input\":{\"@type\":\"PropertyValueSpecification\",\"valueRequired\":true,\"valueName\":\"search_term_string\"}}],\"inLanguage\":\"es-ES\"}]}<\/script>\n<!-- \/ Yoast SEO Premium plugin. -->","yoast_head_json":{"title":"La IndustriALL Global Union dispuesta a poner en el disparadero a Rio Tinto - industriall-union","description":"En su conferencia inaugural de fusi\u00f3n en 2012, la IndustriALL resolvi\u00f3 lanzar una campa\u00f1a empresarial mundial, con m\u00faltiples coordinadores y sindicatos,","robots":{"index":"index","follow":"follow","max-snippet":"max-snippet:-1","max-image-preview":"max-image-preview:large","max-video-preview":"max-video-preview:-1"},"canonical":"https:\/\/admin.industriall-union.org\/es\/la-industriall-global-union-dispuesta-a-poner-en-el-disparadero-a-rio-tinto\/","og_locale":"es_ES","og_type":"article","og_title":"La IndustriALL Global Union dispuesta a poner en el disparadero a Rio Tinto","og_description":"En su conferencia inaugural de fusi\u00f3n en 2012, la IndustriALL resolvi\u00f3 lanzar una campa\u00f1a empresarial mundial, con m\u00faltiples coordinadores y sindicatos,","og_url":"https:\/\/admin.industriall-union.org\/es\/la-industriall-global-union-dispuesta-a-poner-en-el-disparadero-a-rio-tinto\/","og_site_name":"industriall-union","article_modified_time":"2025-02-08T10:03:38+00:00","twitter_card":"summary_large_image","twitter_misc":{"Est. reading time":"1 minute"},"schema":{"@context":"https:\/\/schema.org","@graph":[{"@type":"WebPage","@id":"https:\/\/admin.industriall-union.org\/es\/la-industriall-global-union-dispuesta-a-poner-en-el-disparadero-a-rio-tinto\/","url":"https:\/\/admin.industriall-union.org\/es\/la-industriall-global-union-dispuesta-a-poner-en-el-disparadero-a-rio-tinto\/","name":"La IndustriALL Global Union dispuesta a poner en el disparadero a Rio Tinto - industriall-union","isPartOf":{"@id":"https:\/\/admin.industriall-union.org\/#website"},"datePublished":"2013-07-11T14:00:48+00:00","dateModified":"2025-02-08T10:03:38+00:00","description":"En su conferencia inaugural de fusi\u00f3n en 2012, la IndustriALL resolvi\u00f3 lanzar una campa\u00f1a empresarial mundial, con m\u00faltiples coordinadores y sindicatos,","breadcrumb":{"@id":"https:\/\/admin.industriall-union.org\/es\/la-industriall-global-union-dispuesta-a-poner-en-el-disparadero-a-rio-tinto\/#breadcrumb"},"inLanguage":"es-ES","potentialAction":[{"@type":"ReadAction","target":["https:\/\/admin.industriall-union.org\/es\/la-industriall-global-union-dispuesta-a-poner-en-el-disparadero-a-rio-tinto\/"]}]},{"@type":"BreadcrumbList","@id":"https:\/\/admin.industriall-union.org\/es\/la-industriall-global-union-dispuesta-a-poner-en-el-disparadero-a-rio-tinto\/#breadcrumb","itemListElement":[{"@type":"ListItem","position":1,"name":"Home","item":"https:\/\/admin.industriall-union.org\/"},{"@type":"ListItem","position":2,"name":"Articles","item":"https:\/\/admin.industriall-union.org\/article\/"},{"@type":"ListItem","position":3,"name":"La IndustriALL Global Union dispuesta a poner en el disparadero a Rio Tinto"}]},{"@type":"WebSite","@id":"https:\/\/admin.industriall-union.org\/#website","url":"https:\/\/admin.industriall-union.org\/","name":"industriall-union","description":"","potentialAction":[{"@type":"SearchAction","target":{"@type":"EntryPoint","urlTemplate":"https:\/\/admin.industriall-union.org\/?s={search_term_string}"},"query-input":{"@type":"PropertyValueSpecification","valueRequired":true,"valueName":"search_term_string"}}],"inLanguage":"es-ES"}]}},"_links":{"self":[{"href":"https:\/\/admin.industriall-union.org\/es\/wp-json\/wp\/v2\/article\/173547","targetHints":{"allow":["GET"]}}],"collection":[{"href":"https:\/\/admin.industriall-union.org\/es\/wp-json\/wp\/v2\/article"}],"about":[{"href":"https:\/\/admin.industriall-union.org\/es\/wp-json\/wp\/v2\/types\/article"}],"wp:attachment":[{"href":"https:\/\/admin.industriall-union.org\/es\/wp-json\/wp\/v2\/media?parent=173547"}],"wp:term":[{"taxonomy":"issues","embeddable":true,"href":"https:\/\/admin.industriall-union.org\/es\/wp-json\/wp\/v2\/issues?post=173547"},{"taxonomy":"companies","embeddable":true,"href":"https:\/\/admin.industriall-union.org\/es\/wp-json\/wp\/v2\/companies?post=173547"},{"taxonomy":"regions","embeddable":true,"href":"https:\/\/admin.industriall-union.org\/es\/wp-json\/wp\/v2\/regions?post=173547"},{"taxonomy":"sectors","embeddable":true,"href":"https:\/\/admin.industriall-union.org\/es\/wp-json\/wp\/v2\/sectors?post=173547"},{"taxonomy":"article_tags","embeddable":true,"href":"https:\/\/admin.industriall-union.org\/es\/wp-json\/wp\/v2\/article_tags?post=173547"}],"curies":[{"name":"wp","href":"https:\/\/api.w.org\/{rel}","templated":true}]}}