{"id":173523,"date":"2013-07-16T13:44:52","date_gmt":"2013-07-16T13:44:52","guid":{"rendered":"https:\/\/admin.industriall-union.org\/trabajador-de-gerdau-diaco-despedido-se-encadena-a-la-puerta-de-planta-colombiana\/"},"modified":"2025-02-08T09:57:33","modified_gmt":"2025-02-08T09:57:33","slug":"trabajador-de-gerdau-diaco-despedido-se-encadena-a-la-puerta-de-planta-colombiana","status":"publish","type":"article","link":"https:\/\/admin.industriall-union.org\/es\/trabajador-de-gerdau-diaco-despedido-se-encadena-a-la-puerta-de-planta-colombiana\/","title":{"rendered":"Trabajador de Gerdau-Diaco despedido se encadena a la puerta de planta colombiana"},"content":{"rendered":"<p>Esta acci\u00f3n se realiza luego de la marcha de los trabajadores colombianos de Gerdau Diaco que se efectu\u00f3 el pasado 8 de julio <a href=\"http:\/\/www.industriall-union.org\/es\/sindicatos-de-gerdau-en-colombia-marchan-por-el-respeto-a-sus-trabajadores\">http:\/\/www.industriall-union.org\/es\/sindicatos-de-gerdau-en-colombia-marchan-por-el-respeto-a-sus-trabajadores<\/a>.<\/p><p>Henry Perez, presidente de Sintrametal Seccional Duitama, se\u00f1al\u00f3 que los despidos son la problem\u00e1tica que est\u00e1n atravesando los trabajadores de Diaco Gerdau en su planta en Duitama por el debilitamiento de la seccional por parte de la empresa.<\/p><p>El trabajador despedido hace diez d\u00edas atr\u00e1s se\u00f1al\u00f3 que es una forma de llamar la atenci\u00f3n de la grave situaci\u00f3n que vivir\u00e1 su familia, puesto que su esposa y su hijo menor padecen graves enfermedades y ahora sin trabajo quedar\u00e1n sin servicio m\u00e9dico.<\/p><p>IndustriALL Global Union junto con el Comit\u00e9 Mundial de Trabajadores de Gerdau, enviaron una carta a la empresa demandando la reincorporaci\u00f3n del compa\u00f1ero Luis Cruz y que se respeten los derechos de los trabajadores colombianos en todas las plantas colombianas.<\/p><p>Gerdau contin\u00faa despidiendo trabajadores en la planta de Duitama al mismo tiempo que se niega a negociar un convenio justo con los trabajadores de la planta de Cota. El Comit\u00e9 Mundial junto a IndustriALL exigen a &nbsp;autoridades Colombianas que act\u00faen en defensa del empleo decente y la protecci\u00f3n de los derechos sindicales.<\/p><p>Asimismo Sintrametal Nacional envi\u00f3 una carta al Ministro del Trabajo del gobierno colombiano, explicando la situaci\u00f3n que se vive en las plantas de Gerdau en Colombia, y demandando que la autoridad laboral&nbsp; realice una investigaci\u00f3n de la multinacional, que se efect\u00faen visitas a la planta en Duitama, se entrevisten a los trabajadores y dirigentes sindicales.<\/p><p>Sintrametal continuar\u00e1 en la lucha en defensa de los trabajadores de Gerdau, en contra de los despidos, cierres de planta y tercerizaci\u00f3n, y exigi\u00e9ndole a la multinacional lo prometido al instalarse en el pa\u00eds,&nbsp; es decir beneficios a los trabajadores y a las comunidades.<\/p>","protected":false},"featured_media":0,"template":"","issues":[409],"companies":[59],"regions":[264],"sectors":[],"article_tags":[],"class_list":["post-173523","article","type-article","status-publish","hentry","issues-multinational-companies-mncs","companies-gerdau","regions-colombia"],"acf":[],"yoast_head":"<!-- This site is optimized with the Yoast SEO Premium plugin v27.1 (Yoast SEO v27.1) - https:\/\/yoast.com\/product\/yoast-seo-premium-wordpress\/ -->\n<title>Trabajador de Gerdau-Diaco despedido se encadena a la puerta de planta colombiana - industriall-union<\/title>\n<meta name=\"description\" content=\"Esta acci\u00f3n se realiza luego de la marcha de los trabajadores colombianos de Gerdau Diaco que se efectu\u00f3 el pasado 8 de julio\" \/>\n<meta name=\"robots\" content=\"index, follow, max-snippet:-1, max-image-preview:large, max-video-preview:-1\" \/>\n<link rel=\"canonical\" href=\"https:\/\/admin.industriall-union.org\/es\/trabajador-de-gerdau-diaco-despedido-se-encadena-a-la-puerta-de-planta-colombiana\/\" \/>\n<meta property=\"og:locale\" content=\"es_ES\" \/>\n<meta property=\"og:type\" content=\"article\" \/>\n<meta property=\"og:title\" content=\"Trabajador de Gerdau-Diaco despedido se encadena a la puerta de planta colombiana\" \/>\n<meta property=\"og:description\" content=\"Esta acci\u00f3n se realiza luego de la marcha de los trabajadores colombianos de Gerdau Diaco que se efectu\u00f3 el pasado 8 de julio\" \/>\n<meta property=\"og:url\" content=\"https:\/\/admin.industriall-union.org\/es\/trabajador-de-gerdau-diaco-despedido-se-encadena-a-la-puerta-de-planta-colombiana\/\" \/>\n<meta property=\"og:site_name\" content=\"industriall-union\" \/>\n<meta property=\"article:modified_time\" content=\"2025-02-08T09:57:33+00:00\" \/>\n<meta name=\"twitter:card\" content=\"summary_large_image\" \/>\n<meta name=\"twitter:label1\" content=\"Est. reading time\" \/>\n\t<meta name=\"twitter:data1\" content=\"2 minutes\" \/>\n<script type=\"application\/ld+json\" class=\"yoast-schema-graph\">{\"@context\":\"https:\/\/schema.org\",\"@graph\":[{\"@type\":\"WebPage\",\"@id\":\"https:\/\/admin.industriall-union.org\/es\/trabajador-de-gerdau-diaco-despedido-se-encadena-a-la-puerta-de-planta-colombiana\/\",\"url\":\"https:\/\/admin.industriall-union.org\/es\/trabajador-de-gerdau-diaco-despedido-se-encadena-a-la-puerta-de-planta-colombiana\/\",\"name\":\"Trabajador de Gerdau-Diaco despedido se encadena a la puerta de planta colombiana - industriall-union\",\"isPartOf\":{\"@id\":\"https:\/\/admin.industriall-union.org\/#website\"},\"datePublished\":\"2013-07-16T13:44:52+00:00\",\"dateModified\":\"2025-02-08T09:57:33+00:00\",\"description\":\"Esta acci\u00f3n se realiza luego de la marcha de los trabajadores colombianos de Gerdau Diaco que se efectu\u00f3 el pasado 8 de julio\",\"breadcrumb\":{\"@id\":\"https:\/\/admin.industriall-union.org\/es\/trabajador-de-gerdau-diaco-despedido-se-encadena-a-la-puerta-de-planta-colombiana\/#breadcrumb\"},\"inLanguage\":\"es-ES\",\"potentialAction\":[{\"@type\":\"ReadAction\",\"target\":[\"https:\/\/admin.industriall-union.org\/es\/trabajador-de-gerdau-diaco-despedido-se-encadena-a-la-puerta-de-planta-colombiana\/\"]}]},{\"@type\":\"BreadcrumbList\",\"@id\":\"https:\/\/admin.industriall-union.org\/es\/trabajador-de-gerdau-diaco-despedido-se-encadena-a-la-puerta-de-planta-colombiana\/#breadcrumb\",\"itemListElement\":[{\"@type\":\"ListItem\",\"position\":1,\"name\":\"Home\",\"item\":\"https:\/\/admin.industriall-union.org\/\"},{\"@type\":\"ListItem\",\"position\":2,\"name\":\"Articles\",\"item\":\"https:\/\/admin.industriall-union.org\/article\/\"},{\"@type\":\"ListItem\",\"position\":3,\"name\":\"Trabajador de Gerdau-Diaco despedido se encadena a la puerta de planta colombiana\"}]},{\"@type\":\"WebSite\",\"@id\":\"https:\/\/admin.industriall-union.org\/#website\",\"url\":\"https:\/\/admin.industriall-union.org\/\",\"name\":\"industriall-union\",\"description\":\"\",\"potentialAction\":[{\"@type\":\"SearchAction\",\"target\":{\"@type\":\"EntryPoint\",\"urlTemplate\":\"https:\/\/admin.industriall-union.org\/?s={search_term_string}\"},\"query-input\":{\"@type\":\"PropertyValueSpecification\",\"valueRequired\":true,\"valueName\":\"search_term_string\"}}],\"inLanguage\":\"es-ES\"}]}<\/script>\n<!-- \/ Yoast SEO Premium plugin. -->","yoast_head_json":{"title":"Trabajador de Gerdau-Diaco despedido se encadena a la puerta de planta colombiana - industriall-union","description":"Esta acci\u00f3n se realiza luego de la marcha de los trabajadores colombianos de Gerdau Diaco que se efectu\u00f3 el pasado 8 de julio","robots":{"index":"index","follow":"follow","max-snippet":"max-snippet:-1","max-image-preview":"max-image-preview:large","max-video-preview":"max-video-preview:-1"},"canonical":"https:\/\/admin.industriall-union.org\/es\/trabajador-de-gerdau-diaco-despedido-se-encadena-a-la-puerta-de-planta-colombiana\/","og_locale":"es_ES","og_type":"article","og_title":"Trabajador de Gerdau-Diaco despedido se encadena a la puerta de planta colombiana","og_description":"Esta acci\u00f3n se realiza luego de la marcha de los trabajadores colombianos de Gerdau Diaco que se efectu\u00f3 el pasado 8 de julio","og_url":"https:\/\/admin.industriall-union.org\/es\/trabajador-de-gerdau-diaco-despedido-se-encadena-a-la-puerta-de-planta-colombiana\/","og_site_name":"industriall-union","article_modified_time":"2025-02-08T09:57:33+00:00","twitter_card":"summary_large_image","twitter_misc":{"Est. reading time":"2 minutes"},"schema":{"@context":"https:\/\/schema.org","@graph":[{"@type":"WebPage","@id":"https:\/\/admin.industriall-union.org\/es\/trabajador-de-gerdau-diaco-despedido-se-encadena-a-la-puerta-de-planta-colombiana\/","url":"https:\/\/admin.industriall-union.org\/es\/trabajador-de-gerdau-diaco-despedido-se-encadena-a-la-puerta-de-planta-colombiana\/","name":"Trabajador de Gerdau-Diaco despedido se encadena a la puerta de planta colombiana - industriall-union","isPartOf":{"@id":"https:\/\/admin.industriall-union.org\/#website"},"datePublished":"2013-07-16T13:44:52+00:00","dateModified":"2025-02-08T09:57:33+00:00","description":"Esta acci\u00f3n se realiza luego de la marcha de los trabajadores colombianos de Gerdau Diaco que se efectu\u00f3 el pasado 8 de julio","breadcrumb":{"@id":"https:\/\/admin.industriall-union.org\/es\/trabajador-de-gerdau-diaco-despedido-se-encadena-a-la-puerta-de-planta-colombiana\/#breadcrumb"},"inLanguage":"es-ES","potentialAction":[{"@type":"ReadAction","target":["https:\/\/admin.industriall-union.org\/es\/trabajador-de-gerdau-diaco-despedido-se-encadena-a-la-puerta-de-planta-colombiana\/"]}]},{"@type":"BreadcrumbList","@id":"https:\/\/admin.industriall-union.org\/es\/trabajador-de-gerdau-diaco-despedido-se-encadena-a-la-puerta-de-planta-colombiana\/#breadcrumb","itemListElement":[{"@type":"ListItem","position":1,"name":"Home","item":"https:\/\/admin.industriall-union.org\/"},{"@type":"ListItem","position":2,"name":"Articles","item":"https:\/\/admin.industriall-union.org\/article\/"},{"@type":"ListItem","position":3,"name":"Trabajador de Gerdau-Diaco despedido se encadena a la puerta de planta colombiana"}]},{"@type":"WebSite","@id":"https:\/\/admin.industriall-union.org\/#website","url":"https:\/\/admin.industriall-union.org\/","name":"industriall-union","description":"","potentialAction":[{"@type":"SearchAction","target":{"@type":"EntryPoint","urlTemplate":"https:\/\/admin.industriall-union.org\/?s={search_term_string}"},"query-input":{"@type":"PropertyValueSpecification","valueRequired":true,"valueName":"search_term_string"}}],"inLanguage":"es-ES"}]}},"_links":{"self":[{"href":"https:\/\/admin.industriall-union.org\/es\/wp-json\/wp\/v2\/article\/173523","targetHints":{"allow":["GET"]}}],"collection":[{"href":"https:\/\/admin.industriall-union.org\/es\/wp-json\/wp\/v2\/article"}],"about":[{"href":"https:\/\/admin.industriall-union.org\/es\/wp-json\/wp\/v2\/types\/article"}],"wp:attachment":[{"href":"https:\/\/admin.industriall-union.org\/es\/wp-json\/wp\/v2\/media?parent=173523"}],"wp:term":[{"taxonomy":"issues","embeddable":true,"href":"https:\/\/admin.industriall-union.org\/es\/wp-json\/wp\/v2\/issues?post=173523"},{"taxonomy":"companies","embeddable":true,"href":"https:\/\/admin.industriall-union.org\/es\/wp-json\/wp\/v2\/companies?post=173523"},{"taxonomy":"regions","embeddable":true,"href":"https:\/\/admin.industriall-union.org\/es\/wp-json\/wp\/v2\/regions?post=173523"},{"taxonomy":"sectors","embeddable":true,"href":"https:\/\/admin.industriall-union.org\/es\/wp-json\/wp\/v2\/sectors?post=173523"},{"taxonomy":"article_tags","embeddable":true,"href":"https:\/\/admin.industriall-union.org\/es\/wp-json\/wp\/v2\/article_tags?post=173523"}],"curies":[{"name":"wp","href":"https:\/\/api.w.org\/{rel}","templated":true}]}}