{"id":173516,"date":"2013-07-17T17:34:43","date_gmt":"2013-07-17T17:34:43","guid":{"rendered":"https:\/\/admin.industriall-union.org\/trabajador-de-gerdau-diaco-que-se-encadeno-por-despido-logra-una-victoria\/"},"modified":"2025-02-08T09:56:14","modified_gmt":"2025-02-08T09:56:14","slug":"trabajador-de-gerdau-diaco-que-se-encadeno-por-despido-logra-una-victoria","status":"publish","type":"article","link":"https:\/\/admin.industriall-union.org\/es\/trabajador-de-gerdau-diaco-que-se-encadeno-por-despido-logra-una-victoria\/","title":{"rendered":"Trabajador de Gerdau-Diaco que se encaden\u00f3 por despido logra una victoria"},"content":{"rendered":"<p>IndustriALL hab\u00eda informado del encadenamiento del trabajador de Gerdau en Colombia, Luis Cruz, por ser despedido, a pesar que el trabajador posee amparo legal contra despido por haber sufrido&nbsp; un accidente laboral en 1994. Con el despido perd\u00eda los beneficios de salud para \u00e9l y su familia.<\/p><p>M\u00e1s de cinco d\u00edas estuvo Luis Cruz, encadenado a la entrada de la planta en Duitama <a href=\"http:\/\/www.industriall-union.org\/es\/trabajador-de-gerdau-diaco-despedido-se-encadena-a-la-puerta-de-planta-colombiana\">http:\/\/www.industriall-union.org\/es\/trabajador-de-gerdau-diaco-despedido-se-encadena-a-la-puerta-de-planta-colombiana<\/a>, sin embargo al lograr un acuerdo con la empresa, decidi\u00f3 terminar con la acci\u00f3n que le estaba afectando su salud.<\/p><p>Gerdau acept\u00f3 pagar por el seguro de salud de Luis Cruz y su familia por un per\u00edodo de 6 a\u00f1os, triplicar la indemnizaci\u00f3n&nbsp; ofrecida y aceptar que a pesar del acuerdo el compa\u00f1ero Cruz seguir\u00e1 el proceso legal para el reconocimiento de su condici\u00f3n f\u00edsica como accidente de trabajo. Adem\u00e1s, Gerdau retir\u00f3 las sanciones impuestas a la direcci\u00f3n del sindicato.<\/p><p>El compa\u00f1ero Cruz y el sindicato agradecen la solidaridad demostrada por la red internacional. Cabe recordar que tanto el Comit\u00e9 Mundial de Trabajadores de Gerdau e IndustriALL Global Union enviaron cartas a la empresa en apoyo al compa\u00f1ero Cruz, y en repudio a los despidos que Gerdau est\u00e1 realizando en Colombia.<\/p><p>IndustriALL recibe con benepl\u00e1cito este acuerdo, y reitera su solidaridad a la organizaci\u00f3n sindical Sintrametal y a los trabajadores de Gerdau, ya que la lucha continua para hacer frente a los despidos y actitudes antisindicales que est\u00e1 efectuando esta multinacional en Colombia.<\/p>","protected":false},"featured_media":0,"template":"","issues":[409],"companies":[59],"regions":[264],"sectors":[],"article_tags":[511],"class_list":["post-173516","article","type-article","status-publish","hentry","issues-multinational-companies-mncs","companies-gerdau","regions-colombia","article_tags-industriall"],"acf":[],"yoast_head":"<!-- This site is optimized with the Yoast SEO Premium plugin v27.1 (Yoast SEO v27.1) - https:\/\/yoast.com\/product\/yoast-seo-premium-wordpress\/ -->\n<title>Trabajador de Gerdau-Diaco que se encaden\u00f3 por despido logra una victoria - industriall-union<\/title>\n<meta name=\"description\" content=\"IndustriALL hab\u00eda informado del encadenamiento del trabajador de Gerdau en Colombia, Luis Cruz, por ser despedido, a pesar que el trabajador posee amparo\" \/>\n<meta name=\"robots\" content=\"index, follow, max-snippet:-1, max-image-preview:large, max-video-preview:-1\" \/>\n<link rel=\"canonical\" href=\"https:\/\/admin.industriall-union.org\/es\/trabajador-de-gerdau-diaco-que-se-encadeno-por-despido-logra-una-victoria\/\" \/>\n<meta property=\"og:locale\" content=\"es_ES\" \/>\n<meta property=\"og:type\" content=\"article\" \/>\n<meta property=\"og:title\" content=\"Trabajador de Gerdau-Diaco que se encaden\u00f3 por despido logra una victoria\" \/>\n<meta property=\"og:description\" content=\"IndustriALL hab\u00eda informado del encadenamiento del trabajador de Gerdau en Colombia, Luis Cruz, por ser despedido, a pesar que el trabajador posee amparo\" \/>\n<meta property=\"og:url\" content=\"https:\/\/admin.industriall-union.org\/es\/trabajador-de-gerdau-diaco-que-se-encadeno-por-despido-logra-una-victoria\/\" \/>\n<meta property=\"og:site_name\" content=\"industriall-union\" \/>\n<meta property=\"article:modified_time\" content=\"2025-02-08T09:56:14+00:00\" \/>\n<meta name=\"twitter:card\" content=\"summary_large_image\" \/>\n<meta name=\"twitter:label1\" content=\"Est. reading time\" \/>\n\t<meta name=\"twitter:data1\" content=\"1 minute\" \/>\n<script type=\"application\/ld+json\" class=\"yoast-schema-graph\">{\"@context\":\"https:\/\/schema.org\",\"@graph\":[{\"@type\":\"WebPage\",\"@id\":\"https:\/\/admin.industriall-union.org\/es\/trabajador-de-gerdau-diaco-que-se-encadeno-por-despido-logra-una-victoria\/\",\"url\":\"https:\/\/admin.industriall-union.org\/es\/trabajador-de-gerdau-diaco-que-se-encadeno-por-despido-logra-una-victoria\/\",\"name\":\"Trabajador de Gerdau-Diaco que se encaden\u00f3 por despido logra una victoria - industriall-union\",\"isPartOf\":{\"@id\":\"https:\/\/admin.industriall-union.org\/#website\"},\"datePublished\":\"2013-07-17T17:34:43+00:00\",\"dateModified\":\"2025-02-08T09:56:14+00:00\",\"description\":\"IndustriALL hab\u00eda informado del encadenamiento del trabajador de Gerdau en Colombia, Luis Cruz, por ser despedido, a pesar que el trabajador posee amparo\",\"breadcrumb\":{\"@id\":\"https:\/\/admin.industriall-union.org\/es\/trabajador-de-gerdau-diaco-que-se-encadeno-por-despido-logra-una-victoria\/#breadcrumb\"},\"inLanguage\":\"es-ES\",\"potentialAction\":[{\"@type\":\"ReadAction\",\"target\":[\"https:\/\/admin.industriall-union.org\/es\/trabajador-de-gerdau-diaco-que-se-encadeno-por-despido-logra-una-victoria\/\"]}]},{\"@type\":\"BreadcrumbList\",\"@id\":\"https:\/\/admin.industriall-union.org\/es\/trabajador-de-gerdau-diaco-que-se-encadeno-por-despido-logra-una-victoria\/#breadcrumb\",\"itemListElement\":[{\"@type\":\"ListItem\",\"position\":1,\"name\":\"Home\",\"item\":\"https:\/\/admin.industriall-union.org\/\"},{\"@type\":\"ListItem\",\"position\":2,\"name\":\"Articles\",\"item\":\"https:\/\/admin.industriall-union.org\/article\/\"},{\"@type\":\"ListItem\",\"position\":3,\"name\":\"Trabajador de Gerdau-Diaco que se encaden\u00f3 por despido logra una victoria\"}]},{\"@type\":\"WebSite\",\"@id\":\"https:\/\/admin.industriall-union.org\/#website\",\"url\":\"https:\/\/admin.industriall-union.org\/\",\"name\":\"industriall-union\",\"description\":\"\",\"potentialAction\":[{\"@type\":\"SearchAction\",\"target\":{\"@type\":\"EntryPoint\",\"urlTemplate\":\"https:\/\/admin.industriall-union.org\/?s={search_term_string}\"},\"query-input\":{\"@type\":\"PropertyValueSpecification\",\"valueRequired\":true,\"valueName\":\"search_term_string\"}}],\"inLanguage\":\"es-ES\"}]}<\/script>\n<!-- \/ Yoast SEO Premium plugin. -->","yoast_head_json":{"title":"Trabajador de Gerdau-Diaco que se encaden\u00f3 por despido logra una victoria - industriall-union","description":"IndustriALL hab\u00eda informado del encadenamiento del trabajador de Gerdau en Colombia, Luis Cruz, por ser despedido, a pesar que el trabajador posee amparo","robots":{"index":"index","follow":"follow","max-snippet":"max-snippet:-1","max-image-preview":"max-image-preview:large","max-video-preview":"max-video-preview:-1"},"canonical":"https:\/\/admin.industriall-union.org\/es\/trabajador-de-gerdau-diaco-que-se-encadeno-por-despido-logra-una-victoria\/","og_locale":"es_ES","og_type":"article","og_title":"Trabajador de Gerdau-Diaco que se encaden\u00f3 por despido logra una victoria","og_description":"IndustriALL hab\u00eda informado del encadenamiento del trabajador de Gerdau en Colombia, Luis Cruz, por ser despedido, a pesar que el trabajador posee amparo","og_url":"https:\/\/admin.industriall-union.org\/es\/trabajador-de-gerdau-diaco-que-se-encadeno-por-despido-logra-una-victoria\/","og_site_name":"industriall-union","article_modified_time":"2025-02-08T09:56:14+00:00","twitter_card":"summary_large_image","twitter_misc":{"Est. reading time":"1 minute"},"schema":{"@context":"https:\/\/schema.org","@graph":[{"@type":"WebPage","@id":"https:\/\/admin.industriall-union.org\/es\/trabajador-de-gerdau-diaco-que-se-encadeno-por-despido-logra-una-victoria\/","url":"https:\/\/admin.industriall-union.org\/es\/trabajador-de-gerdau-diaco-que-se-encadeno-por-despido-logra-una-victoria\/","name":"Trabajador de Gerdau-Diaco que se encaden\u00f3 por despido logra una victoria - industriall-union","isPartOf":{"@id":"https:\/\/admin.industriall-union.org\/#website"},"datePublished":"2013-07-17T17:34:43+00:00","dateModified":"2025-02-08T09:56:14+00:00","description":"IndustriALL hab\u00eda informado del encadenamiento del trabajador de Gerdau en Colombia, Luis Cruz, por ser despedido, a pesar que el trabajador posee amparo","breadcrumb":{"@id":"https:\/\/admin.industriall-union.org\/es\/trabajador-de-gerdau-diaco-que-se-encadeno-por-despido-logra-una-victoria\/#breadcrumb"},"inLanguage":"es-ES","potentialAction":[{"@type":"ReadAction","target":["https:\/\/admin.industriall-union.org\/es\/trabajador-de-gerdau-diaco-que-se-encadeno-por-despido-logra-una-victoria\/"]}]},{"@type":"BreadcrumbList","@id":"https:\/\/admin.industriall-union.org\/es\/trabajador-de-gerdau-diaco-que-se-encadeno-por-despido-logra-una-victoria\/#breadcrumb","itemListElement":[{"@type":"ListItem","position":1,"name":"Home","item":"https:\/\/admin.industriall-union.org\/"},{"@type":"ListItem","position":2,"name":"Articles","item":"https:\/\/admin.industriall-union.org\/article\/"},{"@type":"ListItem","position":3,"name":"Trabajador de Gerdau-Diaco que se encaden\u00f3 por despido logra una victoria"}]},{"@type":"WebSite","@id":"https:\/\/admin.industriall-union.org\/#website","url":"https:\/\/admin.industriall-union.org\/","name":"industriall-union","description":"","potentialAction":[{"@type":"SearchAction","target":{"@type":"EntryPoint","urlTemplate":"https:\/\/admin.industriall-union.org\/?s={search_term_string}"},"query-input":{"@type":"PropertyValueSpecification","valueRequired":true,"valueName":"search_term_string"}}],"inLanguage":"es-ES"}]}},"_links":{"self":[{"href":"https:\/\/admin.industriall-union.org\/es\/wp-json\/wp\/v2\/article\/173516","targetHints":{"allow":["GET"]}}],"collection":[{"href":"https:\/\/admin.industriall-union.org\/es\/wp-json\/wp\/v2\/article"}],"about":[{"href":"https:\/\/admin.industriall-union.org\/es\/wp-json\/wp\/v2\/types\/article"}],"wp:attachment":[{"href":"https:\/\/admin.industriall-union.org\/es\/wp-json\/wp\/v2\/media?parent=173516"}],"wp:term":[{"taxonomy":"issues","embeddable":true,"href":"https:\/\/admin.industriall-union.org\/es\/wp-json\/wp\/v2\/issues?post=173516"},{"taxonomy":"companies","embeddable":true,"href":"https:\/\/admin.industriall-union.org\/es\/wp-json\/wp\/v2\/companies?post=173516"},{"taxonomy":"regions","embeddable":true,"href":"https:\/\/admin.industriall-union.org\/es\/wp-json\/wp\/v2\/regions?post=173516"},{"taxonomy":"sectors","embeddable":true,"href":"https:\/\/admin.industriall-union.org\/es\/wp-json\/wp\/v2\/sectors?post=173516"},{"taxonomy":"article_tags","embeddable":true,"href":"https:\/\/admin.industriall-union.org\/es\/wp-json\/wp\/v2\/article_tags?post=173516"}],"curies":[{"name":"wp","href":"https:\/\/api.w.org\/{rel}","templated":true}]}}