{"id":173508,"date":"2013-07-18T13:02:29","date_gmt":"2013-07-18T13:02:29","guid":{"rendered":"https:\/\/admin.industriall-union.org\/continua-en-brasil-la-lucha-contra-la-subcontratacion\/"},"modified":"2025-02-08T09:51:04","modified_gmt":"2025-02-08T09:51:04","slug":"continua-en-brasil-la-lucha-contra-la-subcontratacion","status":"publish","type":"article","link":"https:\/\/admin.industriall-union.org\/es\/continua-en-brasil-la-lucha-contra-la-subcontratacion\/","title":{"rendered":"Contin\u00faa en Brasil la lucha contra la subcontrataci\u00f3n"},"content":{"rendered":"<p>La batalla contra <a href=\"http:\/\/www.industriall-union.org\/es\/fuerte-movilizacion-de-los-sindicatos-en-brasil-contra-la-subcontratacion\">la aprobaci\u00f3n del proyecto de ley PL 4033<\/a> sobre la subcontrataci\u00f3n presentado por el diputado Sandro Mabel contin\u00faa, encabezada por varios sindicatos. El texto contribuir\u00eda al trabajo eventual, permitiendo la subcontrataci\u00f3n, incluidos los empleos relacionados con las actividades permanentes y normales de la empresa usuaria.<\/p><p>Debido a la presi\u00f3n de los sindicatos, la adopci\u00f3n por el comit\u00e9 parlamentario de Justicia y Ciudadan\u00eda se ha aplazado varias veces, y este es el \u00faltimo paso antes de la aprobaci\u00f3n por el Congreso, prevista ahora para primeros de agosto.<\/p><p>Despu\u00e9s de las negociaciones entre los principales interesados, el Gobierno decidi\u00f3 celebrar una serie de negociaciones cuadripartitas con el fin de revisar el proyecto de ley y de modificarlo antes de la aprobaci\u00f3n en agosto. En este di\u00e1logo social intervienen los representantes de los sindicatos y de las organizaciones de empleadores, miembros del Ministerio de Trabajo y diputados. Ya ha habido varias rondas de negociaciones, sin llegarse a ning\u00fan compromiso a\u00fan.<\/p><p>Seg\u00fan Marilane Meixeira, de CNQ\/CUT, que forma parte del grupo de trabajo de la CUT sobre este asunto, si se adoptara el proyecto de ley en su forma actual se debilitar\u00eda la relaci\u00f3n de trabajo y mermar\u00eda la fuerza de negociaci\u00f3n de los sindicatos. Estos siguen movilizando a los miembros sobre esta cuesti\u00f3n. Una de la demandas de la CUT en su<a href=\"http:\/\/www.industriall-union.org\/es\/fuerte-movilizacion-de-los-sindicatos-en-brasil-contra-la-subcontratacion\"> movilizaci\u00f3n masiva del 11 de julio<\/a> fue el rechazo de este proyecto de ley.<\/p><p>A pesar de la falta de regulaci\u00f3n de la subcontrataci\u00f3n y de las dificultades que tienen los sindicatos sectoriales para organizar a los trabajadores precarios, los afiliados brasile\u00f1os han logrado algunos acuerdos para limitar el uso de trabajadores subcontratados a nivel de la empresa.<\/p><p>El sindicato de trabajadores de la qu\u00edmica en la regi\u00f3n de&nbsp;Rio de Janeiro negoci\u00f3 la firma de un c\u00f3digo de conducta con Bayer para limitar el uso de trabajadores precarios. La empresa no puede recurrir a subcontratistas sin consultar al sindicato. El sindicato de trabajadores metal\u00fargicos negoci\u00f3 un acuerdo similar con Mercedes-Benz en la regi\u00f3n de Sao Paulo. La direcci\u00f3n y el comit\u00e9 de empresa negocian la tasa de trabajadores subcontratados que se emplear\u00e1n en las plantas.<\/p><p>Varios sindicatos tambi\u00e9n han conseguido, mediante acciones legales, regularizar la situaci\u00f3n de trabajadores precarios que llevan a cabo tareas relacionadas con la actividad permanente de la empresa usuaria. Los tribunales de justicia que basan su decisi\u00f3n en la jurisprudencia declaran que esos trabajadores han de ser empleados directamente por la empresa usuaria porque sus actividades est\u00e1n directamente relacionadas con las actividades de producci\u00f3n de la compa\u00f1\u00eda.<\/p><p>La aprobaci\u00f3n de la nueva ley pondr\u00eda en entredicho todos los avances conseguidos por los afiliados a la IndustriALL en Brasil. La IndustriALL seguir\u00e1 apoyando a sus miembros en la lucha contra la subcontrataci\u00f3n en Brasil y la protecci\u00f3n de los derechos de los trabajadores y de los sindicatos.<\/p>","protected":false},"featured_media":0,"template":"","issues":[415],"companies":[],"regions":[261],"sectors":[],"article_tags":[],"class_list":["post-173508","article","type-article","status-publish","hentry","issues-stop-precarious-work","regions-brazil"],"acf":[],"yoast_head":"<!-- This site is optimized with the Yoast SEO Premium plugin v27.1 (Yoast SEO v27.1) - https:\/\/yoast.com\/product\/yoast-seo-premium-wordpress\/ -->\n<title>Contin\u00faa en Brasil la lucha contra la subcontrataci\u00f3n - industriall-union<\/title>\n<meta name=\"description\" content=\"La batalla contra la aprobaci\u00f3n del proyecto de ley PL 4033 sobre la subcontrataci\u00f3n presentado por el diputado Sandro Mabel contin\u00faa, encabezada por\" \/>\n<meta name=\"robots\" content=\"index, follow, max-snippet:-1, max-image-preview:large, max-video-preview:-1\" \/>\n<link rel=\"canonical\" href=\"https:\/\/admin.industriall-union.org\/es\/continua-en-brasil-la-lucha-contra-la-subcontratacion\/\" \/>\n<meta property=\"og:locale\" content=\"es_ES\" \/>\n<meta property=\"og:type\" content=\"article\" \/>\n<meta property=\"og:title\" content=\"Contin\u00faa en Brasil la lucha contra la subcontrataci\u00f3n\" \/>\n<meta property=\"og:description\" content=\"La batalla contra la aprobaci\u00f3n del proyecto de ley PL 4033 sobre la subcontrataci\u00f3n presentado por el diputado Sandro Mabel contin\u00faa, encabezada por\" \/>\n<meta property=\"og:url\" content=\"https:\/\/admin.industriall-union.org\/es\/continua-en-brasil-la-lucha-contra-la-subcontratacion\/\" \/>\n<meta property=\"og:site_name\" content=\"industriall-union\" \/>\n<meta property=\"article:modified_time\" content=\"2025-02-08T09:51:04+00:00\" \/>\n<meta name=\"twitter:card\" content=\"summary_large_image\" \/>\n<meta name=\"twitter:label1\" content=\"Est. reading time\" \/>\n\t<meta name=\"twitter:data1\" content=\"3 minutes\" \/>\n<script type=\"application\/ld+json\" class=\"yoast-schema-graph\">{\"@context\":\"https:\/\/schema.org\",\"@graph\":[{\"@type\":\"WebPage\",\"@id\":\"https:\/\/admin.industriall-union.org\/es\/continua-en-brasil-la-lucha-contra-la-subcontratacion\/\",\"url\":\"https:\/\/admin.industriall-union.org\/es\/continua-en-brasil-la-lucha-contra-la-subcontratacion\/\",\"name\":\"Contin\u00faa en Brasil la lucha contra la subcontrataci\u00f3n - industriall-union\",\"isPartOf\":{\"@id\":\"https:\/\/admin.industriall-union.org\/#website\"},\"datePublished\":\"2013-07-18T13:02:29+00:00\",\"dateModified\":\"2025-02-08T09:51:04+00:00\",\"description\":\"La batalla contra la aprobaci\u00f3n del proyecto de ley PL 4033 sobre la subcontrataci\u00f3n presentado por el diputado Sandro Mabel contin\u00faa, encabezada por\",\"breadcrumb\":{\"@id\":\"https:\/\/admin.industriall-union.org\/es\/continua-en-brasil-la-lucha-contra-la-subcontratacion\/#breadcrumb\"},\"inLanguage\":\"es-ES\",\"potentialAction\":[{\"@type\":\"ReadAction\",\"target\":[\"https:\/\/admin.industriall-union.org\/es\/continua-en-brasil-la-lucha-contra-la-subcontratacion\/\"]}]},{\"@type\":\"BreadcrumbList\",\"@id\":\"https:\/\/admin.industriall-union.org\/es\/continua-en-brasil-la-lucha-contra-la-subcontratacion\/#breadcrumb\",\"itemListElement\":[{\"@type\":\"ListItem\",\"position\":1,\"name\":\"Home\",\"item\":\"https:\/\/admin.industriall-union.org\/\"},{\"@type\":\"ListItem\",\"position\":2,\"name\":\"Articles\",\"item\":\"https:\/\/admin.industriall-union.org\/article\/\"},{\"@type\":\"ListItem\",\"position\":3,\"name\":\"Contin\u00faa en Brasil la lucha contra la subcontrataci\u00f3n\"}]},{\"@type\":\"WebSite\",\"@id\":\"https:\/\/admin.industriall-union.org\/#website\",\"url\":\"https:\/\/admin.industriall-union.org\/\",\"name\":\"industriall-union\",\"description\":\"\",\"potentialAction\":[{\"@type\":\"SearchAction\",\"target\":{\"@type\":\"EntryPoint\",\"urlTemplate\":\"https:\/\/admin.industriall-union.org\/?s={search_term_string}\"},\"query-input\":{\"@type\":\"PropertyValueSpecification\",\"valueRequired\":true,\"valueName\":\"search_term_string\"}}],\"inLanguage\":\"es-ES\"}]}<\/script>\n<!-- \/ Yoast SEO Premium plugin. -->","yoast_head_json":{"title":"Contin\u00faa en Brasil la lucha contra la subcontrataci\u00f3n - industriall-union","description":"La batalla contra la aprobaci\u00f3n del proyecto de ley PL 4033 sobre la subcontrataci\u00f3n presentado por el diputado Sandro Mabel contin\u00faa, encabezada por","robots":{"index":"index","follow":"follow","max-snippet":"max-snippet:-1","max-image-preview":"max-image-preview:large","max-video-preview":"max-video-preview:-1"},"canonical":"https:\/\/admin.industriall-union.org\/es\/continua-en-brasil-la-lucha-contra-la-subcontratacion\/","og_locale":"es_ES","og_type":"article","og_title":"Contin\u00faa en Brasil la lucha contra la subcontrataci\u00f3n","og_description":"La batalla contra la aprobaci\u00f3n del proyecto de ley PL 4033 sobre la subcontrataci\u00f3n presentado por el diputado Sandro Mabel contin\u00faa, encabezada por","og_url":"https:\/\/admin.industriall-union.org\/es\/continua-en-brasil-la-lucha-contra-la-subcontratacion\/","og_site_name":"industriall-union","article_modified_time":"2025-02-08T09:51:04+00:00","twitter_card":"summary_large_image","twitter_misc":{"Est. reading time":"3 minutes"},"schema":{"@context":"https:\/\/schema.org","@graph":[{"@type":"WebPage","@id":"https:\/\/admin.industriall-union.org\/es\/continua-en-brasil-la-lucha-contra-la-subcontratacion\/","url":"https:\/\/admin.industriall-union.org\/es\/continua-en-brasil-la-lucha-contra-la-subcontratacion\/","name":"Contin\u00faa en Brasil la lucha contra la subcontrataci\u00f3n - industriall-union","isPartOf":{"@id":"https:\/\/admin.industriall-union.org\/#website"},"datePublished":"2013-07-18T13:02:29+00:00","dateModified":"2025-02-08T09:51:04+00:00","description":"La batalla contra la aprobaci\u00f3n del proyecto de ley PL 4033 sobre la subcontrataci\u00f3n presentado por el diputado Sandro Mabel contin\u00faa, encabezada por","breadcrumb":{"@id":"https:\/\/admin.industriall-union.org\/es\/continua-en-brasil-la-lucha-contra-la-subcontratacion\/#breadcrumb"},"inLanguage":"es-ES","potentialAction":[{"@type":"ReadAction","target":["https:\/\/admin.industriall-union.org\/es\/continua-en-brasil-la-lucha-contra-la-subcontratacion\/"]}]},{"@type":"BreadcrumbList","@id":"https:\/\/admin.industriall-union.org\/es\/continua-en-brasil-la-lucha-contra-la-subcontratacion\/#breadcrumb","itemListElement":[{"@type":"ListItem","position":1,"name":"Home","item":"https:\/\/admin.industriall-union.org\/"},{"@type":"ListItem","position":2,"name":"Articles","item":"https:\/\/admin.industriall-union.org\/article\/"},{"@type":"ListItem","position":3,"name":"Contin\u00faa en Brasil la lucha contra la subcontrataci\u00f3n"}]},{"@type":"WebSite","@id":"https:\/\/admin.industriall-union.org\/#website","url":"https:\/\/admin.industriall-union.org\/","name":"industriall-union","description":"","potentialAction":[{"@type":"SearchAction","target":{"@type":"EntryPoint","urlTemplate":"https:\/\/admin.industriall-union.org\/?s={search_term_string}"},"query-input":{"@type":"PropertyValueSpecification","valueRequired":true,"valueName":"search_term_string"}}],"inLanguage":"es-ES"}]}},"_links":{"self":[{"href":"https:\/\/admin.industriall-union.org\/es\/wp-json\/wp\/v2\/article\/173508","targetHints":{"allow":["GET"]}}],"collection":[{"href":"https:\/\/admin.industriall-union.org\/es\/wp-json\/wp\/v2\/article"}],"about":[{"href":"https:\/\/admin.industriall-union.org\/es\/wp-json\/wp\/v2\/types\/article"}],"wp:attachment":[{"href":"https:\/\/admin.industriall-union.org\/es\/wp-json\/wp\/v2\/media?parent=173508"}],"wp:term":[{"taxonomy":"issues","embeddable":true,"href":"https:\/\/admin.industriall-union.org\/es\/wp-json\/wp\/v2\/issues?post=173508"},{"taxonomy":"companies","embeddable":true,"href":"https:\/\/admin.industriall-union.org\/es\/wp-json\/wp\/v2\/companies?post=173508"},{"taxonomy":"regions","embeddable":true,"href":"https:\/\/admin.industriall-union.org\/es\/wp-json\/wp\/v2\/regions?post=173508"},{"taxonomy":"sectors","embeddable":true,"href":"https:\/\/admin.industriall-union.org\/es\/wp-json\/wp\/v2\/sectors?post=173508"},{"taxonomy":"article_tags","embeddable":true,"href":"https:\/\/admin.industriall-union.org\/es\/wp-json\/wp\/v2\/article_tags?post=173508"}],"curies":[{"name":"wp","href":"https:\/\/api.w.org\/{rel}","templated":true}]}}