{"id":173466,"date":"2013-07-25T09:10:12","date_gmt":"2013-07-25T09:10:12","guid":{"rendered":"https:\/\/admin.industriall-union.org\/es-hora-de-que-las-marcas-indemnicen-a-las-victimas-de-bangladesh\/"},"modified":"2025-02-08T09:41:19","modified_gmt":"2025-02-08T09:41:19","slug":"es-hora-de-que-las-marcas-indemnicen-a-las-victimas-de-bangladesh","status":"publish","type":"article","link":"https:\/\/admin.industriall-union.org\/es\/es-hora-de-que-las-marcas-indemnicen-a-las-victimas-de-bangladesh\/","title":{"rendered":"Es hora de que las marcas indemnicen a las v\u00edctimas de Bangladesh"},"content":{"rendered":"<p>Es hora de que los responsables profundicen y paguen a las familias que sufren a causa de estas tragedias evitables. La responsabilidad est\u00e1 compartida entre las marcas y los minoristas que se abastecen de Tazreen y Rana Plaza, los propietarios de las f\u00e1bricas, la asociaci\u00f3n de empleadores BGMEA y el Gobierno bangladesh\u00ed.<\/p><p>El objetivo es emplear el mecanismo de indemnizaci\u00f3n de mejores pr\u00e1cticas de la industria elaborado tras el derrumbe de la f\u00e1brica Spectrum en Bangladesh en 2005. Esta f\u00f3rmula est\u00e1 en conformidad con el Convenio n\u00fam. 121 de la OIT sobre las prestaciones en caso de accidentes de trabajo.<\/p><p>La formula establece directrices claras para el pago a las familias de los trabajadores muertos y heridos, y tiene en cuenta la p\u00e9rdida de ingresos, el dolor y el sufrimiento, as\u00ed como los gastos m\u00e9dicos, los gastos funerarios y otros importantes gastos para la familia. La indemnizaci\u00f3n estimada a largo plazo para Rana Plaza ser\u00e1 de m\u00e1s de 54 millones de euros (71 millones USD). Para Tazreen asciende a 4,3 millones de euros (5,7 millones USD).<\/p><p><a href=\"http:\/\/www.industriall-union.org\/es\/marcas-europeas-acuerdan-indemnizar-a-las-victimas-de-tazreen\">Las discusiones basadas en este marco de indemnizaci\u00f3n<\/a> han comenzado ya en relaci\u00f3n con las v\u00edctimas y los supervivientes de Tazreen. Algunos de los compradores de Tazreen se hab\u00edan comprometido a efectuar pagos de compensaci\u00f3n, pero el proceso se estanc\u00f3 en abril, al tratar las partes del derrumbe del Rana Plaza y el establecimiento del Acuerdo sobre seguridad contra incendios y de los edificios en Bangladesh.&nbsp;<\/p><p>El secretario general de la IndustriALL Global Union, Raina, declar\u00f3:<\/p><blockquote><p>Todas las marcas que se abastecen de esas dos f\u00e1bricas han sido invitadas a las discusiones de Dhaka. La IndustriALL espera con inter\u00e9s trabajar con las empresas comprometidas a aportar alguna justicia a los muertos y los heridos y a sus familias. Las marcas que no aprovechen esta oportunidad ser\u00e1n objeto de las cr\u00edticas m\u00e1s en\u00e9rgicas.<\/p><\/blockquote><p>La labor sobre la cuesti\u00f3n de la indemnizaci\u00f3n no forma parte del Acuerdo sobre la seguridad contra incendios y de los edificios en Bangladesh. Pero el gran esp\u00edritu de cooperaci\u00f3n creado por el Acuerdo refuerza el proceso.<\/p><p>El secretario general Raina agreg\u00f3:<\/p><blockquote><p>Para la IndustriALL es una prioridad clara que en esta importante cuesti\u00f3n de la indemnizaci\u00f3n en el caso de Rana Plaza y Tazreen se respeten las normas internacionales. Debemos concretar juntos el precedente de esta f\u00f3rmula que se ha utilizado ya en Bangladesh y en Camboya. Lo que todos deseamos es que los mecanismos convenidos en el Acuerdo de Bangladesh se conviertan r\u00e1pidamente en realidad, de manera que la indemnizaci\u00f3n a los trabajadores de la confecci\u00f3n muertos y heridos en Bangladesh sea cosa del pasado.<\/p><\/blockquote><p>La IndustriALL trabaja con varias ONG asociadas. La Campa\u00f1a Ropa Limpia hace una contribuci\u00f3n vital en esta importante cuesti\u00f3n de la indemnizaci\u00f3n.<\/p><p>Contactos:<br \/>IndustriALL Global Union: Tom Grinter &#8211;&nbsp;<a href=\"mailto:TGrinter@industriALL-Union.org\">tgrinter@industriall-union.org<\/a>&nbsp;+41796934499<br \/>Campa\u00f1a Ropa Limpia: Liz Parker &#8211;&nbsp;<a href=\"mailto:liz@cleanclothes.org\">liz@cleanclothes.org<\/a>&nbsp;+44 1225571912<\/p>","protected":false},"featured_media":0,"template":"","issues":[414],"companies":[],"regions":[159],"sectors":[465,468],"article_tags":[521],"class_list":["post-173466","article","type-article","status-publish","hentry","issues-action-on-bangladesh","regions-bangladesh","sectors-garment","sectors-textile-industry","article_tags-press-release"],"acf":[],"yoast_head":"<!-- This site is optimized with the Yoast SEO Premium plugin v27.1 (Yoast SEO v27.1) - https:\/\/yoast.com\/product\/yoast-seo-premium-wordpress\/ -->\n<title>Es hora de que las marcas indemnicen a las v\u00edctimas de Bangladesh - industriall-union<\/title>\n<meta name=\"description\" content=\"Es hora de que los responsables profundicen y paguen a las familias que sufren a causa de estas tragedias evitables. La responsabilidad est\u00e1 compartida\" \/>\n<meta name=\"robots\" content=\"index, follow, max-snippet:-1, max-image-preview:large, max-video-preview:-1\" \/>\n<link rel=\"canonical\" href=\"https:\/\/admin.industriall-union.org\/es\/es-hora-de-que-las-marcas-indemnicen-a-las-victimas-de-bangladesh\/\" \/>\n<meta property=\"og:locale\" content=\"es_ES\" \/>\n<meta property=\"og:type\" content=\"article\" \/>\n<meta property=\"og:title\" content=\"Es hora de que las marcas indemnicen a las v\u00edctimas de Bangladesh\" \/>\n<meta property=\"og:description\" content=\"Es hora de que los responsables profundicen y paguen a las familias que sufren a causa de estas tragedias evitables. La responsabilidad est\u00e1 compartida\" \/>\n<meta property=\"og:url\" content=\"https:\/\/admin.industriall-union.org\/es\/es-hora-de-que-las-marcas-indemnicen-a-las-victimas-de-bangladesh\/\" \/>\n<meta property=\"og:site_name\" content=\"industriall-union\" \/>\n<meta property=\"article:modified_time\" content=\"2025-02-08T09:41:19+00:00\" \/>\n<meta name=\"twitter:card\" content=\"summary_large_image\" \/>\n<meta name=\"twitter:label1\" content=\"Est. reading time\" \/>\n\t<meta name=\"twitter:data1\" content=\"3 minutes\" \/>\n<script type=\"application\/ld+json\" class=\"yoast-schema-graph\">{\"@context\":\"https:\/\/schema.org\",\"@graph\":[{\"@type\":\"WebPage\",\"@id\":\"https:\/\/admin.industriall-union.org\/es\/es-hora-de-que-las-marcas-indemnicen-a-las-victimas-de-bangladesh\/\",\"url\":\"https:\/\/admin.industriall-union.org\/es\/es-hora-de-que-las-marcas-indemnicen-a-las-victimas-de-bangladesh\/\",\"name\":\"Es hora de que las marcas indemnicen a las v\u00edctimas de Bangladesh - industriall-union\",\"isPartOf\":{\"@id\":\"https:\/\/admin.industriall-union.org\/#website\"},\"datePublished\":\"2013-07-25T09:10:12+00:00\",\"dateModified\":\"2025-02-08T09:41:19+00:00\",\"description\":\"Es hora de que los responsables profundicen y paguen a las familias que sufren a causa de estas tragedias evitables. La responsabilidad est\u00e1 compartida\",\"breadcrumb\":{\"@id\":\"https:\/\/admin.industriall-union.org\/es\/es-hora-de-que-las-marcas-indemnicen-a-las-victimas-de-bangladesh\/#breadcrumb\"},\"inLanguage\":\"es-ES\",\"potentialAction\":[{\"@type\":\"ReadAction\",\"target\":[\"https:\/\/admin.industriall-union.org\/es\/es-hora-de-que-las-marcas-indemnicen-a-las-victimas-de-bangladesh\/\"]}]},{\"@type\":\"BreadcrumbList\",\"@id\":\"https:\/\/admin.industriall-union.org\/es\/es-hora-de-que-las-marcas-indemnicen-a-las-victimas-de-bangladesh\/#breadcrumb\",\"itemListElement\":[{\"@type\":\"ListItem\",\"position\":1,\"name\":\"Home\",\"item\":\"https:\/\/admin.industriall-union.org\/\"},{\"@type\":\"ListItem\",\"position\":2,\"name\":\"Articles\",\"item\":\"https:\/\/admin.industriall-union.org\/article\/\"},{\"@type\":\"ListItem\",\"position\":3,\"name\":\"Es hora de que las marcas indemnicen a las v\u00edctimas de Bangladesh\"}]},{\"@type\":\"WebSite\",\"@id\":\"https:\/\/admin.industriall-union.org\/#website\",\"url\":\"https:\/\/admin.industriall-union.org\/\",\"name\":\"industriall-union\",\"description\":\"\",\"potentialAction\":[{\"@type\":\"SearchAction\",\"target\":{\"@type\":\"EntryPoint\",\"urlTemplate\":\"https:\/\/admin.industriall-union.org\/?s={search_term_string}\"},\"query-input\":{\"@type\":\"PropertyValueSpecification\",\"valueRequired\":true,\"valueName\":\"search_term_string\"}}],\"inLanguage\":\"es-ES\"}]}<\/script>\n<!-- \/ Yoast SEO Premium plugin. -->","yoast_head_json":{"title":"Es hora de que las marcas indemnicen a las v\u00edctimas de Bangladesh - industriall-union","description":"Es hora de que los responsables profundicen y paguen a las familias que sufren a causa de estas tragedias evitables. La responsabilidad est\u00e1 compartida","robots":{"index":"index","follow":"follow","max-snippet":"max-snippet:-1","max-image-preview":"max-image-preview:large","max-video-preview":"max-video-preview:-1"},"canonical":"https:\/\/admin.industriall-union.org\/es\/es-hora-de-que-las-marcas-indemnicen-a-las-victimas-de-bangladesh\/","og_locale":"es_ES","og_type":"article","og_title":"Es hora de que las marcas indemnicen a las v\u00edctimas de Bangladesh","og_description":"Es hora de que los responsables profundicen y paguen a las familias que sufren a causa de estas tragedias evitables. La responsabilidad est\u00e1 compartida","og_url":"https:\/\/admin.industriall-union.org\/es\/es-hora-de-que-las-marcas-indemnicen-a-las-victimas-de-bangladesh\/","og_site_name":"industriall-union","article_modified_time":"2025-02-08T09:41:19+00:00","twitter_card":"summary_large_image","twitter_misc":{"Est. reading time":"3 minutes"},"schema":{"@context":"https:\/\/schema.org","@graph":[{"@type":"WebPage","@id":"https:\/\/admin.industriall-union.org\/es\/es-hora-de-que-las-marcas-indemnicen-a-las-victimas-de-bangladesh\/","url":"https:\/\/admin.industriall-union.org\/es\/es-hora-de-que-las-marcas-indemnicen-a-las-victimas-de-bangladesh\/","name":"Es hora de que las marcas indemnicen a las v\u00edctimas de Bangladesh - industriall-union","isPartOf":{"@id":"https:\/\/admin.industriall-union.org\/#website"},"datePublished":"2013-07-25T09:10:12+00:00","dateModified":"2025-02-08T09:41:19+00:00","description":"Es hora de que los responsables profundicen y paguen a las familias que sufren a causa de estas tragedias evitables. La responsabilidad est\u00e1 compartida","breadcrumb":{"@id":"https:\/\/admin.industriall-union.org\/es\/es-hora-de-que-las-marcas-indemnicen-a-las-victimas-de-bangladesh\/#breadcrumb"},"inLanguage":"es-ES","potentialAction":[{"@type":"ReadAction","target":["https:\/\/admin.industriall-union.org\/es\/es-hora-de-que-las-marcas-indemnicen-a-las-victimas-de-bangladesh\/"]}]},{"@type":"BreadcrumbList","@id":"https:\/\/admin.industriall-union.org\/es\/es-hora-de-que-las-marcas-indemnicen-a-las-victimas-de-bangladesh\/#breadcrumb","itemListElement":[{"@type":"ListItem","position":1,"name":"Home","item":"https:\/\/admin.industriall-union.org\/"},{"@type":"ListItem","position":2,"name":"Articles","item":"https:\/\/admin.industriall-union.org\/article\/"},{"@type":"ListItem","position":3,"name":"Es hora de que las marcas indemnicen a las v\u00edctimas de Bangladesh"}]},{"@type":"WebSite","@id":"https:\/\/admin.industriall-union.org\/#website","url":"https:\/\/admin.industriall-union.org\/","name":"industriall-union","description":"","potentialAction":[{"@type":"SearchAction","target":{"@type":"EntryPoint","urlTemplate":"https:\/\/admin.industriall-union.org\/?s={search_term_string}"},"query-input":{"@type":"PropertyValueSpecification","valueRequired":true,"valueName":"search_term_string"}}],"inLanguage":"es-ES"}]}},"_links":{"self":[{"href":"https:\/\/admin.industriall-union.org\/es\/wp-json\/wp\/v2\/article\/173466","targetHints":{"allow":["GET"]}}],"collection":[{"href":"https:\/\/admin.industriall-union.org\/es\/wp-json\/wp\/v2\/article"}],"about":[{"href":"https:\/\/admin.industriall-union.org\/es\/wp-json\/wp\/v2\/types\/article"}],"wp:attachment":[{"href":"https:\/\/admin.industriall-union.org\/es\/wp-json\/wp\/v2\/media?parent=173466"}],"wp:term":[{"taxonomy":"issues","embeddable":true,"href":"https:\/\/admin.industriall-union.org\/es\/wp-json\/wp\/v2\/issues?post=173466"},{"taxonomy":"companies","embeddable":true,"href":"https:\/\/admin.industriall-union.org\/es\/wp-json\/wp\/v2\/companies?post=173466"},{"taxonomy":"regions","embeddable":true,"href":"https:\/\/admin.industriall-union.org\/es\/wp-json\/wp\/v2\/regions?post=173466"},{"taxonomy":"sectors","embeddable":true,"href":"https:\/\/admin.industriall-union.org\/es\/wp-json\/wp\/v2\/sectors?post=173466"},{"taxonomy":"article_tags","embeddable":true,"href":"https:\/\/admin.industriall-union.org\/es\/wp-json\/wp\/v2\/article_tags?post=173466"}],"curies":[{"name":"wp","href":"https:\/\/api.w.org\/{rel}","templated":true}]}}