{"id":173307,"date":"2013-09-04T08:53:30","date_gmt":"2013-09-04T08:53:30","guid":{"rendered":"https:\/\/admin.industriall-union.org\/los-sindicatos-de-alcoa-celebraran-una-semana-de-accion-mundial\/"},"modified":"2025-02-08T09:17:24","modified_gmt":"2025-02-08T09:17:24","slug":"los-sindicatos-de-alcoa-celebraran-una-semana-de-accion-mundial","status":"publish","type":"article","link":"https:\/\/admin.industriall-union.org\/es\/los-sindicatos-de-alcoa-celebraran-una-semana-de-accion-mundial\/","title":{"rendered":"Los sindicatos de Alcoa celebrar\u00e1n una semana de acci\u00f3n mundial"},"content":{"rendered":"<p>La semana de acci\u00f3n mundial fue convocada por la Red Sindical Mundial de Alcoa. Se trata de una red en la que participan sindicatos que representan a miles de empleados de Alcoa en m\u00e1s de una docena de pa\u00edses.<\/p><p>Alcoa es el mayor productor mundial de aluminio primario.<\/p><p>Durante la semana de acci\u00f3n mundial, los trabajadores de instalaciones de producci\u00f3n de Alcoa en todo el mundo participar\u00e1n celebrando actos de solidaridad, portando pegatinas, distribuyendo folletos y mediante otras acciones locales apropiadas..<\/p><p>La Red Sindical Mundial de Alcoa se reuni\u00f3 por \u00faltima vez en mayo. En esa reuni\u00f3n, los participantes reconocieron que muchos de los sindicatos negociar\u00e1n un nuevo acuerdo salarial con Alcoa el pr\u00f3ximo a\u00f1o. Tambi\u00e9n identificaron preocupaciones por la salud y la seguridad en algunos establecimientos de Alcoa.<\/p><p>A la reuni\u00f3n asistieron trabajadores de las plantas de fundici\u00f3n de aluminio en Hampton, Virginia (Estados Unidos). Informaron a la Red de la manera en que Alcoa ha combatido ilegalmente las tentativas de los empleados de Alcoa en Hampton para afiliarse al United Steelworkers.<\/p><p>El secretario general de la IndustriALL, Raina, declar\u00f3:<\/p><p>Los trabajadores y sus sindicatos en Alcoa se est\u00e1n preparando para arduas negociaciones. Se est\u00e1n uniendo en una forma sin precedentes para pedir que Alcoa negocie de buena fe, cumpla su declarado compromiso con la salud y la seguridad y ponga fin a su oposici\u00f3n ilegal a la organizaci\u00f3n sindical en algunas de sus instalaciones.<\/p>","protected":false},"featured_media":0,"template":"","issues":[406,420],"companies":[7],"regions":[],"sectors":[481],"article_tags":[],"class_list":["post-173307","article","type-article","status-publish","hentry","issues-confronting-global-capital","issues-solidarity","companies-alcoa","sectors-base-metals"],"acf":[],"yoast_head":"<!-- This site is optimized with the Yoast SEO Premium plugin v27.1 (Yoast SEO v27.1) - https:\/\/yoast.com\/product\/yoast-seo-premium-wordpress\/ -->\n<title>Los sindicatos de Alcoa celebrar\u00e1n una semana de acci\u00f3n mundial - industriall-union<\/title>\n<meta name=\"description\" content=\"La semana de acci\u00f3n mundial fue convocada por la Red Sindical Mundial de Alcoa. Se trata de una red en la que participan sindicatos que representan a\" \/>\n<meta name=\"robots\" content=\"index, follow, max-snippet:-1, max-image-preview:large, max-video-preview:-1\" \/>\n<link rel=\"canonical\" href=\"https:\/\/admin.industriall-union.org\/es\/los-sindicatos-de-alcoa-celebraran-una-semana-de-accion-mundial\/\" \/>\n<meta property=\"og:locale\" content=\"es_ES\" \/>\n<meta property=\"og:type\" content=\"article\" \/>\n<meta property=\"og:title\" content=\"Los sindicatos de Alcoa celebrar\u00e1n una semana de acci\u00f3n mundial\" \/>\n<meta property=\"og:description\" content=\"La semana de acci\u00f3n mundial fue convocada por la Red Sindical Mundial de Alcoa. Se trata de una red en la que participan sindicatos que representan a\" \/>\n<meta property=\"og:url\" content=\"https:\/\/admin.industriall-union.org\/es\/los-sindicatos-de-alcoa-celebraran-una-semana-de-accion-mundial\/\" \/>\n<meta property=\"og:site_name\" content=\"industriall-union\" \/>\n<meta property=\"article:modified_time\" content=\"2025-02-08T09:17:24+00:00\" \/>\n<meta name=\"twitter:card\" content=\"summary_large_image\" \/>\n<meta name=\"twitter:label1\" content=\"Est. reading time\" \/>\n\t<meta name=\"twitter:data1\" content=\"1 minute\" \/>\n<script type=\"application\/ld+json\" class=\"yoast-schema-graph\">{\"@context\":\"https:\/\/schema.org\",\"@graph\":[{\"@type\":\"WebPage\",\"@id\":\"https:\/\/admin.industriall-union.org\/es\/los-sindicatos-de-alcoa-celebraran-una-semana-de-accion-mundial\/\",\"url\":\"https:\/\/admin.industriall-union.org\/es\/los-sindicatos-de-alcoa-celebraran-una-semana-de-accion-mundial\/\",\"name\":\"Los sindicatos de Alcoa celebrar\u00e1n una semana de acci\u00f3n mundial - industriall-union\",\"isPartOf\":{\"@id\":\"https:\/\/admin.industriall-union.org\/#website\"},\"datePublished\":\"2013-09-04T08:53:30+00:00\",\"dateModified\":\"2025-02-08T09:17:24+00:00\",\"description\":\"La semana de acci\u00f3n mundial fue convocada por la Red Sindical Mundial de Alcoa. Se trata de una red en la que participan sindicatos que representan a\",\"breadcrumb\":{\"@id\":\"https:\/\/admin.industriall-union.org\/es\/los-sindicatos-de-alcoa-celebraran-una-semana-de-accion-mundial\/#breadcrumb\"},\"inLanguage\":\"es-ES\",\"potentialAction\":[{\"@type\":\"ReadAction\",\"target\":[\"https:\/\/admin.industriall-union.org\/es\/los-sindicatos-de-alcoa-celebraran-una-semana-de-accion-mundial\/\"]}]},{\"@type\":\"BreadcrumbList\",\"@id\":\"https:\/\/admin.industriall-union.org\/es\/los-sindicatos-de-alcoa-celebraran-una-semana-de-accion-mundial\/#breadcrumb\",\"itemListElement\":[{\"@type\":\"ListItem\",\"position\":1,\"name\":\"Home\",\"item\":\"https:\/\/admin.industriall-union.org\/\"},{\"@type\":\"ListItem\",\"position\":2,\"name\":\"Articles\",\"item\":\"https:\/\/admin.industriall-union.org\/article\/\"},{\"@type\":\"ListItem\",\"position\":3,\"name\":\"Los sindicatos de Alcoa celebrar\u00e1n una semana de acci\u00f3n mundial\"}]},{\"@type\":\"WebSite\",\"@id\":\"https:\/\/admin.industriall-union.org\/#website\",\"url\":\"https:\/\/admin.industriall-union.org\/\",\"name\":\"industriall-union\",\"description\":\"\",\"potentialAction\":[{\"@type\":\"SearchAction\",\"target\":{\"@type\":\"EntryPoint\",\"urlTemplate\":\"https:\/\/admin.industriall-union.org\/?s={search_term_string}\"},\"query-input\":{\"@type\":\"PropertyValueSpecification\",\"valueRequired\":true,\"valueName\":\"search_term_string\"}}],\"inLanguage\":\"es-ES\"}]}<\/script>\n<!-- \/ Yoast SEO Premium plugin. -->","yoast_head_json":{"title":"Los sindicatos de Alcoa celebrar\u00e1n una semana de acci\u00f3n mundial - industriall-union","description":"La semana de acci\u00f3n mundial fue convocada por la Red Sindical Mundial de Alcoa. Se trata de una red en la que participan sindicatos que representan a","robots":{"index":"index","follow":"follow","max-snippet":"max-snippet:-1","max-image-preview":"max-image-preview:large","max-video-preview":"max-video-preview:-1"},"canonical":"https:\/\/admin.industriall-union.org\/es\/los-sindicatos-de-alcoa-celebraran-una-semana-de-accion-mundial\/","og_locale":"es_ES","og_type":"article","og_title":"Los sindicatos de Alcoa celebrar\u00e1n una semana de acci\u00f3n mundial","og_description":"La semana de acci\u00f3n mundial fue convocada por la Red Sindical Mundial de Alcoa. Se trata de una red en la que participan sindicatos que representan a","og_url":"https:\/\/admin.industriall-union.org\/es\/los-sindicatos-de-alcoa-celebraran-una-semana-de-accion-mundial\/","og_site_name":"industriall-union","article_modified_time":"2025-02-08T09:17:24+00:00","twitter_card":"summary_large_image","twitter_misc":{"Est. reading time":"1 minute"},"schema":{"@context":"https:\/\/schema.org","@graph":[{"@type":"WebPage","@id":"https:\/\/admin.industriall-union.org\/es\/los-sindicatos-de-alcoa-celebraran-una-semana-de-accion-mundial\/","url":"https:\/\/admin.industriall-union.org\/es\/los-sindicatos-de-alcoa-celebraran-una-semana-de-accion-mundial\/","name":"Los sindicatos de Alcoa celebrar\u00e1n una semana de acci\u00f3n mundial - industriall-union","isPartOf":{"@id":"https:\/\/admin.industriall-union.org\/#website"},"datePublished":"2013-09-04T08:53:30+00:00","dateModified":"2025-02-08T09:17:24+00:00","description":"La semana de acci\u00f3n mundial fue convocada por la Red Sindical Mundial de Alcoa. Se trata de una red en la que participan sindicatos que representan a","breadcrumb":{"@id":"https:\/\/admin.industriall-union.org\/es\/los-sindicatos-de-alcoa-celebraran-una-semana-de-accion-mundial\/#breadcrumb"},"inLanguage":"es-ES","potentialAction":[{"@type":"ReadAction","target":["https:\/\/admin.industriall-union.org\/es\/los-sindicatos-de-alcoa-celebraran-una-semana-de-accion-mundial\/"]}]},{"@type":"BreadcrumbList","@id":"https:\/\/admin.industriall-union.org\/es\/los-sindicatos-de-alcoa-celebraran-una-semana-de-accion-mundial\/#breadcrumb","itemListElement":[{"@type":"ListItem","position":1,"name":"Home","item":"https:\/\/admin.industriall-union.org\/"},{"@type":"ListItem","position":2,"name":"Articles","item":"https:\/\/admin.industriall-union.org\/article\/"},{"@type":"ListItem","position":3,"name":"Los sindicatos de Alcoa celebrar\u00e1n una semana de acci\u00f3n mundial"}]},{"@type":"WebSite","@id":"https:\/\/admin.industriall-union.org\/#website","url":"https:\/\/admin.industriall-union.org\/","name":"industriall-union","description":"","potentialAction":[{"@type":"SearchAction","target":{"@type":"EntryPoint","urlTemplate":"https:\/\/admin.industriall-union.org\/?s={search_term_string}"},"query-input":{"@type":"PropertyValueSpecification","valueRequired":true,"valueName":"search_term_string"}}],"inLanguage":"es-ES"}]}},"_links":{"self":[{"href":"https:\/\/admin.industriall-union.org\/es\/wp-json\/wp\/v2\/article\/173307","targetHints":{"allow":["GET"]}}],"collection":[{"href":"https:\/\/admin.industriall-union.org\/es\/wp-json\/wp\/v2\/article"}],"about":[{"href":"https:\/\/admin.industriall-union.org\/es\/wp-json\/wp\/v2\/types\/article"}],"wp:attachment":[{"href":"https:\/\/admin.industriall-union.org\/es\/wp-json\/wp\/v2\/media?parent=173307"}],"wp:term":[{"taxonomy":"issues","embeddable":true,"href":"https:\/\/admin.industriall-union.org\/es\/wp-json\/wp\/v2\/issues?post=173307"},{"taxonomy":"companies","embeddable":true,"href":"https:\/\/admin.industriall-union.org\/es\/wp-json\/wp\/v2\/companies?post=173307"},{"taxonomy":"regions","embeddable":true,"href":"https:\/\/admin.industriall-union.org\/es\/wp-json\/wp\/v2\/regions?post=173307"},{"taxonomy":"sectors","embeddable":true,"href":"https:\/\/admin.industriall-union.org\/es\/wp-json\/wp\/v2\/sectors?post=173307"},{"taxonomy":"article_tags","embeddable":true,"href":"https:\/\/admin.industriall-union.org\/es\/wp-json\/wp\/v2\/article_tags?post=173307"}],"curies":[{"name":"wp","href":"https:\/\/api.w.org\/{rel}","templated":true}]}}