{"id":173304,"date":"2013-09-04T11:44:50","date_gmt":"2013-09-04T11:44:50","guid":{"rendered":"https:\/\/admin.industriall-union.org\/manifestaciones-en-iraq-contra-las-pensiones-de-los-parlamentarios\/"},"modified":"2025-02-08T09:12:50","modified_gmt":"2025-02-08T09:12:50","slug":"manifestaciones-en-iraq-contra-las-pensiones-de-los-parlamentarios","status":"publish","type":"article","link":"https:\/\/admin.industriall-union.org\/es\/manifestaciones-en-iraq-contra-las-pensiones-de-los-parlamentarios\/","title":{"rendered":"Manifestaciones en Iraq contra las pensiones de los parlamentarios"},"content":{"rendered":"<p>A pesar de las en\u00e9rgicas medidas de seguridad, el ultimo d\u00eda de agosto centenares de manifestantes salieron a la calle para protestar contra las ventajas de los legisladores. El pueblo iraqu\u00ed est\u00e1 enojado y disgustado porque los parlamentarios han aprobado para s\u00ed pagos mensuales de pensiones masivas, con independencia del tiempo de servicio. Perciben aproximadamente el 80 por ciento de su sueldo completo como pensi\u00f3n tras cumplir un mandato en el parlamento, adem\u00e1s de asignaciones para la seguridad, y tambi\u00e9n conservan sus pasaportes diplom\u00e1ticos.<\/p><p>Hubo protestas en Baghdad y en varias ciudades meridionales como Basora, Hilla, Najaf y Nasiriyah, as\u00ed como en Kirkuk y Baquba, al norte de Baghdad. Varios miles se manifestaron en la ciudad meridional de Basora, donde una pancarta dec\u00eda: &ldquo;Los recursos de Iraq son para los iraqu\u00edes, no para los legisladores&rdquo;. Se inform\u00f3 de que en Nasiriyah la polic\u00eda antidisturbios armada de porras hiri\u00f3 a 11 personas y detuvo a diez.<\/p><p>Las autoridades de Baghdad se negaron a autorizar las manifestaciones y recurrieron a extraordinarias medidas de seguridad, como el bloqueo de puentes y el despliegue de un gran n\u00famero de soldados armados y de polic\u00edas en las principales plazas. Las fuerzas de seguridad detuvieron a docenas de manifestantes en Baghdad, al dispersar la polic\u00eda por la fuerza una manifestaci\u00f3n en la plaza Tahrir. Sin embargo, debido a la presi\u00f3n del Gobierno, con la confiscaci\u00f3n de c\u00e1maras y la detenci\u00f3n de periodistas, la cobertura en los medios de informaci\u00f3n fue m\u00ednima.<\/p><p>El portavoz del Ministerio del Interior, Saad Maan Ibrahim, defendi\u00f3 la operaci\u00f3n de seguridad, diciendo que a las autoridades les preocupaba que terroristas suicidas pudieran tratar de atacar a los manifestantes. Insisti\u00f3 en que las manifestaciones no planteaban ning\u00fan problema a las autoridades, y que esas fuerzas s\u00f3lo estaban all\u00ed para proteger a los manifestantes. En una declaraci\u00f3n en su sitio web, el primer ministro iraqu\u00ed, Nuri-al Malik, dijo que apoyaba las demandas de los manifestantes y que trabajar\u00eda para &ldquo;modificar los sueldos de los funcionarios superiores&rdquo;.<\/p><p>Adem\u00e1s de las manifestaciones y movilizaciones en todo el pa\u00eds, los sindicatos iraqu\u00edes han iniciado una labor unitaria para desafiar a las autoridades pol\u00edticas. Los sindicatos de Basora, entre ellos los afiliados a la IndustriALL Global Union en los sectores de la electricidad y el petr\u00f3leo, han decidido recientemente crear una coalici\u00f3n para intensificar la presi\u00f3n sobre el Gobierno respecto a las cuestiones laborales.<\/p><blockquote><p>La IndustriALL Global Union comparte el disgusto del pueblo iraqu\u00ed y de los sindicatos y seguir\u00e1 apoy\u00e1ndoles plenamente y difundiendo todas sus luchas.<\/p><\/blockquote>","protected":false},"featured_media":0,"template":"","issues":[420],"companies":[],"regions":[293],"sectors":[],"article_tags":[],"class_list":["post-173304","article","type-article","status-publish","hentry","issues-solidarity","regions-iraq"],"acf":[],"yoast_head":"<!-- This site is optimized with the Yoast SEO Premium plugin v27.1 (Yoast SEO v27.1) - https:\/\/yoast.com\/product\/yoast-seo-premium-wordpress\/ -->\n<title>Manifestaciones en Iraq contra las pensiones de los parlamentarios - industriall-union<\/title>\n<meta name=\"description\" content=\"A pesar de las en\u00e9rgicas medidas de seguridad, el ultimo d\u00eda de agosto centenares de manifestantes salieron a la calle para protestar contra las ventajas\" \/>\n<meta name=\"robots\" content=\"index, follow, max-snippet:-1, max-image-preview:large, max-video-preview:-1\" \/>\n<link rel=\"canonical\" href=\"https:\/\/admin.industriall-union.org\/es\/manifestaciones-en-iraq-contra-las-pensiones-de-los-parlamentarios\/\" \/>\n<meta property=\"og:locale\" content=\"es_ES\" \/>\n<meta property=\"og:type\" content=\"article\" \/>\n<meta property=\"og:title\" content=\"Manifestaciones en Iraq contra las pensiones de los parlamentarios\" \/>\n<meta property=\"og:description\" content=\"A pesar de las en\u00e9rgicas medidas de seguridad, el ultimo d\u00eda de agosto centenares de manifestantes salieron a la calle para protestar contra las ventajas\" \/>\n<meta property=\"og:url\" content=\"https:\/\/admin.industriall-union.org\/es\/manifestaciones-en-iraq-contra-las-pensiones-de-los-parlamentarios\/\" \/>\n<meta property=\"og:site_name\" content=\"industriall-union\" \/>\n<meta property=\"article:modified_time\" content=\"2025-02-08T09:12:50+00:00\" \/>\n<meta name=\"twitter:card\" content=\"summary_large_image\" \/>\n<meta name=\"twitter:label1\" content=\"Est. reading time\" \/>\n\t<meta name=\"twitter:data1\" content=\"2 minutes\" \/>\n<script type=\"application\/ld+json\" class=\"yoast-schema-graph\">{\"@context\":\"https:\/\/schema.org\",\"@graph\":[{\"@type\":\"WebPage\",\"@id\":\"https:\/\/admin.industriall-union.org\/es\/manifestaciones-en-iraq-contra-las-pensiones-de-los-parlamentarios\/\",\"url\":\"https:\/\/admin.industriall-union.org\/es\/manifestaciones-en-iraq-contra-las-pensiones-de-los-parlamentarios\/\",\"name\":\"Manifestaciones en Iraq contra las pensiones de los parlamentarios - industriall-union\",\"isPartOf\":{\"@id\":\"https:\/\/admin.industriall-union.org\/#website\"},\"datePublished\":\"2013-09-04T11:44:50+00:00\",\"dateModified\":\"2025-02-08T09:12:50+00:00\",\"description\":\"A pesar de las en\u00e9rgicas medidas de seguridad, el ultimo d\u00eda de agosto centenares de manifestantes salieron a la calle para protestar contra las ventajas\",\"breadcrumb\":{\"@id\":\"https:\/\/admin.industriall-union.org\/es\/manifestaciones-en-iraq-contra-las-pensiones-de-los-parlamentarios\/#breadcrumb\"},\"inLanguage\":\"es-ES\",\"potentialAction\":[{\"@type\":\"ReadAction\",\"target\":[\"https:\/\/admin.industriall-union.org\/es\/manifestaciones-en-iraq-contra-las-pensiones-de-los-parlamentarios\/\"]}]},{\"@type\":\"BreadcrumbList\",\"@id\":\"https:\/\/admin.industriall-union.org\/es\/manifestaciones-en-iraq-contra-las-pensiones-de-los-parlamentarios\/#breadcrumb\",\"itemListElement\":[{\"@type\":\"ListItem\",\"position\":1,\"name\":\"Home\",\"item\":\"https:\/\/admin.industriall-union.org\/\"},{\"@type\":\"ListItem\",\"position\":2,\"name\":\"Articles\",\"item\":\"https:\/\/admin.industriall-union.org\/article\/\"},{\"@type\":\"ListItem\",\"position\":3,\"name\":\"Manifestaciones en Iraq contra las pensiones de los parlamentarios\"}]},{\"@type\":\"WebSite\",\"@id\":\"https:\/\/admin.industriall-union.org\/#website\",\"url\":\"https:\/\/admin.industriall-union.org\/\",\"name\":\"industriall-union\",\"description\":\"\",\"potentialAction\":[{\"@type\":\"SearchAction\",\"target\":{\"@type\":\"EntryPoint\",\"urlTemplate\":\"https:\/\/admin.industriall-union.org\/?s={search_term_string}\"},\"query-input\":{\"@type\":\"PropertyValueSpecification\",\"valueRequired\":true,\"valueName\":\"search_term_string\"}}],\"inLanguage\":\"es-ES\"}]}<\/script>\n<!-- \/ Yoast SEO Premium plugin. -->","yoast_head_json":{"title":"Manifestaciones en Iraq contra las pensiones de los parlamentarios - industriall-union","description":"A pesar de las en\u00e9rgicas medidas de seguridad, el ultimo d\u00eda de agosto centenares de manifestantes salieron a la calle para protestar contra las ventajas","robots":{"index":"index","follow":"follow","max-snippet":"max-snippet:-1","max-image-preview":"max-image-preview:large","max-video-preview":"max-video-preview:-1"},"canonical":"https:\/\/admin.industriall-union.org\/es\/manifestaciones-en-iraq-contra-las-pensiones-de-los-parlamentarios\/","og_locale":"es_ES","og_type":"article","og_title":"Manifestaciones en Iraq contra las pensiones de los parlamentarios","og_description":"A pesar de las en\u00e9rgicas medidas de seguridad, el ultimo d\u00eda de agosto centenares de manifestantes salieron a la calle para protestar contra las ventajas","og_url":"https:\/\/admin.industriall-union.org\/es\/manifestaciones-en-iraq-contra-las-pensiones-de-los-parlamentarios\/","og_site_name":"industriall-union","article_modified_time":"2025-02-08T09:12:50+00:00","twitter_card":"summary_large_image","twitter_misc":{"Est. reading time":"2 minutes"},"schema":{"@context":"https:\/\/schema.org","@graph":[{"@type":"WebPage","@id":"https:\/\/admin.industriall-union.org\/es\/manifestaciones-en-iraq-contra-las-pensiones-de-los-parlamentarios\/","url":"https:\/\/admin.industriall-union.org\/es\/manifestaciones-en-iraq-contra-las-pensiones-de-los-parlamentarios\/","name":"Manifestaciones en Iraq contra las pensiones de los parlamentarios - industriall-union","isPartOf":{"@id":"https:\/\/admin.industriall-union.org\/#website"},"datePublished":"2013-09-04T11:44:50+00:00","dateModified":"2025-02-08T09:12:50+00:00","description":"A pesar de las en\u00e9rgicas medidas de seguridad, el ultimo d\u00eda de agosto centenares de manifestantes salieron a la calle para protestar contra las ventajas","breadcrumb":{"@id":"https:\/\/admin.industriall-union.org\/es\/manifestaciones-en-iraq-contra-las-pensiones-de-los-parlamentarios\/#breadcrumb"},"inLanguage":"es-ES","potentialAction":[{"@type":"ReadAction","target":["https:\/\/admin.industriall-union.org\/es\/manifestaciones-en-iraq-contra-las-pensiones-de-los-parlamentarios\/"]}]},{"@type":"BreadcrumbList","@id":"https:\/\/admin.industriall-union.org\/es\/manifestaciones-en-iraq-contra-las-pensiones-de-los-parlamentarios\/#breadcrumb","itemListElement":[{"@type":"ListItem","position":1,"name":"Home","item":"https:\/\/admin.industriall-union.org\/"},{"@type":"ListItem","position":2,"name":"Articles","item":"https:\/\/admin.industriall-union.org\/article\/"},{"@type":"ListItem","position":3,"name":"Manifestaciones en Iraq contra las pensiones de los parlamentarios"}]},{"@type":"WebSite","@id":"https:\/\/admin.industriall-union.org\/#website","url":"https:\/\/admin.industriall-union.org\/","name":"industriall-union","description":"","potentialAction":[{"@type":"SearchAction","target":{"@type":"EntryPoint","urlTemplate":"https:\/\/admin.industriall-union.org\/?s={search_term_string}"},"query-input":{"@type":"PropertyValueSpecification","valueRequired":true,"valueName":"search_term_string"}}],"inLanguage":"es-ES"}]}},"_links":{"self":[{"href":"https:\/\/admin.industriall-union.org\/es\/wp-json\/wp\/v2\/article\/173304","targetHints":{"allow":["GET"]}}],"collection":[{"href":"https:\/\/admin.industriall-union.org\/es\/wp-json\/wp\/v2\/article"}],"about":[{"href":"https:\/\/admin.industriall-union.org\/es\/wp-json\/wp\/v2\/types\/article"}],"wp:attachment":[{"href":"https:\/\/admin.industriall-union.org\/es\/wp-json\/wp\/v2\/media?parent=173304"}],"wp:term":[{"taxonomy":"issues","embeddable":true,"href":"https:\/\/admin.industriall-union.org\/es\/wp-json\/wp\/v2\/issues?post=173304"},{"taxonomy":"companies","embeddable":true,"href":"https:\/\/admin.industriall-union.org\/es\/wp-json\/wp\/v2\/companies?post=173304"},{"taxonomy":"regions","embeddable":true,"href":"https:\/\/admin.industriall-union.org\/es\/wp-json\/wp\/v2\/regions?post=173304"},{"taxonomy":"sectors","embeddable":true,"href":"https:\/\/admin.industriall-union.org\/es\/wp-json\/wp\/v2\/sectors?post=173304"},{"taxonomy":"article_tags","embeddable":true,"href":"https:\/\/admin.industriall-union.org\/es\/wp-json\/wp\/v2\/article_tags?post=173304"}],"curies":[{"name":"wp","href":"https:\/\/api.w.org\/{rel}","templated":true}]}}