{"id":173292,"date":"2013-09-04T15:45:22","date_gmt":"2013-09-04T15:45:22","guid":{"rendered":"https:\/\/admin.industriall-union.org\/comienza-huelga-de-mineros-del-oro-en-sudafrica\/"},"modified":"2025-02-08T09:10:41","modified_gmt":"2025-02-08T09:10:41","slug":"comienza-huelga-de-mineros-del-oro-en-sudafrica","status":"publish","type":"article","link":"https:\/\/admin.industriall-union.org\/es\/comienza-huelga-de-mineros-del-oro-en-sudafrica\/","title":{"rendered":"Comienza huelga de mineros del oro en Sud\u00e1frica"},"content":{"rendered":"<p>Los empleadores hab\u00edan ofrecido un aumento del 6,5 por ciento de los salarios, lo cual equival\u00eda solamente a 30 euros m\u00e1s al mes. El NUM rechaz\u00f3 esta oferta con desprecio, calific\u00e1ndola como un sueldo miserable. El NUM exige un aumento de 230 euros para mineros que laboran en la superficie y a cielo abierto, y de 300 euros para los mineros que trabajan bajo tierra, lo que constituye un aumento del 49 por ciento y 60 por ciento respectivamente.<\/p><p>El NUM se ha visto obligado a declarar una huelga a nivel nacional debido a la arrogancia de los empleadores del sector de la miner\u00eda del oro, con el fin de obligar a cambiar radicalmente ese sector minero. Leshiba Seshoka, portavoz del NUM, dijo: -Los capitanes de la industria se otorgan constantemente enormes primas: el a\u00f1o pasado, el director general de Gold Fields consigui\u00f3 4,5 millones de euros anuales.-<\/p><p>En un comunicado de prensa, el NUM afirm\u00f3 lo siguiente: &ldquo;Los mineros estamos decididos a emprender la huelga, hasta que se cumplan nuestras reivindicaciones. Nuestro sindicato ha tomado nota de la arrogancia de los empleadores, quienes insisten que no van a variar su miserable oferta del 6,5%. El NUM es inamovible tambi\u00e9n en su exigencia de un salario digno y, por lo tanto, la oferta final de la C\u00e1mara ha de satisfacer lo exigido definitivamente por el sindicato: se levantar\u00e1 una polvareda en las calles de Carletonville y PWV.&quot;<\/p><p>-IndustriALL Global Union apoya totalmente las reivindicaciones leg\u00edtimas del NUM- dijo el Secretario General Jyrki Raina. -Nuestros afiliados en todo el mundo, sobre todo en la industria minera, se solidarizan completamente con el NUM en esta importante huelga-.<\/p>","protected":false},"featured_media":0,"template":"","issues":[],"companies":[],"regions":[350],"sectors":[495],"article_tags":[],"class_list":["post-173292","article","type-article","status-publish","hentry","regions-south-africa","sectors-mining"],"acf":[],"yoast_head":"<!-- This site is optimized with the Yoast SEO Premium plugin v27.1 (Yoast SEO v27.1) - https:\/\/yoast.com\/product\/yoast-seo-premium-wordpress\/ -->\n<title>Comienza huelga de mineros del oro en Sud\u00e1frica - industriall-union<\/title>\n<meta name=\"description\" content=\"Los empleadores hab\u00edan ofrecido un aumento del 6,5 por ciento de los salarios, lo cual equival\u00eda solamente a 30 euros m\u00e1s al mes. El NUM rechaz\u00f3 esta\" \/>\n<meta name=\"robots\" content=\"index, follow, max-snippet:-1, max-image-preview:large, max-video-preview:-1\" \/>\n<link rel=\"canonical\" href=\"https:\/\/admin.industriall-union.org\/es\/comienza-huelga-de-mineros-del-oro-en-sudafrica\/\" \/>\n<meta property=\"og:locale\" content=\"es_ES\" \/>\n<meta property=\"og:type\" content=\"article\" \/>\n<meta property=\"og:title\" content=\"Comienza huelga de mineros del oro en Sud\u00e1frica\" \/>\n<meta property=\"og:description\" content=\"Los empleadores hab\u00edan ofrecido un aumento del 6,5 por ciento de los salarios, lo cual equival\u00eda solamente a 30 euros m\u00e1s al mes. El NUM rechaz\u00f3 esta\" \/>\n<meta property=\"og:url\" content=\"https:\/\/admin.industriall-union.org\/es\/comienza-huelga-de-mineros-del-oro-en-sudafrica\/\" \/>\n<meta property=\"og:site_name\" content=\"industriall-union\" \/>\n<meta property=\"article:modified_time\" content=\"2025-02-08T09:10:41+00:00\" \/>\n<meta name=\"twitter:card\" content=\"summary_large_image\" \/>\n<meta name=\"twitter:label1\" content=\"Est. reading time\" \/>\n\t<meta name=\"twitter:data1\" content=\"1 minute\" \/>\n<script type=\"application\/ld+json\" class=\"yoast-schema-graph\">{\"@context\":\"https:\/\/schema.org\",\"@graph\":[{\"@type\":\"WebPage\",\"@id\":\"https:\/\/admin.industriall-union.org\/es\/comienza-huelga-de-mineros-del-oro-en-sudafrica\/\",\"url\":\"https:\/\/admin.industriall-union.org\/es\/comienza-huelga-de-mineros-del-oro-en-sudafrica\/\",\"name\":\"Comienza huelga de mineros del oro en Sud\u00e1frica - industriall-union\",\"isPartOf\":{\"@id\":\"https:\/\/admin.industriall-union.org\/#website\"},\"datePublished\":\"2013-09-04T15:45:22+00:00\",\"dateModified\":\"2025-02-08T09:10:41+00:00\",\"description\":\"Los empleadores hab\u00edan ofrecido un aumento del 6,5 por ciento de los salarios, lo cual equival\u00eda solamente a 30 euros m\u00e1s al mes. El NUM rechaz\u00f3 esta\",\"breadcrumb\":{\"@id\":\"https:\/\/admin.industriall-union.org\/es\/comienza-huelga-de-mineros-del-oro-en-sudafrica\/#breadcrumb\"},\"inLanguage\":\"es-ES\",\"potentialAction\":[{\"@type\":\"ReadAction\",\"target\":[\"https:\/\/admin.industriall-union.org\/es\/comienza-huelga-de-mineros-del-oro-en-sudafrica\/\"]}]},{\"@type\":\"BreadcrumbList\",\"@id\":\"https:\/\/admin.industriall-union.org\/es\/comienza-huelga-de-mineros-del-oro-en-sudafrica\/#breadcrumb\",\"itemListElement\":[{\"@type\":\"ListItem\",\"position\":1,\"name\":\"Home\",\"item\":\"https:\/\/admin.industriall-union.org\/\"},{\"@type\":\"ListItem\",\"position\":2,\"name\":\"Articles\",\"item\":\"https:\/\/admin.industriall-union.org\/article\/\"},{\"@type\":\"ListItem\",\"position\":3,\"name\":\"Comienza huelga de mineros del oro en Sud\u00e1frica\"}]},{\"@type\":\"WebSite\",\"@id\":\"https:\/\/admin.industriall-union.org\/#website\",\"url\":\"https:\/\/admin.industriall-union.org\/\",\"name\":\"industriall-union\",\"description\":\"\",\"potentialAction\":[{\"@type\":\"SearchAction\",\"target\":{\"@type\":\"EntryPoint\",\"urlTemplate\":\"https:\/\/admin.industriall-union.org\/?s={search_term_string}\"},\"query-input\":{\"@type\":\"PropertyValueSpecification\",\"valueRequired\":true,\"valueName\":\"search_term_string\"}}],\"inLanguage\":\"es-ES\"}]}<\/script>\n<!-- \/ Yoast SEO Premium plugin. -->","yoast_head_json":{"title":"Comienza huelga de mineros del oro en Sud\u00e1frica - industriall-union","description":"Los empleadores hab\u00edan ofrecido un aumento del 6,5 por ciento de los salarios, lo cual equival\u00eda solamente a 30 euros m\u00e1s al mes. El NUM rechaz\u00f3 esta","robots":{"index":"index","follow":"follow","max-snippet":"max-snippet:-1","max-image-preview":"max-image-preview:large","max-video-preview":"max-video-preview:-1"},"canonical":"https:\/\/admin.industriall-union.org\/es\/comienza-huelga-de-mineros-del-oro-en-sudafrica\/","og_locale":"es_ES","og_type":"article","og_title":"Comienza huelga de mineros del oro en Sud\u00e1frica","og_description":"Los empleadores hab\u00edan ofrecido un aumento del 6,5 por ciento de los salarios, lo cual equival\u00eda solamente a 30 euros m\u00e1s al mes. El NUM rechaz\u00f3 esta","og_url":"https:\/\/admin.industriall-union.org\/es\/comienza-huelga-de-mineros-del-oro-en-sudafrica\/","og_site_name":"industriall-union","article_modified_time":"2025-02-08T09:10:41+00:00","twitter_card":"summary_large_image","twitter_misc":{"Est. reading time":"1 minute"},"schema":{"@context":"https:\/\/schema.org","@graph":[{"@type":"WebPage","@id":"https:\/\/admin.industriall-union.org\/es\/comienza-huelga-de-mineros-del-oro-en-sudafrica\/","url":"https:\/\/admin.industriall-union.org\/es\/comienza-huelga-de-mineros-del-oro-en-sudafrica\/","name":"Comienza huelga de mineros del oro en Sud\u00e1frica - industriall-union","isPartOf":{"@id":"https:\/\/admin.industriall-union.org\/#website"},"datePublished":"2013-09-04T15:45:22+00:00","dateModified":"2025-02-08T09:10:41+00:00","description":"Los empleadores hab\u00edan ofrecido un aumento del 6,5 por ciento de los salarios, lo cual equival\u00eda solamente a 30 euros m\u00e1s al mes. El NUM rechaz\u00f3 esta","breadcrumb":{"@id":"https:\/\/admin.industriall-union.org\/es\/comienza-huelga-de-mineros-del-oro-en-sudafrica\/#breadcrumb"},"inLanguage":"es-ES","potentialAction":[{"@type":"ReadAction","target":["https:\/\/admin.industriall-union.org\/es\/comienza-huelga-de-mineros-del-oro-en-sudafrica\/"]}]},{"@type":"BreadcrumbList","@id":"https:\/\/admin.industriall-union.org\/es\/comienza-huelga-de-mineros-del-oro-en-sudafrica\/#breadcrumb","itemListElement":[{"@type":"ListItem","position":1,"name":"Home","item":"https:\/\/admin.industriall-union.org\/"},{"@type":"ListItem","position":2,"name":"Articles","item":"https:\/\/admin.industriall-union.org\/article\/"},{"@type":"ListItem","position":3,"name":"Comienza huelga de mineros del oro en Sud\u00e1frica"}]},{"@type":"WebSite","@id":"https:\/\/admin.industriall-union.org\/#website","url":"https:\/\/admin.industriall-union.org\/","name":"industriall-union","description":"","potentialAction":[{"@type":"SearchAction","target":{"@type":"EntryPoint","urlTemplate":"https:\/\/admin.industriall-union.org\/?s={search_term_string}"},"query-input":{"@type":"PropertyValueSpecification","valueRequired":true,"valueName":"search_term_string"}}],"inLanguage":"es-ES"}]}},"_links":{"self":[{"href":"https:\/\/admin.industriall-union.org\/es\/wp-json\/wp\/v2\/article\/173292","targetHints":{"allow":["GET"]}}],"collection":[{"href":"https:\/\/admin.industriall-union.org\/es\/wp-json\/wp\/v2\/article"}],"about":[{"href":"https:\/\/admin.industriall-union.org\/es\/wp-json\/wp\/v2\/types\/article"}],"wp:attachment":[{"href":"https:\/\/admin.industriall-union.org\/es\/wp-json\/wp\/v2\/media?parent=173292"}],"wp:term":[{"taxonomy":"issues","embeddable":true,"href":"https:\/\/admin.industriall-union.org\/es\/wp-json\/wp\/v2\/issues?post=173292"},{"taxonomy":"companies","embeddable":true,"href":"https:\/\/admin.industriall-union.org\/es\/wp-json\/wp\/v2\/companies?post=173292"},{"taxonomy":"regions","embeddable":true,"href":"https:\/\/admin.industriall-union.org\/es\/wp-json\/wp\/v2\/regions?post=173292"},{"taxonomy":"sectors","embeddable":true,"href":"https:\/\/admin.industriall-union.org\/es\/wp-json\/wp\/v2\/sectors?post=173292"},{"taxonomy":"article_tags","embeddable":true,"href":"https:\/\/admin.industriall-union.org\/es\/wp-json\/wp\/v2\/article_tags?post=173292"}],"curies":[{"name":"wp","href":"https:\/\/api.w.org\/{rel}","templated":true}]}}