{"id":173285,"date":"2013-09-06T12:26:28","date_gmt":"2013-09-06T12:26:28","guid":{"rendered":"https:\/\/admin.industriall-union.org\/a-los-trabajadores-de-apple-y-sus-proveedores-no-se-les-ha-aplicado-ninguno-de-los-cambios-prometidos\/"},"modified":"2025-02-08T09:10:17","modified_gmt":"2025-02-08T09:10:17","slug":"a-los-trabajadores-de-apple-y-sus-proveedores-no-se-les-ha-aplicado-ninguno-de-los-cambios-prometidos","status":"publish","type":"article","link":"https:\/\/admin.industriall-union.org\/es\/a-los-trabajadores-de-apple-y-sus-proveedores-no-se-les-ha-aplicado-ninguno-de-los-cambios-prometidos\/","title":{"rendered":"A los trabajadores de Apple y sus proveedores no se les ha aplicado ninguno de los cambios prometidos"},"content":{"rendered":"<p>Apple y sus proveedores ocuparon ampliamente los medios de informaci\u00f3n cuando, en los primeros meses del a\u00f1o,<a href=\"http:\/\/www.industriall-union.org\/es\/foxconn-planea-elecciones-sindicales-en-china\" target=\"_blank\"> prometieron poner fin a la violaci\u00f3n de los derechos de los trabajadores<\/a> con el apoyo de la Fair Labor Association (FLA) (Asociaci\u00f3n para el Trabajo Justo). Para lo que ha resultado una falsa promesa se fij\u00f3 el plazo de julio de 2013.<\/p><p>No s\u00f3lo no se han aplicado las reformas, como en establecimiento de una verdadera representaci\u00f3n colectiva en el lugar de trabajo, sino que contin\u00faan las violaciones. Por ejemplo, no se ha abordado la cuesti\u00f3n de las horas extraordinarias ilegales, y los trabajadores de las factor\u00edas chinas que suministran a Apple las siguen realizando.<\/p><p>La IndustriALL Global Union critica severamente la falta de reformas:<\/p><p>&ldquo;Apple debe ser consciente de qui\u00e9n expresa realmente la verdadera voz de los trabajadores. La soluci\u00f3n efectiva para corregir las violaciones de los derechos de los trabajadores en los proveedores de Apple \u00fanicamente puede hallarse mediante un di\u00e1logo\/discusi\u00f3n frente a frente con representantes elegidos democr\u00e1ticamente por los propios trabajadores.&rdquo;<\/p><p>Puede obtenerse m\u00e1s informaci\u00f3n sobre las promesas incumplidas en el Economic Policy Institute <a href=\"http:\/\/www.epi.org\/blog\/broken-promises-continuing-worker-abuses\" target=\"_blank\">aqu\u00ed<\/a>.<\/p>","protected":false},"featured_media":0,"template":"","issues":[396,409,425],"companies":[11],"regions":[163],"sectors":[492],"article_tags":[],"class_list":["post-173285","article","type-article","status-publish","hentry","issues-building-strong-unions","issues-multinational-companies-mncs","issues-workers-rights","companies-apple","regions-china","sectors-electronics"],"acf":[],"yoast_head":"<!-- This site is optimized with the Yoast SEO Premium plugin v27.1 (Yoast SEO v27.1) - https:\/\/yoast.com\/product\/yoast-seo-premium-wordpress\/ -->\n<title>A los trabajadores de Apple y sus proveedores no se les ha aplicado ninguno de los cambios prometidos - industriall-union<\/title>\n<meta name=\"description\" content=\"Apple y sus proveedores ocuparon ampliamente los medios de informaci\u00f3n cuando, en los primeros meses del a\u00f1o, prometieron poner fin a la violaci\u00f3n de los\" \/>\n<meta name=\"robots\" content=\"index, follow, max-snippet:-1, max-image-preview:large, max-video-preview:-1\" \/>\n<link rel=\"canonical\" href=\"https:\/\/admin.industriall-union.org\/es\/a-los-trabajadores-de-apple-y-sus-proveedores-no-se-les-ha-aplicado-ninguno-de-los-cambios-prometidos\/\" \/>\n<meta property=\"og:locale\" content=\"es_ES\" \/>\n<meta property=\"og:type\" content=\"article\" \/>\n<meta property=\"og:title\" content=\"A los trabajadores de Apple y sus proveedores no se les ha aplicado ninguno de los cambios prometidos\" \/>\n<meta property=\"og:description\" content=\"Apple y sus proveedores ocuparon ampliamente los medios de informaci\u00f3n cuando, en los primeros meses del a\u00f1o, prometieron poner fin a la violaci\u00f3n de los\" \/>\n<meta property=\"og:url\" content=\"https:\/\/admin.industriall-union.org\/es\/a-los-trabajadores-de-apple-y-sus-proveedores-no-se-les-ha-aplicado-ninguno-de-los-cambios-prometidos\/\" \/>\n<meta property=\"og:site_name\" content=\"industriall-union\" \/>\n<meta property=\"article:modified_time\" content=\"2025-02-08T09:10:17+00:00\" \/>\n<meta name=\"twitter:card\" content=\"summary_large_image\" \/>\n<meta name=\"twitter:label1\" content=\"Est. reading time\" \/>\n\t<meta name=\"twitter:data1\" content=\"1 minute\" \/>\n<script type=\"application\/ld+json\" class=\"yoast-schema-graph\">{\"@context\":\"https:\/\/schema.org\",\"@graph\":[{\"@type\":\"WebPage\",\"@id\":\"https:\/\/admin.industriall-union.org\/es\/a-los-trabajadores-de-apple-y-sus-proveedores-no-se-les-ha-aplicado-ninguno-de-los-cambios-prometidos\/\",\"url\":\"https:\/\/admin.industriall-union.org\/es\/a-los-trabajadores-de-apple-y-sus-proveedores-no-se-les-ha-aplicado-ninguno-de-los-cambios-prometidos\/\",\"name\":\"A los trabajadores de Apple y sus proveedores no se les ha aplicado ninguno de los cambios prometidos - industriall-union\",\"isPartOf\":{\"@id\":\"https:\/\/admin.industriall-union.org\/#website\"},\"datePublished\":\"2013-09-06T12:26:28+00:00\",\"dateModified\":\"2025-02-08T09:10:17+00:00\",\"description\":\"Apple y sus proveedores ocuparon ampliamente los medios de informaci\u00f3n cuando, en los primeros meses del a\u00f1o, prometieron poner fin a la violaci\u00f3n de los\",\"breadcrumb\":{\"@id\":\"https:\/\/admin.industriall-union.org\/es\/a-los-trabajadores-de-apple-y-sus-proveedores-no-se-les-ha-aplicado-ninguno-de-los-cambios-prometidos\/#breadcrumb\"},\"inLanguage\":\"es-ES\",\"potentialAction\":[{\"@type\":\"ReadAction\",\"target\":[\"https:\/\/admin.industriall-union.org\/es\/a-los-trabajadores-de-apple-y-sus-proveedores-no-se-les-ha-aplicado-ninguno-de-los-cambios-prometidos\/\"]}]},{\"@type\":\"BreadcrumbList\",\"@id\":\"https:\/\/admin.industriall-union.org\/es\/a-los-trabajadores-de-apple-y-sus-proveedores-no-se-les-ha-aplicado-ninguno-de-los-cambios-prometidos\/#breadcrumb\",\"itemListElement\":[{\"@type\":\"ListItem\",\"position\":1,\"name\":\"Home\",\"item\":\"https:\/\/admin.industriall-union.org\/\"},{\"@type\":\"ListItem\",\"position\":2,\"name\":\"Articles\",\"item\":\"https:\/\/admin.industriall-union.org\/article\/\"},{\"@type\":\"ListItem\",\"position\":3,\"name\":\"A los trabajadores de Apple y sus proveedores no se les ha aplicado ninguno de los cambios prometidos\"}]},{\"@type\":\"WebSite\",\"@id\":\"https:\/\/admin.industriall-union.org\/#website\",\"url\":\"https:\/\/admin.industriall-union.org\/\",\"name\":\"industriall-union\",\"description\":\"\",\"potentialAction\":[{\"@type\":\"SearchAction\",\"target\":{\"@type\":\"EntryPoint\",\"urlTemplate\":\"https:\/\/admin.industriall-union.org\/?s={search_term_string}\"},\"query-input\":{\"@type\":\"PropertyValueSpecification\",\"valueRequired\":true,\"valueName\":\"search_term_string\"}}],\"inLanguage\":\"es-ES\"}]}<\/script>\n<!-- \/ Yoast SEO Premium plugin. -->","yoast_head_json":{"title":"A los trabajadores de Apple y sus proveedores no se les ha aplicado ninguno de los cambios prometidos - industriall-union","description":"Apple y sus proveedores ocuparon ampliamente los medios de informaci\u00f3n cuando, en los primeros meses del a\u00f1o, prometieron poner fin a la violaci\u00f3n de los","robots":{"index":"index","follow":"follow","max-snippet":"max-snippet:-1","max-image-preview":"max-image-preview:large","max-video-preview":"max-video-preview:-1"},"canonical":"https:\/\/admin.industriall-union.org\/es\/a-los-trabajadores-de-apple-y-sus-proveedores-no-se-les-ha-aplicado-ninguno-de-los-cambios-prometidos\/","og_locale":"es_ES","og_type":"article","og_title":"A los trabajadores de Apple y sus proveedores no se les ha aplicado ninguno de los cambios prometidos","og_description":"Apple y sus proveedores ocuparon ampliamente los medios de informaci\u00f3n cuando, en los primeros meses del a\u00f1o, prometieron poner fin a la violaci\u00f3n de los","og_url":"https:\/\/admin.industriall-union.org\/es\/a-los-trabajadores-de-apple-y-sus-proveedores-no-se-les-ha-aplicado-ninguno-de-los-cambios-prometidos\/","og_site_name":"industriall-union","article_modified_time":"2025-02-08T09:10:17+00:00","twitter_card":"summary_large_image","twitter_misc":{"Est. reading time":"1 minute"},"schema":{"@context":"https:\/\/schema.org","@graph":[{"@type":"WebPage","@id":"https:\/\/admin.industriall-union.org\/es\/a-los-trabajadores-de-apple-y-sus-proveedores-no-se-les-ha-aplicado-ninguno-de-los-cambios-prometidos\/","url":"https:\/\/admin.industriall-union.org\/es\/a-los-trabajadores-de-apple-y-sus-proveedores-no-se-les-ha-aplicado-ninguno-de-los-cambios-prometidos\/","name":"A los trabajadores de Apple y sus proveedores no se les ha aplicado ninguno de los cambios prometidos - industriall-union","isPartOf":{"@id":"https:\/\/admin.industriall-union.org\/#website"},"datePublished":"2013-09-06T12:26:28+00:00","dateModified":"2025-02-08T09:10:17+00:00","description":"Apple y sus proveedores ocuparon ampliamente los medios de informaci\u00f3n cuando, en los primeros meses del a\u00f1o, prometieron poner fin a la violaci\u00f3n de los","breadcrumb":{"@id":"https:\/\/admin.industriall-union.org\/es\/a-los-trabajadores-de-apple-y-sus-proveedores-no-se-les-ha-aplicado-ninguno-de-los-cambios-prometidos\/#breadcrumb"},"inLanguage":"es-ES","potentialAction":[{"@type":"ReadAction","target":["https:\/\/admin.industriall-union.org\/es\/a-los-trabajadores-de-apple-y-sus-proveedores-no-se-les-ha-aplicado-ninguno-de-los-cambios-prometidos\/"]}]},{"@type":"BreadcrumbList","@id":"https:\/\/admin.industriall-union.org\/es\/a-los-trabajadores-de-apple-y-sus-proveedores-no-se-les-ha-aplicado-ninguno-de-los-cambios-prometidos\/#breadcrumb","itemListElement":[{"@type":"ListItem","position":1,"name":"Home","item":"https:\/\/admin.industriall-union.org\/"},{"@type":"ListItem","position":2,"name":"Articles","item":"https:\/\/admin.industriall-union.org\/article\/"},{"@type":"ListItem","position":3,"name":"A los trabajadores de Apple y sus proveedores no se les ha aplicado ninguno de los cambios prometidos"}]},{"@type":"WebSite","@id":"https:\/\/admin.industriall-union.org\/#website","url":"https:\/\/admin.industriall-union.org\/","name":"industriall-union","description":"","potentialAction":[{"@type":"SearchAction","target":{"@type":"EntryPoint","urlTemplate":"https:\/\/admin.industriall-union.org\/?s={search_term_string}"},"query-input":{"@type":"PropertyValueSpecification","valueRequired":true,"valueName":"search_term_string"}}],"inLanguage":"es-ES"}]}},"_links":{"self":[{"href":"https:\/\/admin.industriall-union.org\/es\/wp-json\/wp\/v2\/article\/173285","targetHints":{"allow":["GET"]}}],"collection":[{"href":"https:\/\/admin.industriall-union.org\/es\/wp-json\/wp\/v2\/article"}],"about":[{"href":"https:\/\/admin.industriall-union.org\/es\/wp-json\/wp\/v2\/types\/article"}],"wp:attachment":[{"href":"https:\/\/admin.industriall-union.org\/es\/wp-json\/wp\/v2\/media?parent=173285"}],"wp:term":[{"taxonomy":"issues","embeddable":true,"href":"https:\/\/admin.industriall-union.org\/es\/wp-json\/wp\/v2\/issues?post=173285"},{"taxonomy":"companies","embeddable":true,"href":"https:\/\/admin.industriall-union.org\/es\/wp-json\/wp\/v2\/companies?post=173285"},{"taxonomy":"regions","embeddable":true,"href":"https:\/\/admin.industriall-union.org\/es\/wp-json\/wp\/v2\/regions?post=173285"},{"taxonomy":"sectors","embeddable":true,"href":"https:\/\/admin.industriall-union.org\/es\/wp-json\/wp\/v2\/sectors?post=173285"},{"taxonomy":"article_tags","embeddable":true,"href":"https:\/\/admin.industriall-union.org\/es\/wp-json\/wp\/v2\/article_tags?post=173285"}],"curies":[{"name":"wp","href":"https:\/\/api.w.org\/{rel}","templated":true}]}}