{"id":173242,"date":"2013-09-18T14:27:25","date_gmt":"2013-09-18T14:27:25","guid":{"rendered":"https:\/\/admin.industriall-union.org\/sindicatos-alemanes-detienen-el-trabajo-precario\/"},"modified":"2025-02-08T08:47:04","modified_gmt":"2025-02-08T08:47:04","slug":"sindicatos-alemanes-detienen-el-trabajo-precario","status":"publish","type":"article","link":"https:\/\/admin.industriall-union.org\/es\/sindicatos-alemanes-detienen-el-trabajo-precario\/","title":{"rendered":"Sindicatos alemanes detienen el trabajo precario"},"content":{"rendered":"<p>IG Metall, perteneciente a la central sindical alemana DGB, y afiliada a IndustriALL Global Union, est\u00e1 celebrando una importante victoria en cuanto a mejorar los sueldos de trabajadores y trabajadoras contratados por agencias. En Berl\u00edn, el 16 de septiembre, el Comit\u00e9 de Sueldos y Salarios de la DGB logr\u00f3 un convenio con dos asociaciones empresariales, la IGZ y BAP. El convenio establece aumentos del sueldo mensual de los trabajadores temporales. A partir del 1&deg; de enero de 2014, su salario aumentar\u00e1, en tres etapas, en un 9,6 por ciento en la Rep\u00fablica Federal de Alemania y en un 12,8 por ciento en el Este, lo que reduce significativamente la brecha salarial entre Alemania Oriental y Occidental. El convenio, que tambi\u00e9n prohibe emplear a trabajadores temporales como rompehuelgas, regir\u00e1 hasta 2016.<\/p><p>Respecto a este triunfo, Helga Schwitzer, miembro del Consejo Ejecutivo de IG Metall, se\u00f1al\u00f3: &quot;Con este nuevo convenio colectivo, seguro y optimizado, y en particular el salario m\u00ednimo de 8,50 euros, hemos mejorado considerablemente la situaci\u00f3n de los ingresos de los trabajadores temporales en Alemania.&quot;<\/p><p>Sin embargo, Schwitzer advierte que &quot;el convenio colectivo para los trabajadores temporales no es una panacea. Con los convenios colectivos, el sindicato IG Metall no puede resolver la totalidad de las injusticias laborales que cometen las agencias, ni tampoco el maltrato en general, ni la falta de salarios m\u00ednimos en muchos sectores. Se requiere de una pol\u00edtica especial para tratar el problema.<\/p><p>&quot;Dicha pol\u00edtica no debe ser ambigua: debe contar con normas jur\u00eddicas claras sobre el abuso del trabajo temporal&quot;, continu\u00f3 Schwitzer.<\/p><p>IndustriALL Global Union hace un llamado a todos sus afiliados para que se unan a la campa\u00f1a mundial para eliminar el trabajo precario, moviliz\u00e1ndose el d\u00eda 7 de octubre, en la Jornada Mundial por el Trabajo Decente. Informaci\u00f3n actualizada y material de campa\u00f1a est\u00e1n a disposici\u00f3n en la p\u00e1gina web de la campa\u00f1a &quot;STOP al trabajo precario&quot;, en <a href=\"http:\/\/www.industriall-union.org\/es\/temas\/justicia-social-y-la-globalizacion\/stop-al-trabajo-precario\">http:\/\/www.industriall-union.org\/es\/temas\/justicia-social-y-la-globalizacion\/stop-al-trabajo-precario<\/a>. S\u00edguenos en Twitter @IndustriALL_GU y comunica mensajes acerca de su movilizaci\u00f3n y \u00e9xitos en la campa\u00f1a mundial STOP al trabajo precario, usando el hash #STOPrecariousWork.<\/p>","protected":false},"featured_media":0,"template":"","issues":[415],"companies":[],"regions":[219],"sectors":[],"article_tags":[535],"class_list":["post-173242","article","type-article","status-publish","hentry","issues-stop-precarious-work","regions-germany","article_tags-world-day-for-decent-work-wddw"],"acf":[],"yoast_head":"<!-- This site is optimized with the Yoast SEO Premium plugin v27.1 (Yoast SEO v27.1) - https:\/\/yoast.com\/product\/yoast-seo-premium-wordpress\/ -->\n<title>Sindicatos alemanes detienen el trabajo precario - industriall-union<\/title>\n<meta name=\"description\" content=\"IG Metall, perteneciente a la central sindical alemana DGB, y afiliada a IndustriALL Global Union, est\u00e1 celebrando una importante victoria en cuanto a\" \/>\n<meta name=\"robots\" content=\"index, follow, max-snippet:-1, max-image-preview:large, max-video-preview:-1\" \/>\n<link rel=\"canonical\" href=\"https:\/\/admin.industriall-union.org\/es\/sindicatos-alemanes-detienen-el-trabajo-precario\/\" \/>\n<meta property=\"og:locale\" content=\"es_ES\" \/>\n<meta property=\"og:type\" content=\"article\" \/>\n<meta property=\"og:title\" content=\"Sindicatos alemanes detienen el trabajo precario\" \/>\n<meta property=\"og:description\" content=\"IG Metall, perteneciente a la central sindical alemana DGB, y afiliada a IndustriALL Global Union, est\u00e1 celebrando una importante victoria en cuanto a\" \/>\n<meta property=\"og:url\" content=\"https:\/\/admin.industriall-union.org\/es\/sindicatos-alemanes-detienen-el-trabajo-precario\/\" \/>\n<meta property=\"og:site_name\" content=\"industriall-union\" \/>\n<meta property=\"article:modified_time\" content=\"2025-02-08T08:47:04+00:00\" \/>\n<meta name=\"twitter:card\" content=\"summary_large_image\" \/>\n<meta name=\"twitter:label1\" content=\"Est. reading time\" \/>\n\t<meta name=\"twitter:data1\" content=\"2 minutes\" \/>\n<script type=\"application\/ld+json\" class=\"yoast-schema-graph\">{\"@context\":\"https:\/\/schema.org\",\"@graph\":[{\"@type\":\"WebPage\",\"@id\":\"https:\/\/admin.industriall-union.org\/es\/sindicatos-alemanes-detienen-el-trabajo-precario\/\",\"url\":\"https:\/\/admin.industriall-union.org\/es\/sindicatos-alemanes-detienen-el-trabajo-precario\/\",\"name\":\"Sindicatos alemanes detienen el trabajo precario - industriall-union\",\"isPartOf\":{\"@id\":\"https:\/\/admin.industriall-union.org\/#website\"},\"datePublished\":\"2013-09-18T14:27:25+00:00\",\"dateModified\":\"2025-02-08T08:47:04+00:00\",\"description\":\"IG Metall, perteneciente a la central sindical alemana DGB, y afiliada a IndustriALL Global Union, est\u00e1 celebrando una importante victoria en cuanto a\",\"breadcrumb\":{\"@id\":\"https:\/\/admin.industriall-union.org\/es\/sindicatos-alemanes-detienen-el-trabajo-precario\/#breadcrumb\"},\"inLanguage\":\"es-ES\",\"potentialAction\":[{\"@type\":\"ReadAction\",\"target\":[\"https:\/\/admin.industriall-union.org\/es\/sindicatos-alemanes-detienen-el-trabajo-precario\/\"]}]},{\"@type\":\"BreadcrumbList\",\"@id\":\"https:\/\/admin.industriall-union.org\/es\/sindicatos-alemanes-detienen-el-trabajo-precario\/#breadcrumb\",\"itemListElement\":[{\"@type\":\"ListItem\",\"position\":1,\"name\":\"Home\",\"item\":\"https:\/\/admin.industriall-union.org\/\"},{\"@type\":\"ListItem\",\"position\":2,\"name\":\"Articles\",\"item\":\"https:\/\/admin.industriall-union.org\/article\/\"},{\"@type\":\"ListItem\",\"position\":3,\"name\":\"Sindicatos alemanes detienen el trabajo precario\"}]},{\"@type\":\"WebSite\",\"@id\":\"https:\/\/admin.industriall-union.org\/#website\",\"url\":\"https:\/\/admin.industriall-union.org\/\",\"name\":\"industriall-union\",\"description\":\"\",\"potentialAction\":[{\"@type\":\"SearchAction\",\"target\":{\"@type\":\"EntryPoint\",\"urlTemplate\":\"https:\/\/admin.industriall-union.org\/?s={search_term_string}\"},\"query-input\":{\"@type\":\"PropertyValueSpecification\",\"valueRequired\":true,\"valueName\":\"search_term_string\"}}],\"inLanguage\":\"es-ES\"}]}<\/script>\n<!-- \/ Yoast SEO Premium plugin. -->","yoast_head_json":{"title":"Sindicatos alemanes detienen el trabajo precario - industriall-union","description":"IG Metall, perteneciente a la central sindical alemana DGB, y afiliada a IndustriALL Global Union, est\u00e1 celebrando una importante victoria en cuanto a","robots":{"index":"index","follow":"follow","max-snippet":"max-snippet:-1","max-image-preview":"max-image-preview:large","max-video-preview":"max-video-preview:-1"},"canonical":"https:\/\/admin.industriall-union.org\/es\/sindicatos-alemanes-detienen-el-trabajo-precario\/","og_locale":"es_ES","og_type":"article","og_title":"Sindicatos alemanes detienen el trabajo precario","og_description":"IG Metall, perteneciente a la central sindical alemana DGB, y afiliada a IndustriALL Global Union, est\u00e1 celebrando una importante victoria en cuanto a","og_url":"https:\/\/admin.industriall-union.org\/es\/sindicatos-alemanes-detienen-el-trabajo-precario\/","og_site_name":"industriall-union","article_modified_time":"2025-02-08T08:47:04+00:00","twitter_card":"summary_large_image","twitter_misc":{"Est. reading time":"2 minutes"},"schema":{"@context":"https:\/\/schema.org","@graph":[{"@type":"WebPage","@id":"https:\/\/admin.industriall-union.org\/es\/sindicatos-alemanes-detienen-el-trabajo-precario\/","url":"https:\/\/admin.industriall-union.org\/es\/sindicatos-alemanes-detienen-el-trabajo-precario\/","name":"Sindicatos alemanes detienen el trabajo precario - industriall-union","isPartOf":{"@id":"https:\/\/admin.industriall-union.org\/#website"},"datePublished":"2013-09-18T14:27:25+00:00","dateModified":"2025-02-08T08:47:04+00:00","description":"IG Metall, perteneciente a la central sindical alemana DGB, y afiliada a IndustriALL Global Union, est\u00e1 celebrando una importante victoria en cuanto a","breadcrumb":{"@id":"https:\/\/admin.industriall-union.org\/es\/sindicatos-alemanes-detienen-el-trabajo-precario\/#breadcrumb"},"inLanguage":"es-ES","potentialAction":[{"@type":"ReadAction","target":["https:\/\/admin.industriall-union.org\/es\/sindicatos-alemanes-detienen-el-trabajo-precario\/"]}]},{"@type":"BreadcrumbList","@id":"https:\/\/admin.industriall-union.org\/es\/sindicatos-alemanes-detienen-el-trabajo-precario\/#breadcrumb","itemListElement":[{"@type":"ListItem","position":1,"name":"Home","item":"https:\/\/admin.industriall-union.org\/"},{"@type":"ListItem","position":2,"name":"Articles","item":"https:\/\/admin.industriall-union.org\/article\/"},{"@type":"ListItem","position":3,"name":"Sindicatos alemanes detienen el trabajo precario"}]},{"@type":"WebSite","@id":"https:\/\/admin.industriall-union.org\/#website","url":"https:\/\/admin.industriall-union.org\/","name":"industriall-union","description":"","potentialAction":[{"@type":"SearchAction","target":{"@type":"EntryPoint","urlTemplate":"https:\/\/admin.industriall-union.org\/?s={search_term_string}"},"query-input":{"@type":"PropertyValueSpecification","valueRequired":true,"valueName":"search_term_string"}}],"inLanguage":"es-ES"}]}},"_links":{"self":[{"href":"https:\/\/admin.industriall-union.org\/es\/wp-json\/wp\/v2\/article\/173242","targetHints":{"allow":["GET"]}}],"collection":[{"href":"https:\/\/admin.industriall-union.org\/es\/wp-json\/wp\/v2\/article"}],"about":[{"href":"https:\/\/admin.industriall-union.org\/es\/wp-json\/wp\/v2\/types\/article"}],"wp:attachment":[{"href":"https:\/\/admin.industriall-union.org\/es\/wp-json\/wp\/v2\/media?parent=173242"}],"wp:term":[{"taxonomy":"issues","embeddable":true,"href":"https:\/\/admin.industriall-union.org\/es\/wp-json\/wp\/v2\/issues?post=173242"},{"taxonomy":"companies","embeddable":true,"href":"https:\/\/admin.industriall-union.org\/es\/wp-json\/wp\/v2\/companies?post=173242"},{"taxonomy":"regions","embeddable":true,"href":"https:\/\/admin.industriall-union.org\/es\/wp-json\/wp\/v2\/regions?post=173242"},{"taxonomy":"sectors","embeddable":true,"href":"https:\/\/admin.industriall-union.org\/es\/wp-json\/wp\/v2\/sectors?post=173242"},{"taxonomy":"article_tags","embeddable":true,"href":"https:\/\/admin.industriall-union.org\/es\/wp-json\/wp\/v2\/article_tags?post=173242"}],"curies":[{"name":"wp","href":"https:\/\/api.w.org\/{rel}","templated":true}]}}