{"id":173229,"date":"2013-09-24T09:31:01","date_gmt":"2013-09-24T09:31:01","guid":{"rendered":"https:\/\/admin.industriall-union.org\/se-inicia-dialogo-sobre-derechos-sindicales-en-mexico\/"},"modified":"2025-02-08T08:42:05","modified_gmt":"2025-02-08T08:42:05","slug":"se-inicia-dialogo-sobre-derechos-sindicales-en-mexico","status":"publish","type":"article","link":"https:\/\/admin.industriall-union.org\/es\/se-inicia-dialogo-sobre-derechos-sindicales-en-mexico\/","title":{"rendered":"Se inicia di\u00e1logo sobre derechos sindicales en M\u00e9xico"},"content":{"rendered":"<p>La IndustriALL Global Union y sus organizaciones fundadoras, desde hace varios a\u00f1os, han centrado su atenci\u00f3n en la situaci\u00f3n de los derechos sindicales en M\u00e9xico. Constituye un problema fundamental el hecho de que un 90 por ciento de los convenios colectivos sean los llamados contratos de protecci\u00f3n, que protegen a las empresas contra los sindicatos de verdad.<\/p><p>En forma habitual, los dirigentes de sindicatos amarillos firman acuerdos muy modestos con la empresa, a espaldas de los trabajadores, a quienes no informan sobre los acuerdos que firman, o \u00e9stos ni siquiera saben que tienen un sindicato. Por supuesto, los l\u00edderes del &ldquo;sindicato&rdquo; perciben una buena remuneraci\u00f3n por su trabajo de consultor\u00eda.<\/p><p>Los contratos de protecci\u00f3n mantienen bajos los salarios. Seg\u00fan un estudio reciente realizado por el Bank of America, hace diez a\u00f1os los trabajadores industriales mexicanos ganaban tres veces m\u00e1s que sus compa\u00f1eros chinos. Ahora los salarios en la China superan en un 20 por ciento los salarios de M\u00e9xico.<\/p><p>Los sindicatos independientes como Los Mineros, (sindicato de los trabajadores mineros y metal\u00fargicos), se han constituido en una molestia para las grandes empresas. Los sindicatos independientes han insistido tenazmente en lograr por medio de la negociaci\u00f3n aumentos salariales tres veces mayores que los que han conseguido los sindicatos amarillos, a veces despu\u00e9s de haber declarado una huelga.<\/p><p>En 2006, el l\u00edder de Los Mineros, Napole\u00f3n G\u00f3mez, dirigente de Los Mineros, tuvo que salir de M\u00e9xico para el exilio en Canad\u00e1, tras recibir amenazas de muerte. El gobierno y las grandes empresas han hecho acusaci\u00f3n tras acusaci\u00f3n en su contra. Todas las acusaciones han sido rechazadas por los tribunales. No todo est\u00e1 podrido en M\u00e9xico.<\/p><p>Cuando se eligi\u00f3, recientemente, un nuevo gobierno en M\u00e9xico, IndustriALL, junto con la CSI, decidi\u00f3 indagar si hab\u00eda posibilidad de una nueva apertura.<\/p><p>Sharan Burrow y yo encabezamos, el 23 de agosto, una delegaci\u00f3n conjunta de la CSI e IndustriALL; en esta delegaci\u00f3n se inclu\u00eda al USW. Nos&nbsp;<a href=\"http:\/\/www.industriall-union.org\/es\/la-csi-y-la-industriall-se-reunen-con-el-presidente-mexicano\">reunimos con Enrique Pe\u00f1a Nieto, Presidente de M\u00e9xico<\/a> y con Alfonso Navarrete Prida, Secretario del Trabajo, en el Palacio Presidencial de Los Pinos, en la ciudad de M\u00e9xico. Con aquella visita se inici\u00f3 un di\u00e1logo que no hab\u00eda sido posible con el gobierno anterior.<\/p><p>El Presidente y el Secretario del Trabajo afirmaron que el nuevo gobierno no ten\u00eda intenci\u00f3n de perseguir a los sindicatos independientes. Manifestaron su compromiso de buscar la resoluci\u00f3n de los conflictos existentes. En particular, reconocieron a Napole\u00f3n G\u00f3mez como dirigente leg\u00edtimo de Los Mineros.<\/p><p>Dije que acog\u00eda con agrado ese reconocimiento, pero manifest\u00e9 que se ten\u00eda que terminar con la persecuci\u00f3n judicial contra Napole\u00f3n G\u00f3mez. Tambi\u00e9n conversamos sobre las <a href=\"http:\/\/www.industriall-union.org\/es\/electricistas-de-mexico-llegan-acuerdo-con-el-gobierno-por-jubilacion\">negociaciones en curso con el sindicato de trabajadores electricistas SME<\/a> para buscar una soluci\u00f3n al conflicto de los 16.000 trabajadores restantes.<\/p><p>El gobierno se comprometi\u00f3 a llevar un di\u00e1logo sobre los contratos de protecci\u00f3n, reconociendo que, aunque existen, no tienen el car\u00e1cter de un instrumento leg\u00edtimo dentro de la ley. El Ministro del Trabajo se comprometi\u00f3 a tomar medidas para ratificar el Convenio 98 de la OIT, a consultar con el Director General de la OIT en relaci\u00f3n con la revisi\u00f3n t\u00e9cnica de la reforma de la legislaci\u00f3n laboral del a\u00f1o pasado, y estudiar la posibilidad de establecer un di\u00e1logo con los sindicatos, en consonancia con las recomendaciones de la OIT respecto a la queja n\u00famero 2694.<\/p><p>En suma, ahora tenemos una apertura que vamos a aprovechar con los sindicatos mexicanos y el gobierno. Continuar\u00e1 <a href=\"http:\/\/www.industriall-union.org\/es\/temas\/solidaridad\/campana-mexico\">la campa\u00f1a de IndustriALL en M\u00e9xico<\/a> para que Napole\u00f3n G\u00f3mez pueda retornar a M\u00e9xico sin peligro, y procurar que todos los trabajadores y trabajadoras mexicanos tengan el derecho de afiliarse libremente a un sindicato, y a disfrutar de la protecci\u00f3n de un convenio colectivo aut\u00e9ntico.<\/p>","protected":false},"featured_media":0,"template":"","issues":[],"companies":[],"regions":[275],"sectors":[],"article_tags":[510],"class_list":["post-173229","article","type-article","status-publish","hentry","regions-mexico","article_tags-gs-corner"],"acf":[],"yoast_head":"<!-- This site is optimized with the Yoast SEO Premium plugin v27.1 (Yoast SEO v27.1) - https:\/\/yoast.com\/product\/yoast-seo-premium-wordpress\/ -->\n<title>Se inicia di\u00e1logo sobre derechos sindicales en M\u00e9xico - industriall-union<\/title>\n<meta name=\"description\" content=\"La IndustriALL Global Union y sus organizaciones fundadoras, desde hace varios a\u00f1os, han centrado su atenci\u00f3n en la situaci\u00f3n de los derechos sindicales\" \/>\n<meta name=\"robots\" content=\"index, follow, max-snippet:-1, max-image-preview:large, max-video-preview:-1\" \/>\n<link rel=\"canonical\" href=\"https:\/\/admin.industriall-union.org\/es\/se-inicia-dialogo-sobre-derechos-sindicales-en-mexico\/\" \/>\n<meta property=\"og:locale\" content=\"es_ES\" \/>\n<meta property=\"og:type\" content=\"article\" \/>\n<meta property=\"og:title\" content=\"Se inicia di\u00e1logo sobre derechos sindicales en M\u00e9xico\" \/>\n<meta property=\"og:description\" content=\"La IndustriALL Global Union y sus organizaciones fundadoras, desde hace varios a\u00f1os, han centrado su atenci\u00f3n en la situaci\u00f3n de los derechos sindicales\" \/>\n<meta property=\"og:url\" content=\"https:\/\/admin.industriall-union.org\/es\/se-inicia-dialogo-sobre-derechos-sindicales-en-mexico\/\" \/>\n<meta property=\"og:site_name\" content=\"industriall-union\" \/>\n<meta property=\"article:modified_time\" content=\"2025-02-08T08:42:05+00:00\" \/>\n<meta name=\"twitter:card\" content=\"summary_large_image\" \/>\n<meta name=\"twitter:label1\" content=\"Est. reading time\" \/>\n\t<meta name=\"twitter:data1\" content=\"3 minutes\" \/>\n<script type=\"application\/ld+json\" class=\"yoast-schema-graph\">{\"@context\":\"https:\/\/schema.org\",\"@graph\":[{\"@type\":\"WebPage\",\"@id\":\"https:\/\/admin.industriall-union.org\/es\/se-inicia-dialogo-sobre-derechos-sindicales-en-mexico\/\",\"url\":\"https:\/\/admin.industriall-union.org\/es\/se-inicia-dialogo-sobre-derechos-sindicales-en-mexico\/\",\"name\":\"Se inicia di\u00e1logo sobre derechos sindicales en M\u00e9xico - industriall-union\",\"isPartOf\":{\"@id\":\"https:\/\/admin.industriall-union.org\/#website\"},\"datePublished\":\"2013-09-24T09:31:01+00:00\",\"dateModified\":\"2025-02-08T08:42:05+00:00\",\"description\":\"La IndustriALL Global Union y sus organizaciones fundadoras, desde hace varios a\u00f1os, han centrado su atenci\u00f3n en la situaci\u00f3n de los derechos sindicales\",\"breadcrumb\":{\"@id\":\"https:\/\/admin.industriall-union.org\/es\/se-inicia-dialogo-sobre-derechos-sindicales-en-mexico\/#breadcrumb\"},\"inLanguage\":\"es-ES\",\"potentialAction\":[{\"@type\":\"ReadAction\",\"target\":[\"https:\/\/admin.industriall-union.org\/es\/se-inicia-dialogo-sobre-derechos-sindicales-en-mexico\/\"]}]},{\"@type\":\"BreadcrumbList\",\"@id\":\"https:\/\/admin.industriall-union.org\/es\/se-inicia-dialogo-sobre-derechos-sindicales-en-mexico\/#breadcrumb\",\"itemListElement\":[{\"@type\":\"ListItem\",\"position\":1,\"name\":\"Home\",\"item\":\"https:\/\/admin.industriall-union.org\/\"},{\"@type\":\"ListItem\",\"position\":2,\"name\":\"Articles\",\"item\":\"https:\/\/admin.industriall-union.org\/article\/\"},{\"@type\":\"ListItem\",\"position\":3,\"name\":\"Se inicia di\u00e1logo sobre derechos sindicales en M\u00e9xico\"}]},{\"@type\":\"WebSite\",\"@id\":\"https:\/\/admin.industriall-union.org\/#website\",\"url\":\"https:\/\/admin.industriall-union.org\/\",\"name\":\"industriall-union\",\"description\":\"\",\"potentialAction\":[{\"@type\":\"SearchAction\",\"target\":{\"@type\":\"EntryPoint\",\"urlTemplate\":\"https:\/\/admin.industriall-union.org\/?s={search_term_string}\"},\"query-input\":{\"@type\":\"PropertyValueSpecification\",\"valueRequired\":true,\"valueName\":\"search_term_string\"}}],\"inLanguage\":\"es-ES\"}]}<\/script>\n<!-- \/ Yoast SEO Premium plugin. -->","yoast_head_json":{"title":"Se inicia di\u00e1logo sobre derechos sindicales en M\u00e9xico - industriall-union","description":"La IndustriALL Global Union y sus organizaciones fundadoras, desde hace varios a\u00f1os, han centrado su atenci\u00f3n en la situaci\u00f3n de los derechos sindicales","robots":{"index":"index","follow":"follow","max-snippet":"max-snippet:-1","max-image-preview":"max-image-preview:large","max-video-preview":"max-video-preview:-1"},"canonical":"https:\/\/admin.industriall-union.org\/es\/se-inicia-dialogo-sobre-derechos-sindicales-en-mexico\/","og_locale":"es_ES","og_type":"article","og_title":"Se inicia di\u00e1logo sobre derechos sindicales en M\u00e9xico","og_description":"La IndustriALL Global Union y sus organizaciones fundadoras, desde hace varios a\u00f1os, han centrado su atenci\u00f3n en la situaci\u00f3n de los derechos sindicales","og_url":"https:\/\/admin.industriall-union.org\/es\/se-inicia-dialogo-sobre-derechos-sindicales-en-mexico\/","og_site_name":"industriall-union","article_modified_time":"2025-02-08T08:42:05+00:00","twitter_card":"summary_large_image","twitter_misc":{"Est. reading time":"3 minutes"},"schema":{"@context":"https:\/\/schema.org","@graph":[{"@type":"WebPage","@id":"https:\/\/admin.industriall-union.org\/es\/se-inicia-dialogo-sobre-derechos-sindicales-en-mexico\/","url":"https:\/\/admin.industriall-union.org\/es\/se-inicia-dialogo-sobre-derechos-sindicales-en-mexico\/","name":"Se inicia di\u00e1logo sobre derechos sindicales en M\u00e9xico - industriall-union","isPartOf":{"@id":"https:\/\/admin.industriall-union.org\/#website"},"datePublished":"2013-09-24T09:31:01+00:00","dateModified":"2025-02-08T08:42:05+00:00","description":"La IndustriALL Global Union y sus organizaciones fundadoras, desde hace varios a\u00f1os, han centrado su atenci\u00f3n en la situaci\u00f3n de los derechos sindicales","breadcrumb":{"@id":"https:\/\/admin.industriall-union.org\/es\/se-inicia-dialogo-sobre-derechos-sindicales-en-mexico\/#breadcrumb"},"inLanguage":"es-ES","potentialAction":[{"@type":"ReadAction","target":["https:\/\/admin.industriall-union.org\/es\/se-inicia-dialogo-sobre-derechos-sindicales-en-mexico\/"]}]},{"@type":"BreadcrumbList","@id":"https:\/\/admin.industriall-union.org\/es\/se-inicia-dialogo-sobre-derechos-sindicales-en-mexico\/#breadcrumb","itemListElement":[{"@type":"ListItem","position":1,"name":"Home","item":"https:\/\/admin.industriall-union.org\/"},{"@type":"ListItem","position":2,"name":"Articles","item":"https:\/\/admin.industriall-union.org\/article\/"},{"@type":"ListItem","position":3,"name":"Se inicia di\u00e1logo sobre derechos sindicales en M\u00e9xico"}]},{"@type":"WebSite","@id":"https:\/\/admin.industriall-union.org\/#website","url":"https:\/\/admin.industriall-union.org\/","name":"industriall-union","description":"","potentialAction":[{"@type":"SearchAction","target":{"@type":"EntryPoint","urlTemplate":"https:\/\/admin.industriall-union.org\/?s={search_term_string}"},"query-input":{"@type":"PropertyValueSpecification","valueRequired":true,"valueName":"search_term_string"}}],"inLanguage":"es-ES"}]}},"_links":{"self":[{"href":"https:\/\/admin.industriall-union.org\/es\/wp-json\/wp\/v2\/article\/173229","targetHints":{"allow":["GET"]}}],"collection":[{"href":"https:\/\/admin.industriall-union.org\/es\/wp-json\/wp\/v2\/article"}],"about":[{"href":"https:\/\/admin.industriall-union.org\/es\/wp-json\/wp\/v2\/types\/article"}],"wp:attachment":[{"href":"https:\/\/admin.industriall-union.org\/es\/wp-json\/wp\/v2\/media?parent=173229"}],"wp:term":[{"taxonomy":"issues","embeddable":true,"href":"https:\/\/admin.industriall-union.org\/es\/wp-json\/wp\/v2\/issues?post=173229"},{"taxonomy":"companies","embeddable":true,"href":"https:\/\/admin.industriall-union.org\/es\/wp-json\/wp\/v2\/companies?post=173229"},{"taxonomy":"regions","embeddable":true,"href":"https:\/\/admin.industriall-union.org\/es\/wp-json\/wp\/v2\/regions?post=173229"},{"taxonomy":"sectors","embeddable":true,"href":"https:\/\/admin.industriall-union.org\/es\/wp-json\/wp\/v2\/sectors?post=173229"},{"taxonomy":"article_tags","embeddable":true,"href":"https:\/\/admin.industriall-union.org\/es\/wp-json\/wp\/v2\/article_tags?post=173229"}],"curies":[{"name":"wp","href":"https:\/\/api.w.org\/{rel}","templated":true}]}}