{"id":173155,"date":"2013-10-09T10:33:25","date_gmt":"2013-10-09T10:33:25","guid":{"rendered":"https:\/\/admin.industriall-union.org\/holcim-debe-asumir-su-responsabilidad-por-el-bienestar-de-los-trabajadores\/"},"modified":"2025-02-08T08:18:09","modified_gmt":"2025-02-08T08:18:09","slug":"holcim-debe-asumir-su-responsabilidad-por-el-bienestar-de-los-trabajadores","status":"publish","type":"article","link":"https:\/\/admin.industriall-union.org\/es\/holcim-debe-asumir-su-responsabilidad-por-el-bienestar-de-los-trabajadores\/","title":{"rendered":"Holcim debe asumir su responsabilidad por el bienestar de los trabajadores"},"content":{"rendered":"<p>Los d\u00edas 1<sup>o<\/sup> y 2 de octubre de 2013, a invitaci\u00f3n del sindicato belga ACV-CSC BIE, los representantes de los comit\u00e9s de empresa de Holcim y sindicalistas de Am\u00e9rica del Norte, Am\u00e9rica Latina, Asia, \u00c1frica del Norte y Medio Oriente, y Europa se reunieron en Ostende, B\u00e9lgica, para analizar la situaci\u00f3n de los trabajadores en la empresa multinacional suiza Holcim. Aunque la situaci\u00f3n es muy diferente en cada pa\u00eds, las reestructuraciones en curso en este grupo provocan problemas graves.<\/p><p>Varios delegados se\u00f1alaron que su experiencia indicaba que Holcim sigue cada vez m\u00e1s empe\u00f1ada en poner en pr\u00e1ctica una pol\u00edtica que obedece simplemente a incentivos financieros, en lugar de una l\u00f3gica industrial. Para la empresa, el valor que se ofrece a los accionistas es lo principal: los trabajadores y sus condiciones de vida y de trabajo son menos importantes para la compa\u00f1\u00eda. Eso puede satisfacer a los accionistas y a los bancos, pero los trabajadores no tienen motivo para estar conformes con el llamado &quot;viaje de liderazgo&quot;, que fue anunciado por el Director General Bernard Fontana, el cual se cree generar\u00e1 un aumento de las ganancias de CHF 1,5 billones de aqu\u00ed a finales de 2014. En cambio, los trabajadores enfrentan medidas severas, despidos masivos, reestructuraciones repetidas, falta de equidad de informaci\u00f3n y consulta, y una presi\u00f3n cada vez mayor sobre las condiciones de vida y de trabajo.<\/p><p>&ldquo;Esta empresa Holcim no es igual a la que se conoc\u00eda hace muchos a\u00f1os cuando comenc\u00e9 a trabajar para ella&rdquo;, se\u00f1al\u00f3 uno de los delegados.<\/p><p>La empresa ha violado repetidamente las normas internacionales, as\u00ed como sus propios valores, tales como los ha publicado en sus declaraciones para la Global Reporting Initiative (GRI) y en la p\u00e1gina web de la compa\u00f1\u00eda. Los trabajadores tienen la sensaci\u00f3n de que &#8211; contrariamente a las declaraciones de Holcim &#8211; la salud de los empleados en realidad no le importa a esa empresa. Adem\u00e1s, en varios pa\u00edses, Holcim tiende a recurrir a medidas de externalizaci\u00f3n y subcontrataci\u00f3n. Aunque la compa\u00f1\u00eda ha dicho una y otra vez que busca un trato justo no s\u00f3lo para sus trabajadores de planta, sino tambi\u00e9n para los trabajadores subcontratados, la realidad no es as\u00ed. Esto tiene que cambiar. La Red Sindical de Trabajadores de Holcim enviar\u00e1 un mensaje inequ\u00edvoco a la administraci\u00f3n de la empresa, exigiendo que se respeten los derechos de los trabajadores, y que la empresa asuma responsabilidad por quienes generan los beneficios &ndash; los trabajadores &ndash; que llevan satisfacci\u00f3n a los accionistas y a los banqueros.<\/p><p>Al final de la reuni\u00f3n se acord\u00f3 continuar con esta red; seguidamente se nombr\u00f3 a los diferentes encargados para los pr\u00f3ximos dos a\u00f1os.<\/p>","protected":false},"featured_media":0,"template":"","issues":[425],"companies":[68],"regions":[155,208,202,254,288,308],"sectors":[485],"article_tags":[],"class_list":["post-173155","article","type-article","status-publish","hentry","issues-workers-rights","companies-holcim","regions-asia-pacific","regions-belgium","regions-europe","regions-latin-america-and-the-caribbean","regions-middle-east-and-north-africa","regions-north-america","sectors-cement"],"acf":[],"yoast_head":"<!-- This site is optimized with the Yoast SEO Premium plugin v27.1 (Yoast SEO v27.1) - https:\/\/yoast.com\/product\/yoast-seo-premium-wordpress\/ -->\n<title>Holcim debe asumir su responsabilidad por el bienestar de los trabajadores - industriall-union<\/title>\n<meta name=\"description\" content=\"Los d\u00edas 1o y 2 de octubre de 2013, a invitaci\u00f3n del sindicato belga ACV-CSC BIE, los representantes de los comit\u00e9s de empresa de Holcim y sindicalistas\" \/>\n<meta name=\"robots\" content=\"index, follow, max-snippet:-1, max-image-preview:large, max-video-preview:-1\" \/>\n<link rel=\"canonical\" href=\"https:\/\/admin.industriall-union.org\/es\/holcim-debe-asumir-su-responsabilidad-por-el-bienestar-de-los-trabajadores\/\" \/>\n<meta property=\"og:locale\" content=\"es_ES\" \/>\n<meta property=\"og:type\" content=\"article\" \/>\n<meta property=\"og:title\" content=\"Holcim debe asumir su responsabilidad por el bienestar de los trabajadores\" \/>\n<meta property=\"og:description\" content=\"Los d\u00edas 1o y 2 de octubre de 2013, a invitaci\u00f3n del sindicato belga ACV-CSC BIE, los representantes de los comit\u00e9s de empresa de Holcim y sindicalistas\" \/>\n<meta property=\"og:url\" content=\"https:\/\/admin.industriall-union.org\/es\/holcim-debe-asumir-su-responsabilidad-por-el-bienestar-de-los-trabajadores\/\" \/>\n<meta property=\"og:site_name\" content=\"industriall-union\" \/>\n<meta property=\"article:modified_time\" content=\"2025-02-08T08:18:09+00:00\" \/>\n<meta name=\"twitter:card\" content=\"summary_large_image\" \/>\n<meta name=\"twitter:label1\" content=\"Est. reading time\" \/>\n\t<meta name=\"twitter:data1\" content=\"2 minutes\" \/>\n<script type=\"application\/ld+json\" class=\"yoast-schema-graph\">{\"@context\":\"https:\/\/schema.org\",\"@graph\":[{\"@type\":\"WebPage\",\"@id\":\"https:\/\/admin.industriall-union.org\/es\/holcim-debe-asumir-su-responsabilidad-por-el-bienestar-de-los-trabajadores\/\",\"url\":\"https:\/\/admin.industriall-union.org\/es\/holcim-debe-asumir-su-responsabilidad-por-el-bienestar-de-los-trabajadores\/\",\"name\":\"Holcim debe asumir su responsabilidad por el bienestar de los trabajadores - industriall-union\",\"isPartOf\":{\"@id\":\"https:\/\/admin.industriall-union.org\/#website\"},\"datePublished\":\"2013-10-09T10:33:25+00:00\",\"dateModified\":\"2025-02-08T08:18:09+00:00\",\"description\":\"Los d\u00edas 1o y 2 de octubre de 2013, a invitaci\u00f3n del sindicato belga ACV-CSC BIE, los representantes de los comit\u00e9s de empresa de Holcim y sindicalistas\",\"breadcrumb\":{\"@id\":\"https:\/\/admin.industriall-union.org\/es\/holcim-debe-asumir-su-responsabilidad-por-el-bienestar-de-los-trabajadores\/#breadcrumb\"},\"inLanguage\":\"es-ES\",\"potentialAction\":[{\"@type\":\"ReadAction\",\"target\":[\"https:\/\/admin.industriall-union.org\/es\/holcim-debe-asumir-su-responsabilidad-por-el-bienestar-de-los-trabajadores\/\"]}]},{\"@type\":\"BreadcrumbList\",\"@id\":\"https:\/\/admin.industriall-union.org\/es\/holcim-debe-asumir-su-responsabilidad-por-el-bienestar-de-los-trabajadores\/#breadcrumb\",\"itemListElement\":[{\"@type\":\"ListItem\",\"position\":1,\"name\":\"Home\",\"item\":\"https:\/\/admin.industriall-union.org\/\"},{\"@type\":\"ListItem\",\"position\":2,\"name\":\"Articles\",\"item\":\"https:\/\/admin.industriall-union.org\/article\/\"},{\"@type\":\"ListItem\",\"position\":3,\"name\":\"Holcim debe asumir su responsabilidad por el bienestar de los trabajadores\"}]},{\"@type\":\"WebSite\",\"@id\":\"https:\/\/admin.industriall-union.org\/#website\",\"url\":\"https:\/\/admin.industriall-union.org\/\",\"name\":\"industriall-union\",\"description\":\"\",\"potentialAction\":[{\"@type\":\"SearchAction\",\"target\":{\"@type\":\"EntryPoint\",\"urlTemplate\":\"https:\/\/admin.industriall-union.org\/?s={search_term_string}\"},\"query-input\":{\"@type\":\"PropertyValueSpecification\",\"valueRequired\":true,\"valueName\":\"search_term_string\"}}],\"inLanguage\":\"es-ES\"}]}<\/script>\n<!-- \/ Yoast SEO Premium plugin. -->","yoast_head_json":{"title":"Holcim debe asumir su responsabilidad por el bienestar de los trabajadores - industriall-union","description":"Los d\u00edas 1o y 2 de octubre de 2013, a invitaci\u00f3n del sindicato belga ACV-CSC BIE, los representantes de los comit\u00e9s de empresa de Holcim y sindicalistas","robots":{"index":"index","follow":"follow","max-snippet":"max-snippet:-1","max-image-preview":"max-image-preview:large","max-video-preview":"max-video-preview:-1"},"canonical":"https:\/\/admin.industriall-union.org\/es\/holcim-debe-asumir-su-responsabilidad-por-el-bienestar-de-los-trabajadores\/","og_locale":"es_ES","og_type":"article","og_title":"Holcim debe asumir su responsabilidad por el bienestar de los trabajadores","og_description":"Los d\u00edas 1o y 2 de octubre de 2013, a invitaci\u00f3n del sindicato belga ACV-CSC BIE, los representantes de los comit\u00e9s de empresa de Holcim y sindicalistas","og_url":"https:\/\/admin.industriall-union.org\/es\/holcim-debe-asumir-su-responsabilidad-por-el-bienestar-de-los-trabajadores\/","og_site_name":"industriall-union","article_modified_time":"2025-02-08T08:18:09+00:00","twitter_card":"summary_large_image","twitter_misc":{"Est. reading time":"2 minutes"},"schema":{"@context":"https:\/\/schema.org","@graph":[{"@type":"WebPage","@id":"https:\/\/admin.industriall-union.org\/es\/holcim-debe-asumir-su-responsabilidad-por-el-bienestar-de-los-trabajadores\/","url":"https:\/\/admin.industriall-union.org\/es\/holcim-debe-asumir-su-responsabilidad-por-el-bienestar-de-los-trabajadores\/","name":"Holcim debe asumir su responsabilidad por el bienestar de los trabajadores - industriall-union","isPartOf":{"@id":"https:\/\/admin.industriall-union.org\/#website"},"datePublished":"2013-10-09T10:33:25+00:00","dateModified":"2025-02-08T08:18:09+00:00","description":"Los d\u00edas 1o y 2 de octubre de 2013, a invitaci\u00f3n del sindicato belga ACV-CSC BIE, los representantes de los comit\u00e9s de empresa de Holcim y sindicalistas","breadcrumb":{"@id":"https:\/\/admin.industriall-union.org\/es\/holcim-debe-asumir-su-responsabilidad-por-el-bienestar-de-los-trabajadores\/#breadcrumb"},"inLanguage":"es-ES","potentialAction":[{"@type":"ReadAction","target":["https:\/\/admin.industriall-union.org\/es\/holcim-debe-asumir-su-responsabilidad-por-el-bienestar-de-los-trabajadores\/"]}]},{"@type":"BreadcrumbList","@id":"https:\/\/admin.industriall-union.org\/es\/holcim-debe-asumir-su-responsabilidad-por-el-bienestar-de-los-trabajadores\/#breadcrumb","itemListElement":[{"@type":"ListItem","position":1,"name":"Home","item":"https:\/\/admin.industriall-union.org\/"},{"@type":"ListItem","position":2,"name":"Articles","item":"https:\/\/admin.industriall-union.org\/article\/"},{"@type":"ListItem","position":3,"name":"Holcim debe asumir su responsabilidad por el bienestar de los trabajadores"}]},{"@type":"WebSite","@id":"https:\/\/admin.industriall-union.org\/#website","url":"https:\/\/admin.industriall-union.org\/","name":"industriall-union","description":"","potentialAction":[{"@type":"SearchAction","target":{"@type":"EntryPoint","urlTemplate":"https:\/\/admin.industriall-union.org\/?s={search_term_string}"},"query-input":{"@type":"PropertyValueSpecification","valueRequired":true,"valueName":"search_term_string"}}],"inLanguage":"es-ES"}]}},"_links":{"self":[{"href":"https:\/\/admin.industriall-union.org\/es\/wp-json\/wp\/v2\/article\/173155","targetHints":{"allow":["GET"]}}],"collection":[{"href":"https:\/\/admin.industriall-union.org\/es\/wp-json\/wp\/v2\/article"}],"about":[{"href":"https:\/\/admin.industriall-union.org\/es\/wp-json\/wp\/v2\/types\/article"}],"wp:attachment":[{"href":"https:\/\/admin.industriall-union.org\/es\/wp-json\/wp\/v2\/media?parent=173155"}],"wp:term":[{"taxonomy":"issues","embeddable":true,"href":"https:\/\/admin.industriall-union.org\/es\/wp-json\/wp\/v2\/issues?post=173155"},{"taxonomy":"companies","embeddable":true,"href":"https:\/\/admin.industriall-union.org\/es\/wp-json\/wp\/v2\/companies?post=173155"},{"taxonomy":"regions","embeddable":true,"href":"https:\/\/admin.industriall-union.org\/es\/wp-json\/wp\/v2\/regions?post=173155"},{"taxonomy":"sectors","embeddable":true,"href":"https:\/\/admin.industriall-union.org\/es\/wp-json\/wp\/v2\/sectors?post=173155"},{"taxonomy":"article_tags","embeddable":true,"href":"https:\/\/admin.industriall-union.org\/es\/wp-json\/wp\/v2\/article_tags?post=173155"}],"curies":[{"name":"wp","href":"https:\/\/api.w.org\/{rel}","templated":true}]}}