{"id":173140,"date":"2013-10-10T12:28:46","date_gmt":"2013-10-10T12:28:46","guid":{"rendered":"https:\/\/admin.industriall-union.org\/movilizacion-de-los-sindicatos-en-todo-el-mundo-contra-el-trabajo-precario\/"},"modified":"2025-02-08T08:09:49","modified_gmt":"2025-02-08T08:09:49","slug":"movilizacion-de-los-sindicatos-en-todo-el-mundo-contra-el-trabajo-precario","status":"publish","type":"article","link":"https:\/\/admin.industriall-union.org\/es\/movilizacion-de-los-sindicatos-en-todo-el-mundo-contra-el-trabajo-precario\/","title":{"rendered":"Movilizaci\u00f3n de los sindicatos en todo el mundo contra el trabajo precario"},"content":{"rendered":"<p>Sindicatos de todo el mundo se han unido a la campa\u00f1a mundial de la IndustriALL STOP al Trabajo Precario. Ante la recepci\u00f3n de tantos informes, fotograf\u00edas y v\u00eddeos de las acciones, la IndustriALL ha creado una<a href=\"http:\/\/www.industriall-union.org\/es\/temas\/justicia-social-y-la-globalizacion\/stop-al-trabajo-precario\"> p\u00e1gina de campa\u00f1a<\/a> dedicada a informar sobre las acciones en todo el mundo.<\/p><p>Desde Chile hasta Croacia y desde Finlandia hasta Madagascar, han resonado con claridad las voces de los trabajadores. Los trabajadores han salido a las calles en Per\u00fa, Colombia, Tailandia, Brasil, India, Filipinas, Sri Lanka, Nigeria y muchos otros pa\u00edses.<\/p><p>En Per\u00fa, docenas de trabajadores del textil y el vestido, miembros del afiliado a la IndustriALL Global Union la Federaci\u00f3n Nacional de Trabajadores Textiles del Per\u00fa (FNTTP) marcharon por el centro de Lima el 4 de octubre.<\/p><p>En Tailandia, m\u00e1s de 3.000 trabajadores de la Confederaci\u00f3n del Trabajo Industrial de Tailandia (CILT), la Confederaci\u00f3n de Sindicatos de Empresas Estatales (SERC), el Comit\u00e9 de Solidaridad Laboral Tailand\u00e9s y la red de trabajadores migrantes y la red del sector no estructurado marcharon hasta la sede del Gobierno solicitando la ratificaci\u00f3n de los Convenios n\u00fams. 87 y 98 de la OIT y la reforma de la legislaci\u00f3n laboral para que se ajuste a las normas internacionales del trabajo.<\/p><p>En Madagascar, en las operaciones de Rio Tinto en Fort-Dauphin, trabajadores y miembros de la F\u00e9d\u00e9ration des Syndicats des Travailleurs de l&rsquo;Energie et des Mines (FISEMA), en plena lucha por la soluci\u00f3n de los despidos masivos en la planta, distribuyeron octavillas el 7 de octubre para conmemorar el D\u00eda Mundial del Trabajo Decente.<\/p><p>En otras partes, los sindicatos crearon conciencia sobre los problemas de sus miembros, debatieron respuestas sindicales al trabajo precario y enviaron cartas a sus gobiernos pidi\u00e9ndoles que act\u00faen.<\/p><p>En Camboya, los afiliados a la IndustriALL Global Union en la Regi\u00f3n de Asia Sudoriental se reunieron para elaborar sus estrategias en 2014 sobre la Lucha contra el trabajo precario.<\/p><p>Los sindicatos que hayan realizado acciones en torno al 7 de octubre y que no aparezcan en la <a href=\"http:\/\/www.industriall-union.org\/es\/temas\/justicia-social-y-la-globalizacion\/stop-al-trabajo-precario\">p\u00e1gina de la campa\u00f1a STOP al Trabajo Precario<\/a> de la IndustriALL deben enviar su material a: <a href=\"mailto:press@industriALL-union.org?subject=STOPPW%20Campaign%3A%20Reporting%20on%20my%20union%27s%20actions\">press@industriALL-union.org<\/a>. Tambi\u00e9n pueden utilizar en Tweeter el hashtag #STOPprecariousWork o compartir sus acciones con nosotros en facebook.<\/p>","protected":false},"featured_media":0,"template":"","issues":[415],"companies":[],"regions":[155,202,254,288,308,311],"sectors":[],"article_tags":[],"class_list":["post-173140","article","type-article","status-publish","hentry","issues-stop-precarious-work","regions-asia-pacific","regions-europe","regions-latin-america-and-the-caribbean","regions-middle-east-and-north-africa","regions-north-america","regions-sub-saharan-africa"],"acf":[],"yoast_head":"<!-- This site is optimized with the Yoast SEO Premium plugin v27.1 (Yoast SEO v27.1) - https:\/\/yoast.com\/product\/yoast-seo-premium-wordpress\/ -->\n<title>Movilizaci\u00f3n de los sindicatos en todo el mundo contra el trabajo precario - industriall-union<\/title>\n<meta name=\"description\" content=\"Sindicatos de todo el mundo se han unido a la campa\u00f1a mundial de la IndustriALL STOP al Trabajo Precario. Ante la recepci\u00f3n de tantos informes,\" \/>\n<meta name=\"robots\" content=\"index, follow, max-snippet:-1, max-image-preview:large, max-video-preview:-1\" \/>\n<link rel=\"canonical\" href=\"https:\/\/admin.industriall-union.org\/es\/movilizacion-de-los-sindicatos-en-todo-el-mundo-contra-el-trabajo-precario\/\" \/>\n<meta property=\"og:locale\" content=\"es_ES\" \/>\n<meta property=\"og:type\" content=\"article\" \/>\n<meta property=\"og:title\" content=\"Movilizaci\u00f3n de los sindicatos en todo el mundo contra el trabajo precario\" \/>\n<meta property=\"og:description\" content=\"Sindicatos de todo el mundo se han unido a la campa\u00f1a mundial de la IndustriALL STOP al Trabajo Precario. Ante la recepci\u00f3n de tantos informes,\" \/>\n<meta property=\"og:url\" content=\"https:\/\/admin.industriall-union.org\/es\/movilizacion-de-los-sindicatos-en-todo-el-mundo-contra-el-trabajo-precario\/\" \/>\n<meta property=\"og:site_name\" content=\"industriall-union\" \/>\n<meta property=\"article:modified_time\" content=\"2025-02-08T08:09:49+00:00\" \/>\n<meta name=\"twitter:card\" content=\"summary_large_image\" \/>\n<meta name=\"twitter:label1\" content=\"Est. reading time\" \/>\n\t<meta name=\"twitter:data1\" content=\"2 minutes\" \/>\n<script type=\"application\/ld+json\" class=\"yoast-schema-graph\">{\"@context\":\"https:\/\/schema.org\",\"@graph\":[{\"@type\":\"WebPage\",\"@id\":\"https:\/\/admin.industriall-union.org\/es\/movilizacion-de-los-sindicatos-en-todo-el-mundo-contra-el-trabajo-precario\/\",\"url\":\"https:\/\/admin.industriall-union.org\/es\/movilizacion-de-los-sindicatos-en-todo-el-mundo-contra-el-trabajo-precario\/\",\"name\":\"Movilizaci\u00f3n de los sindicatos en todo el mundo contra el trabajo precario - industriall-union\",\"isPartOf\":{\"@id\":\"https:\/\/admin.industriall-union.org\/#website\"},\"datePublished\":\"2013-10-10T12:28:46+00:00\",\"dateModified\":\"2025-02-08T08:09:49+00:00\",\"description\":\"Sindicatos de todo el mundo se han unido a la campa\u00f1a mundial de la IndustriALL STOP al Trabajo Precario. Ante la recepci\u00f3n de tantos informes,\",\"breadcrumb\":{\"@id\":\"https:\/\/admin.industriall-union.org\/es\/movilizacion-de-los-sindicatos-en-todo-el-mundo-contra-el-trabajo-precario\/#breadcrumb\"},\"inLanguage\":\"es-ES\",\"potentialAction\":[{\"@type\":\"ReadAction\",\"target\":[\"https:\/\/admin.industriall-union.org\/es\/movilizacion-de-los-sindicatos-en-todo-el-mundo-contra-el-trabajo-precario\/\"]}]},{\"@type\":\"BreadcrumbList\",\"@id\":\"https:\/\/admin.industriall-union.org\/es\/movilizacion-de-los-sindicatos-en-todo-el-mundo-contra-el-trabajo-precario\/#breadcrumb\",\"itemListElement\":[{\"@type\":\"ListItem\",\"position\":1,\"name\":\"Home\",\"item\":\"https:\/\/admin.industriall-union.org\/\"},{\"@type\":\"ListItem\",\"position\":2,\"name\":\"Articles\",\"item\":\"https:\/\/admin.industriall-union.org\/article\/\"},{\"@type\":\"ListItem\",\"position\":3,\"name\":\"Movilizaci\u00f3n de los sindicatos en todo el mundo contra el trabajo precario\"}]},{\"@type\":\"WebSite\",\"@id\":\"https:\/\/admin.industriall-union.org\/#website\",\"url\":\"https:\/\/admin.industriall-union.org\/\",\"name\":\"industriall-union\",\"description\":\"\",\"potentialAction\":[{\"@type\":\"SearchAction\",\"target\":{\"@type\":\"EntryPoint\",\"urlTemplate\":\"https:\/\/admin.industriall-union.org\/?s={search_term_string}\"},\"query-input\":{\"@type\":\"PropertyValueSpecification\",\"valueRequired\":true,\"valueName\":\"search_term_string\"}}],\"inLanguage\":\"es-ES\"}]}<\/script>\n<!-- \/ Yoast SEO Premium plugin. -->","yoast_head_json":{"title":"Movilizaci\u00f3n de los sindicatos en todo el mundo contra el trabajo precario - industriall-union","description":"Sindicatos de todo el mundo se han unido a la campa\u00f1a mundial de la IndustriALL STOP al Trabajo Precario. Ante la recepci\u00f3n de tantos informes,","robots":{"index":"index","follow":"follow","max-snippet":"max-snippet:-1","max-image-preview":"max-image-preview:large","max-video-preview":"max-video-preview:-1"},"canonical":"https:\/\/admin.industriall-union.org\/es\/movilizacion-de-los-sindicatos-en-todo-el-mundo-contra-el-trabajo-precario\/","og_locale":"es_ES","og_type":"article","og_title":"Movilizaci\u00f3n de los sindicatos en todo el mundo contra el trabajo precario","og_description":"Sindicatos de todo el mundo se han unido a la campa\u00f1a mundial de la IndustriALL STOP al Trabajo Precario. Ante la recepci\u00f3n de tantos informes,","og_url":"https:\/\/admin.industriall-union.org\/es\/movilizacion-de-los-sindicatos-en-todo-el-mundo-contra-el-trabajo-precario\/","og_site_name":"industriall-union","article_modified_time":"2025-02-08T08:09:49+00:00","twitter_card":"summary_large_image","twitter_misc":{"Est. reading time":"2 minutes"},"schema":{"@context":"https:\/\/schema.org","@graph":[{"@type":"WebPage","@id":"https:\/\/admin.industriall-union.org\/es\/movilizacion-de-los-sindicatos-en-todo-el-mundo-contra-el-trabajo-precario\/","url":"https:\/\/admin.industriall-union.org\/es\/movilizacion-de-los-sindicatos-en-todo-el-mundo-contra-el-trabajo-precario\/","name":"Movilizaci\u00f3n de los sindicatos en todo el mundo contra el trabajo precario - industriall-union","isPartOf":{"@id":"https:\/\/admin.industriall-union.org\/#website"},"datePublished":"2013-10-10T12:28:46+00:00","dateModified":"2025-02-08T08:09:49+00:00","description":"Sindicatos de todo el mundo se han unido a la campa\u00f1a mundial de la IndustriALL STOP al Trabajo Precario. Ante la recepci\u00f3n de tantos informes,","breadcrumb":{"@id":"https:\/\/admin.industriall-union.org\/es\/movilizacion-de-los-sindicatos-en-todo-el-mundo-contra-el-trabajo-precario\/#breadcrumb"},"inLanguage":"es-ES","potentialAction":[{"@type":"ReadAction","target":["https:\/\/admin.industriall-union.org\/es\/movilizacion-de-los-sindicatos-en-todo-el-mundo-contra-el-trabajo-precario\/"]}]},{"@type":"BreadcrumbList","@id":"https:\/\/admin.industriall-union.org\/es\/movilizacion-de-los-sindicatos-en-todo-el-mundo-contra-el-trabajo-precario\/#breadcrumb","itemListElement":[{"@type":"ListItem","position":1,"name":"Home","item":"https:\/\/admin.industriall-union.org\/"},{"@type":"ListItem","position":2,"name":"Articles","item":"https:\/\/admin.industriall-union.org\/article\/"},{"@type":"ListItem","position":3,"name":"Movilizaci\u00f3n de los sindicatos en todo el mundo contra el trabajo precario"}]},{"@type":"WebSite","@id":"https:\/\/admin.industriall-union.org\/#website","url":"https:\/\/admin.industriall-union.org\/","name":"industriall-union","description":"","potentialAction":[{"@type":"SearchAction","target":{"@type":"EntryPoint","urlTemplate":"https:\/\/admin.industriall-union.org\/?s={search_term_string}"},"query-input":{"@type":"PropertyValueSpecification","valueRequired":true,"valueName":"search_term_string"}}],"inLanguage":"es-ES"}]}},"_links":{"self":[{"href":"https:\/\/admin.industriall-union.org\/es\/wp-json\/wp\/v2\/article\/173140","targetHints":{"allow":["GET"]}}],"collection":[{"href":"https:\/\/admin.industriall-union.org\/es\/wp-json\/wp\/v2\/article"}],"about":[{"href":"https:\/\/admin.industriall-union.org\/es\/wp-json\/wp\/v2\/types\/article"}],"wp:attachment":[{"href":"https:\/\/admin.industriall-union.org\/es\/wp-json\/wp\/v2\/media?parent=173140"}],"wp:term":[{"taxonomy":"issues","embeddable":true,"href":"https:\/\/admin.industriall-union.org\/es\/wp-json\/wp\/v2\/issues?post=173140"},{"taxonomy":"companies","embeddable":true,"href":"https:\/\/admin.industriall-union.org\/es\/wp-json\/wp\/v2\/companies?post=173140"},{"taxonomy":"regions","embeddable":true,"href":"https:\/\/admin.industriall-union.org\/es\/wp-json\/wp\/v2\/regions?post=173140"},{"taxonomy":"sectors","embeddable":true,"href":"https:\/\/admin.industriall-union.org\/es\/wp-json\/wp\/v2\/sectors?post=173140"},{"taxonomy":"article_tags","embeddable":true,"href":"https:\/\/admin.industriall-union.org\/es\/wp-json\/wp\/v2\/article_tags?post=173140"}],"curies":[{"name":"wp","href":"https:\/\/api.w.org\/{rel}","templated":true}]}}