{"id":173122,"date":"2013-10-16T08:26:17","date_gmt":"2013-10-16T08:26:17","guid":{"rendered":"https:\/\/admin.industriall-union.org\/mayor-compromiso-regional-con-politicas-industriales-sostenibles\/"},"modified":"2025-02-08T07:56:50","modified_gmt":"2025-02-08T07:56:50","slug":"mayor-compromiso-regional-con-politicas-industriales-sostenibles","status":"publish","type":"article","link":"https:\/\/admin.industriall-union.org\/es\/mayor-compromiso-regional-con-politicas-industriales-sostenibles\/","title":{"rendered":"Mayor compromiso regional con pol\u00edticas industriales sostenibles"},"content":{"rendered":"<p>Reunidos en Montevideo, Uruguay, del 16 al 17 de octubre, los afiliados de Argentina, Brasil, Chile, Paraguay y Uruguay intercambiaron ideas de c\u00f3mo los afiliados de IndustriALL pueden trabajar en conjunto para influir en los gobiernos y a sus respectivas empresas a nivel nacional y regional.<\/p><p>Tambi\u00e9n asistieron a la reuni\u00f3n dos representantes del Ministerio de Industria, Energ\u00eda y Miner\u00eda de Uruguay. Lucia Pittaluga, responsable de pol\u00edtica industrial, hizo hincapi\u00e9 en la importancia de la participaci\u00f3n sindical en los consejos sectoriales que tratan sobre los planes para industrias espec\u00edficas, mientras que Alicia Torres, responsable de cuestiones medioambientales, se refiri\u00f3 a las responsabilidades de los diferentes actores, trabajadores, empresas y gobiernos, y la importancia de que participen los ministerios del medio ambiente y del trabajo, no solamente los ministerios de sectores industriales.<\/p><p>Los participantes intercambiaron ideas sobre la importancia de una mayor integraci\u00f3n regional de las pol\u00edticas nacionales, en particular respecto a la planificaci\u00f3n fiscal, social y del medio ambiente, y para lograr un mayor desarrollo de la complementariedad productiva para a\u00f1adir valor a nivel local y, de este modo, aumentar el empleo. Se acord\u00f3 la necesidad de fortalecer el papel de IndustriALL en la regi\u00f3n para presionar a los gobiernos y las corporaciones, y que a la vez IndustriALL participe visiblemente en las delegaciones que se dirijan a los gobiernos para explicar este trabajo. La voluntad pol\u00edtica de los gobiernos es crucial, y, para lograrlo, los afiliados acordaron trabajar conjuntamente respecto a Mercosur y Unasur.<\/p><p>Se debe elaborar un plan estrat\u00e9gico de IndustriALL para la regi\u00f3n, incorporando planes de acci\u00f3n concretos para ejercer presi\u00f3n respecto a pol\u00edticas industriales sostenibles. Se identificaron los sectores prioritarios: la miner\u00eda, energ\u00eda, pulpa y papel, metal\u00fargico, acero, textiles, productos qu\u00edmicos, y electr\u00f3nica. Como primer paso, en diciembre los sindicatos chilenos realizar\u00e1n un foro abierto para trabajadores mineros y metal\u00fargicos. Se invitar\u00e1 a este foro al gobierno y a las empresas. La idea es organizar eventos similares en cada pa\u00eds.<\/p><p>El taller de Asia del Sur, celebrado en Nueva Delhi, India, del 26 al 27 de septiembre, se destac\u00f3 por ser la primera reuni\u00f3n de sindicatos de la India respecto a pol\u00edticas industriales; antes se supon\u00eda que correspond\u00eda solamente al gobierno y a las empresas analizar estos temas.<\/p><p>Asistieron al taller principalmente organizaciones afiliadas de la India, y tambi\u00e9n delegados de Nepal y Sri Lanka. En reconocimiento de la importancia de trabajar en forma conjunta con los centros nacionales, varias confederaciones indias tambi\u00e9n participaron en la reuni\u00f3n. Sanjeeva Reddy, miembro del Comit\u00e9 Ejecutivo de IndustriALL, hizo hincapi\u00e9 en la importancia de ese tema para las centrales sindicales nacionales, e inform\u00f3 que el documento de debate de IndustriALL hab\u00eda sido distribuido y analizado por 9.000 delegados en el congreso de INTUC.<\/p><p>Seguidamente, afirm\u00f3 que los desaf\u00edos que implicaba este tema iban mucho m\u00e1s all\u00e1 de las diferencias ideol\u00f3gicas entre los sindicatos y que el crecimiento industrial no ten\u00eda sentido si no se abordaba el desempleo, la pobreza, y la desigualdad. El siguiente paso ser\u00e1 lograr que las centrales sindicales de la India exijan en forma conjunta una pol\u00edtica industrial sostenible. Estas centrales ya llevan varios a\u00f1os trabajando en conjunto sobre temas de inter\u00e9s mutuo.<\/p><p>Tambi\u00e9n aportaron al debate el Ministro del Carb\u00f3n de la India, la OIT, y una serie de expertos locales, entre ellos el Profesor Lawrence Surendra de la Plataforma de Sostenibilidad. Esta Plataforma busca reunir a los sindicatos, el gobierno y las empresas a fin de lograr alg\u00fan progreso en cuestiones de sostenibilidad.<\/p><p>Los participantes llegaron a la conclusi\u00f3n de que existen oportunidades significativas para que los sindicatos trabajen en forma conjunta en la India para promover una pol\u00edtica industrial sostenible ante el gobierno y las empresas. Se seguir\u00e1 trabajando en estrecha colaboraci\u00f3n con la oficina regional de IndustriALL para desarrollar estrategias y planes concretos.<\/p>","protected":false},"featured_media":0,"template":"","issues":[418,392],"companies":[],"regions":[155,254],"sectors":[],"article_tags":[],"class_list":["post-173122","article","type-article","status-publish","hentry","issues-sustainability","issues-sustainable-industrial-policy","regions-asia-pacific","regions-latin-america-and-the-caribbean"],"acf":[],"yoast_head":"<!-- This site is optimized with the Yoast SEO Premium plugin v27.1 (Yoast SEO v27.1) - https:\/\/yoast.com\/product\/yoast-seo-premium-wordpress\/ -->\n<title>Mayor compromiso regional con pol\u00edticas industriales sostenibles - industriall-union<\/title>\n<meta name=\"description\" content=\"Reunidos en Montevideo, Uruguay, del 16 al 17 de octubre, los afiliados de Argentina, Brasil, Chile, Paraguay y Uruguay intercambiaron ideas de c\u00f3mo los\" \/>\n<meta name=\"robots\" content=\"index, follow, max-snippet:-1, max-image-preview:large, max-video-preview:-1\" \/>\n<link rel=\"canonical\" href=\"https:\/\/admin.industriall-union.org\/es\/mayor-compromiso-regional-con-politicas-industriales-sostenibles\/\" \/>\n<meta property=\"og:locale\" content=\"es_ES\" \/>\n<meta property=\"og:type\" content=\"article\" \/>\n<meta property=\"og:title\" content=\"Mayor compromiso regional con pol\u00edticas industriales sostenibles\" \/>\n<meta property=\"og:description\" content=\"Reunidos en Montevideo, Uruguay, del 16 al 17 de octubre, los afiliados de Argentina, Brasil, Chile, Paraguay y Uruguay intercambiaron ideas de c\u00f3mo los\" \/>\n<meta property=\"og:url\" content=\"https:\/\/admin.industriall-union.org\/es\/mayor-compromiso-regional-con-politicas-industriales-sostenibles\/\" \/>\n<meta property=\"og:site_name\" content=\"industriall-union\" \/>\n<meta property=\"article:modified_time\" content=\"2025-02-08T07:56:50+00:00\" \/>\n<meta name=\"twitter:card\" content=\"summary_large_image\" \/>\n<meta name=\"twitter:label1\" content=\"Est. reading time\" \/>\n\t<meta name=\"twitter:data1\" content=\"3 minutes\" \/>\n<script type=\"application\/ld+json\" class=\"yoast-schema-graph\">{\"@context\":\"https:\/\/schema.org\",\"@graph\":[{\"@type\":\"WebPage\",\"@id\":\"https:\/\/admin.industriall-union.org\/es\/mayor-compromiso-regional-con-politicas-industriales-sostenibles\/\",\"url\":\"https:\/\/admin.industriall-union.org\/es\/mayor-compromiso-regional-con-politicas-industriales-sostenibles\/\",\"name\":\"Mayor compromiso regional con pol\u00edticas industriales sostenibles - industriall-union\",\"isPartOf\":{\"@id\":\"https:\/\/admin.industriall-union.org\/#website\"},\"datePublished\":\"2013-10-16T08:26:17+00:00\",\"dateModified\":\"2025-02-08T07:56:50+00:00\",\"description\":\"Reunidos en Montevideo, Uruguay, del 16 al 17 de octubre, los afiliados de Argentina, Brasil, Chile, Paraguay y Uruguay intercambiaron ideas de c\u00f3mo los\",\"breadcrumb\":{\"@id\":\"https:\/\/admin.industriall-union.org\/es\/mayor-compromiso-regional-con-politicas-industriales-sostenibles\/#breadcrumb\"},\"inLanguage\":\"es-ES\",\"potentialAction\":[{\"@type\":\"ReadAction\",\"target\":[\"https:\/\/admin.industriall-union.org\/es\/mayor-compromiso-regional-con-politicas-industriales-sostenibles\/\"]}]},{\"@type\":\"BreadcrumbList\",\"@id\":\"https:\/\/admin.industriall-union.org\/es\/mayor-compromiso-regional-con-politicas-industriales-sostenibles\/#breadcrumb\",\"itemListElement\":[{\"@type\":\"ListItem\",\"position\":1,\"name\":\"Home\",\"item\":\"https:\/\/admin.industriall-union.org\/\"},{\"@type\":\"ListItem\",\"position\":2,\"name\":\"Articles\",\"item\":\"https:\/\/admin.industriall-union.org\/article\/\"},{\"@type\":\"ListItem\",\"position\":3,\"name\":\"Mayor compromiso regional con pol\u00edticas industriales sostenibles\"}]},{\"@type\":\"WebSite\",\"@id\":\"https:\/\/admin.industriall-union.org\/#website\",\"url\":\"https:\/\/admin.industriall-union.org\/\",\"name\":\"industriall-union\",\"description\":\"\",\"potentialAction\":[{\"@type\":\"SearchAction\",\"target\":{\"@type\":\"EntryPoint\",\"urlTemplate\":\"https:\/\/admin.industriall-union.org\/?s={search_term_string}\"},\"query-input\":{\"@type\":\"PropertyValueSpecification\",\"valueRequired\":true,\"valueName\":\"search_term_string\"}}],\"inLanguage\":\"es-ES\"}]}<\/script>\n<!-- \/ Yoast SEO Premium plugin. -->","yoast_head_json":{"title":"Mayor compromiso regional con pol\u00edticas industriales sostenibles - industriall-union","description":"Reunidos en Montevideo, Uruguay, del 16 al 17 de octubre, los afiliados de Argentina, Brasil, Chile, Paraguay y Uruguay intercambiaron ideas de c\u00f3mo los","robots":{"index":"index","follow":"follow","max-snippet":"max-snippet:-1","max-image-preview":"max-image-preview:large","max-video-preview":"max-video-preview:-1"},"canonical":"https:\/\/admin.industriall-union.org\/es\/mayor-compromiso-regional-con-politicas-industriales-sostenibles\/","og_locale":"es_ES","og_type":"article","og_title":"Mayor compromiso regional con pol\u00edticas industriales sostenibles","og_description":"Reunidos en Montevideo, Uruguay, del 16 al 17 de octubre, los afiliados de Argentina, Brasil, Chile, Paraguay y Uruguay intercambiaron ideas de c\u00f3mo los","og_url":"https:\/\/admin.industriall-union.org\/es\/mayor-compromiso-regional-con-politicas-industriales-sostenibles\/","og_site_name":"industriall-union","article_modified_time":"2025-02-08T07:56:50+00:00","twitter_card":"summary_large_image","twitter_misc":{"Est. reading time":"3 minutes"},"schema":{"@context":"https:\/\/schema.org","@graph":[{"@type":"WebPage","@id":"https:\/\/admin.industriall-union.org\/es\/mayor-compromiso-regional-con-politicas-industriales-sostenibles\/","url":"https:\/\/admin.industriall-union.org\/es\/mayor-compromiso-regional-con-politicas-industriales-sostenibles\/","name":"Mayor compromiso regional con pol\u00edticas industriales sostenibles - industriall-union","isPartOf":{"@id":"https:\/\/admin.industriall-union.org\/#website"},"datePublished":"2013-10-16T08:26:17+00:00","dateModified":"2025-02-08T07:56:50+00:00","description":"Reunidos en Montevideo, Uruguay, del 16 al 17 de octubre, los afiliados de Argentina, Brasil, Chile, Paraguay y Uruguay intercambiaron ideas de c\u00f3mo los","breadcrumb":{"@id":"https:\/\/admin.industriall-union.org\/es\/mayor-compromiso-regional-con-politicas-industriales-sostenibles\/#breadcrumb"},"inLanguage":"es-ES","potentialAction":[{"@type":"ReadAction","target":["https:\/\/admin.industriall-union.org\/es\/mayor-compromiso-regional-con-politicas-industriales-sostenibles\/"]}]},{"@type":"BreadcrumbList","@id":"https:\/\/admin.industriall-union.org\/es\/mayor-compromiso-regional-con-politicas-industriales-sostenibles\/#breadcrumb","itemListElement":[{"@type":"ListItem","position":1,"name":"Home","item":"https:\/\/admin.industriall-union.org\/"},{"@type":"ListItem","position":2,"name":"Articles","item":"https:\/\/admin.industriall-union.org\/article\/"},{"@type":"ListItem","position":3,"name":"Mayor compromiso regional con pol\u00edticas industriales sostenibles"}]},{"@type":"WebSite","@id":"https:\/\/admin.industriall-union.org\/#website","url":"https:\/\/admin.industriall-union.org\/","name":"industriall-union","description":"","potentialAction":[{"@type":"SearchAction","target":{"@type":"EntryPoint","urlTemplate":"https:\/\/admin.industriall-union.org\/?s={search_term_string}"},"query-input":{"@type":"PropertyValueSpecification","valueRequired":true,"valueName":"search_term_string"}}],"inLanguage":"es-ES"}]}},"_links":{"self":[{"href":"https:\/\/admin.industriall-union.org\/es\/wp-json\/wp\/v2\/article\/173122","targetHints":{"allow":["GET"]}}],"collection":[{"href":"https:\/\/admin.industriall-union.org\/es\/wp-json\/wp\/v2\/article"}],"about":[{"href":"https:\/\/admin.industriall-union.org\/es\/wp-json\/wp\/v2\/types\/article"}],"wp:attachment":[{"href":"https:\/\/admin.industriall-union.org\/es\/wp-json\/wp\/v2\/media?parent=173122"}],"wp:term":[{"taxonomy":"issues","embeddable":true,"href":"https:\/\/admin.industriall-union.org\/es\/wp-json\/wp\/v2\/issues?post=173122"},{"taxonomy":"companies","embeddable":true,"href":"https:\/\/admin.industriall-union.org\/es\/wp-json\/wp\/v2\/companies?post=173122"},{"taxonomy":"regions","embeddable":true,"href":"https:\/\/admin.industriall-union.org\/es\/wp-json\/wp\/v2\/regions?post=173122"},{"taxonomy":"sectors","embeddable":true,"href":"https:\/\/admin.industriall-union.org\/es\/wp-json\/wp\/v2\/sectors?post=173122"},{"taxonomy":"article_tags","embeddable":true,"href":"https:\/\/admin.industriall-union.org\/es\/wp-json\/wp\/v2\/article_tags?post=173122"}],"curies":[{"name":"wp","href":"https:\/\/api.w.org\/{rel}","templated":true}]}}