{"id":173099,"date":"2013-10-18T16:49:35","date_gmt":"2013-10-18T16:49:35","guid":{"rendered":"https:\/\/admin.industriall-union.org\/se-refuerza-en-europa-campana-de-protesta-contra-crown-holdings\/"},"modified":"2025-02-08T07:42:37","modified_gmt":"2025-02-08T07:42:37","slug":"se-refuerza-en-europa-campana-de-protesta-contra-crown-holdings","status":"publish","type":"article","link":"https:\/\/admin.industriall-union.org\/es\/se-refuerza-en-europa-campana-de-protesta-contra-crown-holdings\/","title":{"rendered":"Se refuerza en Europa campa\u00f1a de protesta contra Crown Holdings"},"content":{"rendered":"<p>El 18 de octubre de 2013, activistas de la seccional local de UNIA en Zug, junto con Mike Cruttenden, representante del USW, e IndustriALL Global Union, realizaron una protesta frente a la sede europea de Crown Holdings en \u200b\u200bBaar.<\/p><p>Durante esa protesta, el Secretario General Adjunto de IndustriALL, Kemal Ozkan, se\u00f1al\u00f3: &quot;Hemos repetido hoy a los representantes de la empresa que no podemos seguir aceptando m\u00e1s recortes, queremos que la compa\u00f1\u00eda nos entregue la parte que nos corresponde de los beneficios. Les hemos dicho que hemos ayudado a duplicar los ingresos el a\u00f1o pasado; no queremos trabajar con pensiones reducidas y sueldos m\u00e1s bajos. En Turqu\u00eda hemos exigido que la empresa reconozca al sindicato lo m\u00e1s pronto posible&quot;.<\/p><p>Ozkan advirti\u00f3 que IndustriALL Global Union continuar\u00e1 su movilizaci\u00f3n en las plantas de Crown en todo el mundo hasta que los dos problemas se\u00f1alados se resuelvan de manera justa.<\/p><p>Mike Cruttenden, uno de los empleados huelguistas de Crown y miembro activo del USW, recalc\u00f3: &ldquo;Estamos pidiendo un convenio colectivo justo y honrado. Hace nueve a\u00f1os atr\u00e1s, Uds., en Crown Holdings, nos pidieron ayuda, y los trabajadores se la concedimos. Sin embargo, a pesar de haber duplicado los ingresos empresariales, contin\u00faan pidiendo ayuda. Quieren que los trabajadores hagan m\u00e1s concesiones, simplemente para que la empresa obtenga mayores beneficios. Lo \u00fanico que queremos es justicia, y la parte de los beneficios que con nuestro trabajo hemos generado para Uds., y que nos corresponde.&rdquo;<\/p><p>Mike Cruttenden advirti\u00f3 a la empresa: &quot;No ofrecemos m\u00e1s concesiones, ya basta. No creemos en un sistema salarial de dos niveles, que divide la fuerza de trabajo a tal punto que hay un ambiente terrible en el lugar de trabajo.&quot;<\/p><p>Contin\u00faa la campa\u00f1a &ldquo;Take-backs no more&rdquo; (&quot;Basta de concesiones&quot;). El lunes 21 de octubre, Cruttenden se une a sus compa\u00f1eros en Turqu\u00eda, donde Birlesik Metal-Is, organizaci\u00f3n afiliada a IndustriALL, prepara una serie de manifestaciones de protesta contra Crown Holdings.<\/p><p>En cuanto a las actuaciones antisindicales de la compa\u00f1\u00eda en Turqu\u00eda, Cruttenden dijo: &quot;Los trabajadores s\u00f3lo han pedido poder afiliarse a un sindicato por el cual votaron democr\u00e1ticamente, sin embargo&nbsp; la empresa, con la colaboraci\u00f3n del gobierno, les impide sindicalizarse. Pedimos que se reconozca inmediatamente al sindicato, y que se realicen negociaciones para establecer un primer convenio colectivo bueno y justo.&quot;<\/p>","protected":false},"featured_media":0,"template":"","issues":[425],"companies":[30],"regions":[309,248,250],"sectors":[481],"article_tags":[515],"class_list":["post-173099","article","type-article","status-publish","hentry","issues-workers-rights","companies-crown","regions-canada","regions-switzerland","regions-turkiye","sectors-base-metals","article_tags-lockout"],"acf":[],"yoast_head":"<!-- This site is optimized with the Yoast SEO Premium plugin v27.1 (Yoast SEO v27.1) - https:\/\/yoast.com\/product\/yoast-seo-premium-wordpress\/ -->\n<title>Se refuerza en Europa campa\u00f1a de protesta contra Crown Holdings - industriall-union<\/title>\n<meta name=\"description\" content=\"El 18 de octubre de 2013, activistas de la seccional local de UNIA en Zug, junto con Mike Cruttenden, representante del USW, e IndustriALL Global Union,\" \/>\n<meta name=\"robots\" content=\"index, follow, max-snippet:-1, max-image-preview:large, max-video-preview:-1\" \/>\n<link rel=\"canonical\" href=\"https:\/\/admin.industriall-union.org\/es\/se-refuerza-en-europa-campana-de-protesta-contra-crown-holdings\/\" \/>\n<meta property=\"og:locale\" content=\"es_ES\" \/>\n<meta property=\"og:type\" content=\"article\" \/>\n<meta property=\"og:title\" content=\"Se refuerza en Europa campa\u00f1a de protesta contra Crown Holdings\" \/>\n<meta property=\"og:description\" content=\"El 18 de octubre de 2013, activistas de la seccional local de UNIA en Zug, junto con Mike Cruttenden, representante del USW, e IndustriALL Global Union,\" \/>\n<meta property=\"og:url\" content=\"https:\/\/admin.industriall-union.org\/es\/se-refuerza-en-europa-campana-de-protesta-contra-crown-holdings\/\" \/>\n<meta property=\"og:site_name\" content=\"industriall-union\" \/>\n<meta property=\"article:modified_time\" content=\"2025-02-08T07:42:37+00:00\" \/>\n<meta name=\"twitter:card\" content=\"summary_large_image\" \/>\n<meta name=\"twitter:label1\" content=\"Est. reading time\" \/>\n\t<meta name=\"twitter:data1\" content=\"2 minutes\" \/>\n<script type=\"application\/ld+json\" class=\"yoast-schema-graph\">{\"@context\":\"https:\/\/schema.org\",\"@graph\":[{\"@type\":\"WebPage\",\"@id\":\"https:\/\/admin.industriall-union.org\/es\/se-refuerza-en-europa-campana-de-protesta-contra-crown-holdings\/\",\"url\":\"https:\/\/admin.industriall-union.org\/es\/se-refuerza-en-europa-campana-de-protesta-contra-crown-holdings\/\",\"name\":\"Se refuerza en Europa campa\u00f1a de protesta contra Crown Holdings - industriall-union\",\"isPartOf\":{\"@id\":\"https:\/\/admin.industriall-union.org\/#website\"},\"datePublished\":\"2013-10-18T16:49:35+00:00\",\"dateModified\":\"2025-02-08T07:42:37+00:00\",\"description\":\"El 18 de octubre de 2013, activistas de la seccional local de UNIA en Zug, junto con Mike Cruttenden, representante del USW, e IndustriALL Global Union,\",\"breadcrumb\":{\"@id\":\"https:\/\/admin.industriall-union.org\/es\/se-refuerza-en-europa-campana-de-protesta-contra-crown-holdings\/#breadcrumb\"},\"inLanguage\":\"es-ES\",\"potentialAction\":[{\"@type\":\"ReadAction\",\"target\":[\"https:\/\/admin.industriall-union.org\/es\/se-refuerza-en-europa-campana-de-protesta-contra-crown-holdings\/\"]}]},{\"@type\":\"BreadcrumbList\",\"@id\":\"https:\/\/admin.industriall-union.org\/es\/se-refuerza-en-europa-campana-de-protesta-contra-crown-holdings\/#breadcrumb\",\"itemListElement\":[{\"@type\":\"ListItem\",\"position\":1,\"name\":\"Home\",\"item\":\"https:\/\/admin.industriall-union.org\/\"},{\"@type\":\"ListItem\",\"position\":2,\"name\":\"Articles\",\"item\":\"https:\/\/admin.industriall-union.org\/article\/\"},{\"@type\":\"ListItem\",\"position\":3,\"name\":\"Se refuerza en Europa campa\u00f1a de protesta contra Crown Holdings\"}]},{\"@type\":\"WebSite\",\"@id\":\"https:\/\/admin.industriall-union.org\/#website\",\"url\":\"https:\/\/admin.industriall-union.org\/\",\"name\":\"industriall-union\",\"description\":\"\",\"potentialAction\":[{\"@type\":\"SearchAction\",\"target\":{\"@type\":\"EntryPoint\",\"urlTemplate\":\"https:\/\/admin.industriall-union.org\/?s={search_term_string}\"},\"query-input\":{\"@type\":\"PropertyValueSpecification\",\"valueRequired\":true,\"valueName\":\"search_term_string\"}}],\"inLanguage\":\"es-ES\"}]}<\/script>\n<!-- \/ Yoast SEO Premium plugin. -->","yoast_head_json":{"title":"Se refuerza en Europa campa\u00f1a de protesta contra Crown Holdings - industriall-union","description":"El 18 de octubre de 2013, activistas de la seccional local de UNIA en Zug, junto con Mike Cruttenden, representante del USW, e IndustriALL Global Union,","robots":{"index":"index","follow":"follow","max-snippet":"max-snippet:-1","max-image-preview":"max-image-preview:large","max-video-preview":"max-video-preview:-1"},"canonical":"https:\/\/admin.industriall-union.org\/es\/se-refuerza-en-europa-campana-de-protesta-contra-crown-holdings\/","og_locale":"es_ES","og_type":"article","og_title":"Se refuerza en Europa campa\u00f1a de protesta contra Crown Holdings","og_description":"El 18 de octubre de 2013, activistas de la seccional local de UNIA en Zug, junto con Mike Cruttenden, representante del USW, e IndustriALL Global Union,","og_url":"https:\/\/admin.industriall-union.org\/es\/se-refuerza-en-europa-campana-de-protesta-contra-crown-holdings\/","og_site_name":"industriall-union","article_modified_time":"2025-02-08T07:42:37+00:00","twitter_card":"summary_large_image","twitter_misc":{"Est. reading time":"2 minutes"},"schema":{"@context":"https:\/\/schema.org","@graph":[{"@type":"WebPage","@id":"https:\/\/admin.industriall-union.org\/es\/se-refuerza-en-europa-campana-de-protesta-contra-crown-holdings\/","url":"https:\/\/admin.industriall-union.org\/es\/se-refuerza-en-europa-campana-de-protesta-contra-crown-holdings\/","name":"Se refuerza en Europa campa\u00f1a de protesta contra Crown Holdings - industriall-union","isPartOf":{"@id":"https:\/\/admin.industriall-union.org\/#website"},"datePublished":"2013-10-18T16:49:35+00:00","dateModified":"2025-02-08T07:42:37+00:00","description":"El 18 de octubre de 2013, activistas de la seccional local de UNIA en Zug, junto con Mike Cruttenden, representante del USW, e IndustriALL Global Union,","breadcrumb":{"@id":"https:\/\/admin.industriall-union.org\/es\/se-refuerza-en-europa-campana-de-protesta-contra-crown-holdings\/#breadcrumb"},"inLanguage":"es-ES","potentialAction":[{"@type":"ReadAction","target":["https:\/\/admin.industriall-union.org\/es\/se-refuerza-en-europa-campana-de-protesta-contra-crown-holdings\/"]}]},{"@type":"BreadcrumbList","@id":"https:\/\/admin.industriall-union.org\/es\/se-refuerza-en-europa-campana-de-protesta-contra-crown-holdings\/#breadcrumb","itemListElement":[{"@type":"ListItem","position":1,"name":"Home","item":"https:\/\/admin.industriall-union.org\/"},{"@type":"ListItem","position":2,"name":"Articles","item":"https:\/\/admin.industriall-union.org\/article\/"},{"@type":"ListItem","position":3,"name":"Se refuerza en Europa campa\u00f1a de protesta contra Crown Holdings"}]},{"@type":"WebSite","@id":"https:\/\/admin.industriall-union.org\/#website","url":"https:\/\/admin.industriall-union.org\/","name":"industriall-union","description":"","potentialAction":[{"@type":"SearchAction","target":{"@type":"EntryPoint","urlTemplate":"https:\/\/admin.industriall-union.org\/?s={search_term_string}"},"query-input":{"@type":"PropertyValueSpecification","valueRequired":true,"valueName":"search_term_string"}}],"inLanguage":"es-ES"}]}},"_links":{"self":[{"href":"https:\/\/admin.industriall-union.org\/es\/wp-json\/wp\/v2\/article\/173099","targetHints":{"allow":["GET"]}}],"collection":[{"href":"https:\/\/admin.industriall-union.org\/es\/wp-json\/wp\/v2\/article"}],"about":[{"href":"https:\/\/admin.industriall-union.org\/es\/wp-json\/wp\/v2\/types\/article"}],"wp:attachment":[{"href":"https:\/\/admin.industriall-union.org\/es\/wp-json\/wp\/v2\/media?parent=173099"}],"wp:term":[{"taxonomy":"issues","embeddable":true,"href":"https:\/\/admin.industriall-union.org\/es\/wp-json\/wp\/v2\/issues?post=173099"},{"taxonomy":"companies","embeddable":true,"href":"https:\/\/admin.industriall-union.org\/es\/wp-json\/wp\/v2\/companies?post=173099"},{"taxonomy":"regions","embeddable":true,"href":"https:\/\/admin.industriall-union.org\/es\/wp-json\/wp\/v2\/regions?post=173099"},{"taxonomy":"sectors","embeddable":true,"href":"https:\/\/admin.industriall-union.org\/es\/wp-json\/wp\/v2\/sectors?post=173099"},{"taxonomy":"article_tags","embeddable":true,"href":"https:\/\/admin.industriall-union.org\/es\/wp-json\/wp\/v2\/article_tags?post=173099"}],"curies":[{"name":"wp","href":"https:\/\/api.w.org\/{rel}","templated":true}]}}