{"id":173065,"date":"2013-10-25T08:07:57","date_gmt":"2013-10-25T08:07:57","guid":{"rendered":"https:\/\/admin.industriall-union.org\/la-siemens-employee-federation-hace-esfuerzos-para-la-sindicacion-de-los-trabajadores-precarios\/"},"modified":"2025-02-08T07:19:13","modified_gmt":"2025-02-08T07:19:13","slug":"la-siemens-employee-federation-hace-esfuerzos-para-la-sindicacion-de-los-trabajadores-precarios","status":"publish","type":"article","link":"https:\/\/admin.industriall-union.org\/es\/la-siemens-employee-federation-hace-esfuerzos-para-la-sindicacion-de-los-trabajadores-precarios\/","title":{"rendered":"La Siemens Employee Federation hace esfuerzos para la sindicaci\u00f3n de los trabajadores precarios"},"content":{"rendered":"<p>I<\/p><p>La IndustriALL Global Union organiz\u00f3 la reuni\u00f3n de la Red de la Siemens Employees Federation (SEF), del 16 al 18 de octubre en Thane, Maharashtra (India). 18 l\u00edderes sindicales de 8 plantas de Siemens, junto con Kan Matsuzaki, director de TIC, Electricidad y Electr\u00f3nica de la IndustriALL, y Dirk Linder, representante de IG Metall, discutieron activamente el orden del d\u00eda:<\/p><ul><li>Situaci\u00f3n actual y problemas con los sindicatos de la SEF<\/li><li>Promoci\u00f3n de un lugar de trabajo sostenible y de las actividades sindicales centradas en el trabajo precario<\/li><li>Aplicaci\u00f3n del Acuerdo Marco Mundial de Siemens y formaci\u00f3n al respecto<\/li><\/ul><p>El Grupo Siemens en la India emplea a m\u00e1s de 19.000 trabajadores. Tiene 21 plantas de fabricaci\u00f3n y una amplia red de cadenas de suministro en todo el pa\u00eds. Los sindicatos de la SEF organizan a unos 4.000 trabajadores en 13 plantas de fabricaci\u00f3n, y tienen la mayor red sindical de trabajadores de Siemens en la regi\u00f3n de Asia del Sur y Sudoriental.<\/p><p>Los l\u00edderes sindicales de diferentes lugares compartieron problemas comunes que afrontan los trabajadores de Siemens en la India, como la presi\u00f3n de la direcci\u00f3n. A lo largo de los a\u00f1os ha habido un considerable aumento de los trabajadores precarios (por contrato y por agencia) en los lugares de trabajo, del desplazamiento de empleos de lugares sindicados a no sindicados, y de la supresi\u00f3n de la sindicaci\u00f3n y la promoci\u00f3n no deseada<a href=\"http:\/\/www.industriall-union.org\/es\/se-espera-defender-los-derechos-de-los-trabajadores-en-siemens-india-con-las-redes-mundiales-y-el\"> impuesta por la direcci\u00f3n<\/a>. Los sindicatos tambi\u00e9n informaron de que a los trabajadores precarios de Siemens o de proveedores de Siemens se les impide unirse a sindicatos o formarlos, y de que existe una considerable diferencia entre ellos y los trabajadores permanentes con respecto a sueldos, prestaciones de salud y seguridad social.<\/p><p>Para abordar estos problemas, los sindicatos han convenido en que la SEF necesita m\u00e1s densidad sindical en todos los establecimientos de Siemens y tener m\u00e1s fuerza en la negociaci\u00f3n colectiva con la direcci\u00f3n como red sindical. En la reuni\u00f3n, los sindicatos fueron un\u00e1nimes al <a href=\"\/wp-content\/uploads\/documents\/sef_precarious_work_-_resolution.pdf\">adoptar la resoluci\u00f3n<\/a> sobre organizaci\u00f3n de los trabajadores, incluidos los precarios, destacando:<\/p><blockquote><p>&ldquo;Se resuelve que a todos los empleados que trabajen directa o indirectamente para la compa\u00f1\u00eda, ya sea en sus locales o fuera de ellos, se les permitir\u00e1 ser miembros de los respectivos sindicatos constituyentes. Los sindicatos har\u00e1n cuanto puedan para garantizarles los mismos derechos, sueldos y condiciones de trabajo que a los trabajadores permanentes de la compa\u00f1\u00eda.&rdquo;<\/p><\/blockquote><p>La SEF ejecutar\u00e1 un proyecto trienal sobre esfuerzos de sindicaci\u00f3n de cuantos trabajen directa o indirectamente para Siemens en la India, a fin de garantizarles los mismos derechos y las mismas condiciones de trabajadores que a los empleados permanentes.<\/p><p>La SEF pidi\u00f3 tambi\u00e9n firmemente que el AMM de Siemens se aplique en todos los lugares de trabajo de Siemens, y afirm\u00f3 que el AMM es necesario para ayudar a desarrollar la red sindical de la SEF a fin de defender los derechos y los intereses de los trabajadores. Uday Mahale, secretario general del SWU (principal sindicato de la SEF) declar\u00f3 que:<\/p><blockquote><p>Con miras a aplicar el AMM, se decidi\u00f3 que la SEF formar\u00e1 a 55 representantes sindicales. La formaci\u00f3n versar\u00e1 sobre las normas fundamentales del trabajo de la OIT y la relevancia de otras cl\u00e1usulas del AMM. Como Siemens tiene en la India las mayores operaciones en Asia del Sur y Sudoriental, se espera que la pr\u00f3xima gran serie de reuniones se celebre en la India. La IndustriAll debe apoyar a la SEF a establecer v\u00ednculos con sindicatos de esas regiones antes de las reuniones.<\/p><\/blockquote><p>El 18 de octubre, Kan Matsuzaki, director de TIC, Electricidad y Electr\u00f3nica de la IndustriALL y Dirk Linder, representante de IG Metall, se reunieron con la direcci\u00f3n de Recursos Humanos de Siemens India e intercambiaron opiniones sobre la importancia de la red sindical y la aplicaci\u00f3n del AMM. La direcci\u00f3n expres\u00f3 su intenci\u00f3n de crear una relaci\u00f3n buena y constructiva con los sindicatos de Siemens, y publicar\u00e1 los AMM en lenguas locales en los lugares de trabajo, como primer paso de la aplicaci\u00f3n, en cooperaci\u00f3n con los sindicatos.<\/p><p>La IndustriALL Global Union e IG Metall seguir\u00e1n apoyando las actividades de la SEF y se centrar\u00e1n en la aplicaci\u00f3n del AMM como partes firmantes.<\/p>","protected":false},"featured_media":0,"template":"","issues":[415],"companies":[124],"regions":[155,166],"sectors":[490],"article_tags":[],"class_list":["post-173065","article","type-article","status-publish","hentry","issues-stop-precarious-work","companies-siemens","regions-asia-pacific","regions-india","sectors-ict-electrical-and-electronics"],"acf":[],"yoast_head":"<!-- This site is optimized with the Yoast SEO Premium plugin v27.1 (Yoast SEO v27.1) - https:\/\/yoast.com\/product\/yoast-seo-premium-wordpress\/ -->\n<title>La Siemens Employee Federation hace esfuerzos para la sindicaci\u00f3n de los trabajadores precarios - industriall-union<\/title>\n<meta name=\"description\" content=\"ILa IndustriALL Global Union organiz\u00f3 la reuni\u00f3n de la Red de la Siemens Employees Federation (SEF), del 16 al 18 de octubre en Thane, Maharashtra\" \/>\n<meta name=\"robots\" content=\"index, follow, max-snippet:-1, max-image-preview:large, max-video-preview:-1\" \/>\n<link rel=\"canonical\" href=\"https:\/\/admin.industriall-union.org\/es\/la-siemens-employee-federation-hace-esfuerzos-para-la-sindicacion-de-los-trabajadores-precarios\/\" \/>\n<meta property=\"og:locale\" content=\"es_ES\" \/>\n<meta property=\"og:type\" content=\"article\" \/>\n<meta property=\"og:title\" content=\"La Siemens Employee Federation hace esfuerzos para la sindicaci\u00f3n de los trabajadores precarios\" \/>\n<meta property=\"og:description\" content=\"ILa IndustriALL Global Union organiz\u00f3 la reuni\u00f3n de la Red de la Siemens Employees Federation (SEF), del 16 al 18 de octubre en Thane, Maharashtra\" \/>\n<meta property=\"og:url\" content=\"https:\/\/admin.industriall-union.org\/es\/la-siemens-employee-federation-hace-esfuerzos-para-la-sindicacion-de-los-trabajadores-precarios\/\" \/>\n<meta property=\"og:site_name\" content=\"industriall-union\" \/>\n<meta property=\"article:modified_time\" content=\"2025-02-08T07:19:13+00:00\" \/>\n<meta name=\"twitter:card\" content=\"summary_large_image\" \/>\n<meta name=\"twitter:label1\" content=\"Est. reading time\" \/>\n\t<meta name=\"twitter:data1\" content=\"4 minutes\" \/>\n<script type=\"application\/ld+json\" class=\"yoast-schema-graph\">{\"@context\":\"https:\/\/schema.org\",\"@graph\":[{\"@type\":\"WebPage\",\"@id\":\"https:\/\/admin.industriall-union.org\/es\/la-siemens-employee-federation-hace-esfuerzos-para-la-sindicacion-de-los-trabajadores-precarios\/\",\"url\":\"https:\/\/admin.industriall-union.org\/es\/la-siemens-employee-federation-hace-esfuerzos-para-la-sindicacion-de-los-trabajadores-precarios\/\",\"name\":\"La Siemens Employee Federation hace esfuerzos para la sindicaci\u00f3n de los trabajadores precarios - industriall-union\",\"isPartOf\":{\"@id\":\"https:\/\/admin.industriall-union.org\/#website\"},\"datePublished\":\"2013-10-25T08:07:57+00:00\",\"dateModified\":\"2025-02-08T07:19:13+00:00\",\"description\":\"ILa IndustriALL Global Union organiz\u00f3 la reuni\u00f3n de la Red de la Siemens Employees Federation (SEF), del 16 al 18 de octubre en Thane, Maharashtra\",\"breadcrumb\":{\"@id\":\"https:\/\/admin.industriall-union.org\/es\/la-siemens-employee-federation-hace-esfuerzos-para-la-sindicacion-de-los-trabajadores-precarios\/#breadcrumb\"},\"inLanguage\":\"es-ES\",\"potentialAction\":[{\"@type\":\"ReadAction\",\"target\":[\"https:\/\/admin.industriall-union.org\/es\/la-siemens-employee-federation-hace-esfuerzos-para-la-sindicacion-de-los-trabajadores-precarios\/\"]}]},{\"@type\":\"BreadcrumbList\",\"@id\":\"https:\/\/admin.industriall-union.org\/es\/la-siemens-employee-federation-hace-esfuerzos-para-la-sindicacion-de-los-trabajadores-precarios\/#breadcrumb\",\"itemListElement\":[{\"@type\":\"ListItem\",\"position\":1,\"name\":\"Home\",\"item\":\"https:\/\/admin.industriall-union.org\/\"},{\"@type\":\"ListItem\",\"position\":2,\"name\":\"Articles\",\"item\":\"https:\/\/admin.industriall-union.org\/article\/\"},{\"@type\":\"ListItem\",\"position\":3,\"name\":\"La Siemens Employee Federation hace esfuerzos para la sindicaci\u00f3n de los trabajadores precarios\"}]},{\"@type\":\"WebSite\",\"@id\":\"https:\/\/admin.industriall-union.org\/#website\",\"url\":\"https:\/\/admin.industriall-union.org\/\",\"name\":\"industriall-union\",\"description\":\"\",\"potentialAction\":[{\"@type\":\"SearchAction\",\"target\":{\"@type\":\"EntryPoint\",\"urlTemplate\":\"https:\/\/admin.industriall-union.org\/?s={search_term_string}\"},\"query-input\":{\"@type\":\"PropertyValueSpecification\",\"valueRequired\":true,\"valueName\":\"search_term_string\"}}],\"inLanguage\":\"es-ES\"}]}<\/script>\n<!-- \/ Yoast SEO Premium plugin. -->","yoast_head_json":{"title":"La Siemens Employee Federation hace esfuerzos para la sindicaci\u00f3n de los trabajadores precarios - industriall-union","description":"ILa IndustriALL Global Union organiz\u00f3 la reuni\u00f3n de la Red de la Siemens Employees Federation (SEF), del 16 al 18 de octubre en Thane, Maharashtra","robots":{"index":"index","follow":"follow","max-snippet":"max-snippet:-1","max-image-preview":"max-image-preview:large","max-video-preview":"max-video-preview:-1"},"canonical":"https:\/\/admin.industriall-union.org\/es\/la-siemens-employee-federation-hace-esfuerzos-para-la-sindicacion-de-los-trabajadores-precarios\/","og_locale":"es_ES","og_type":"article","og_title":"La Siemens Employee Federation hace esfuerzos para la sindicaci\u00f3n de los trabajadores precarios","og_description":"ILa IndustriALL Global Union organiz\u00f3 la reuni\u00f3n de la Red de la Siemens Employees Federation (SEF), del 16 al 18 de octubre en Thane, Maharashtra","og_url":"https:\/\/admin.industriall-union.org\/es\/la-siemens-employee-federation-hace-esfuerzos-para-la-sindicacion-de-los-trabajadores-precarios\/","og_site_name":"industriall-union","article_modified_time":"2025-02-08T07:19:13+00:00","twitter_card":"summary_large_image","twitter_misc":{"Est. reading time":"4 minutes"},"schema":{"@context":"https:\/\/schema.org","@graph":[{"@type":"WebPage","@id":"https:\/\/admin.industriall-union.org\/es\/la-siemens-employee-federation-hace-esfuerzos-para-la-sindicacion-de-los-trabajadores-precarios\/","url":"https:\/\/admin.industriall-union.org\/es\/la-siemens-employee-federation-hace-esfuerzos-para-la-sindicacion-de-los-trabajadores-precarios\/","name":"La Siemens Employee Federation hace esfuerzos para la sindicaci\u00f3n de los trabajadores precarios - industriall-union","isPartOf":{"@id":"https:\/\/admin.industriall-union.org\/#website"},"datePublished":"2013-10-25T08:07:57+00:00","dateModified":"2025-02-08T07:19:13+00:00","description":"ILa IndustriALL Global Union organiz\u00f3 la reuni\u00f3n de la Red de la Siemens Employees Federation (SEF), del 16 al 18 de octubre en Thane, Maharashtra","breadcrumb":{"@id":"https:\/\/admin.industriall-union.org\/es\/la-siemens-employee-federation-hace-esfuerzos-para-la-sindicacion-de-los-trabajadores-precarios\/#breadcrumb"},"inLanguage":"es-ES","potentialAction":[{"@type":"ReadAction","target":["https:\/\/admin.industriall-union.org\/es\/la-siemens-employee-federation-hace-esfuerzos-para-la-sindicacion-de-los-trabajadores-precarios\/"]}]},{"@type":"BreadcrumbList","@id":"https:\/\/admin.industriall-union.org\/es\/la-siemens-employee-federation-hace-esfuerzos-para-la-sindicacion-de-los-trabajadores-precarios\/#breadcrumb","itemListElement":[{"@type":"ListItem","position":1,"name":"Home","item":"https:\/\/admin.industriall-union.org\/"},{"@type":"ListItem","position":2,"name":"Articles","item":"https:\/\/admin.industriall-union.org\/article\/"},{"@type":"ListItem","position":3,"name":"La Siemens Employee Federation hace esfuerzos para la sindicaci\u00f3n de los trabajadores precarios"}]},{"@type":"WebSite","@id":"https:\/\/admin.industriall-union.org\/#website","url":"https:\/\/admin.industriall-union.org\/","name":"industriall-union","description":"","potentialAction":[{"@type":"SearchAction","target":{"@type":"EntryPoint","urlTemplate":"https:\/\/admin.industriall-union.org\/?s={search_term_string}"},"query-input":{"@type":"PropertyValueSpecification","valueRequired":true,"valueName":"search_term_string"}}],"inLanguage":"es-ES"}]}},"_links":{"self":[{"href":"https:\/\/admin.industriall-union.org\/es\/wp-json\/wp\/v2\/article\/173065","targetHints":{"allow":["GET"]}}],"collection":[{"href":"https:\/\/admin.industriall-union.org\/es\/wp-json\/wp\/v2\/article"}],"about":[{"href":"https:\/\/admin.industriall-union.org\/es\/wp-json\/wp\/v2\/types\/article"}],"wp:attachment":[{"href":"https:\/\/admin.industriall-union.org\/es\/wp-json\/wp\/v2\/media?parent=173065"}],"wp:term":[{"taxonomy":"issues","embeddable":true,"href":"https:\/\/admin.industriall-union.org\/es\/wp-json\/wp\/v2\/issues?post=173065"},{"taxonomy":"companies","embeddable":true,"href":"https:\/\/admin.industriall-union.org\/es\/wp-json\/wp\/v2\/companies?post=173065"},{"taxonomy":"regions","embeddable":true,"href":"https:\/\/admin.industriall-union.org\/es\/wp-json\/wp\/v2\/regions?post=173065"},{"taxonomy":"sectors","embeddable":true,"href":"https:\/\/admin.industriall-union.org\/es\/wp-json\/wp\/v2\/sectors?post=173065"},{"taxonomy":"article_tags","embeddable":true,"href":"https:\/\/admin.industriall-union.org\/es\/wp-json\/wp\/v2\/article_tags?post=173065"}],"curies":[{"name":"wp","href":"https:\/\/api.w.org\/{rel}","templated":true}]}}