{"id":172979,"date":"2013-11-06T08:48:53","date_gmt":"2013-11-06T08:48:53","guid":{"rendered":"https:\/\/admin.industriall-union.org\/trabajadores-paquistanies-demandan-vivienda-y-pensiones\/"},"modified":"2025-02-08T07:05:16","modified_gmt":"2025-02-08T07:05:16","slug":"trabajadores-paquistanies-demandan-vivienda-y-pensiones","status":"publish","type":"article","link":"https:\/\/admin.industriall-union.org\/es\/trabajadores-paquistanies-demandan-vivienda-y-pensiones\/","title":{"rendered":"Trabajadores paquistan\u00edes demandan vivienda y pensiones"},"content":{"rendered":"<p>Activistas sindicales, incluidos los del afiliado paquistan\u00ed a la IndustriALL la National Trade Union Federation (NTUF), participaron en la manifestaci\u00f3n organizada conjuntamente por la NTUF, el SITE Labour Forum y el Trade Union Action Committee.<\/p><p>Los manifestantes exigieron la expulsi\u00f3n de los ocupantes ilegales de 4.000 pisos asignados a los trabajadores hace cinco a\u00f1os, como parte del programa del Gobierno. A pesar de todo tipo de dep\u00f3sitos pagados por los trabajadores, los pisos fueron ocupados por inquilinos ilegales controlados por la mafia local de la tierra y, debido a la inactividad gubernamental, 4.000 trabajadores y sus familias no han podido acceder a su vivienda.<\/p><p>Los trabajadores pidieron tambi\u00e9n al Gobierno que libere 40.000 millones PKR (276,3 millones de euros) prometidos a la Junta de Bienestar de los Trabajadores de Sindh para mantener los sistemas de protecci\u00f3n social de los trabajadores, incluida la financiaci\u00f3n de las becas educativas de sus hijos, las subvenciones de dote y defunci\u00f3n, etc.<\/p><p>Otra demanda corresponde a la situaci\u00f3n en los hospitales, que se pagan mediante contribuciones de los trabajadores a la Instituci\u00f3n de la Seguridad Social de los Empleados de Sindh (SESSI). Seg\u00fan los activistas sindicales, se encuentran en un estado deplorable, y en algunos casos se proporcionan a los trabajadores medicamentos falsos. Adem\u00e1s, casi el 90 por ciento de los trabajadores han estado privados hasta ahora de los sistemas de protecci\u00f3n social de la SESSI debido a un trato injusto por funcionarios de la SESSI, que, en connivencia con los empleadores, no expiden a los trabajadores las tarjetas que les dan derecho a los mencionados beneficios.<\/p><p>Un orador se refiri\u00f3 al problema de la apropiaci\u00f3n indebida de mil millones de rupias por el Instituto de Prestaciones de Vejez de los empleados (EOBI), lo que obstaculiza el pago de pensiones de los trabajadores. De hecho, el Tribunal Supremo de Paquist\u00e1n est\u00e1 tratando ya esta pr\u00e1ctica desleal.<\/p><p>Otros problemas mencionados por los manifestantes fueron el empleo precario, que impide a la mayor\u00eda de los trabajadores incluso el acceso al escaso sistema de protecci\u00f3n social y al reducido salario m\u00ednimo, y obliga a la gente a trabajar 12-14 horas diarias.<\/p><p>En la declaraci\u00f3n conjunta, los manifestantes pidieron que se registre a todos los trabajadores en el EOBI y la SESSI, y una acci\u00f3n estricta contra los propietarios de industrias que no cumplen al respecto. Tambi\u00e9n reclamaron elevar la pensi\u00f3n al nivel del salario m\u00ednimo.<\/p>","protected":false},"featured_media":0,"template":"","issues":[425],"companies":[],"regions":[182],"sectors":[],"article_tags":[518],"class_list":["post-172979","article","type-article","status-publish","hentry","issues-workers-rights","regions-pakistan","article_tags-pensions"],"acf":[],"yoast_head":"<!-- This site is optimized with the Yoast SEO Premium plugin v27.1 (Yoast SEO v27.1) - https:\/\/yoast.com\/product\/yoast-seo-premium-wordpress\/ -->\n<title>Trabajadores paquistan\u00edes demandan vivienda y pensiones - industriall-union<\/title>\n<meta name=\"description\" content=\"Activistas sindicales, incluidos los del afiliado paquistan\u00ed a la IndustriALL la National Trade Union Federation (NTUF), participaron en la manifestaci\u00f3n\" \/>\n<meta name=\"robots\" content=\"index, follow, max-snippet:-1, max-image-preview:large, max-video-preview:-1\" \/>\n<link rel=\"canonical\" href=\"https:\/\/admin.industriall-union.org\/es\/trabajadores-paquistanies-demandan-vivienda-y-pensiones\/\" \/>\n<meta property=\"og:locale\" content=\"es_ES\" \/>\n<meta property=\"og:type\" content=\"article\" \/>\n<meta property=\"og:title\" content=\"Trabajadores paquistan\u00edes demandan vivienda y pensiones\" \/>\n<meta property=\"og:description\" content=\"Activistas sindicales, incluidos los del afiliado paquistan\u00ed a la IndustriALL la National Trade Union Federation (NTUF), participaron en la manifestaci\u00f3n\" \/>\n<meta property=\"og:url\" content=\"https:\/\/admin.industriall-union.org\/es\/trabajadores-paquistanies-demandan-vivienda-y-pensiones\/\" \/>\n<meta property=\"og:site_name\" content=\"industriall-union\" \/>\n<meta property=\"article:modified_time\" content=\"2025-02-08T07:05:16+00:00\" \/>\n<meta name=\"twitter:card\" content=\"summary_large_image\" \/>\n<meta name=\"twitter:label1\" content=\"Est. reading time\" \/>\n\t<meta name=\"twitter:data1\" content=\"2 minutes\" \/>\n<script type=\"application\/ld+json\" class=\"yoast-schema-graph\">{\"@context\":\"https:\/\/schema.org\",\"@graph\":[{\"@type\":\"WebPage\",\"@id\":\"https:\/\/admin.industriall-union.org\/es\/trabajadores-paquistanies-demandan-vivienda-y-pensiones\/\",\"url\":\"https:\/\/admin.industriall-union.org\/es\/trabajadores-paquistanies-demandan-vivienda-y-pensiones\/\",\"name\":\"Trabajadores paquistan\u00edes demandan vivienda y pensiones - industriall-union\",\"isPartOf\":{\"@id\":\"https:\/\/admin.industriall-union.org\/#website\"},\"datePublished\":\"2013-11-06T08:48:53+00:00\",\"dateModified\":\"2025-02-08T07:05:16+00:00\",\"description\":\"Activistas sindicales, incluidos los del afiliado paquistan\u00ed a la IndustriALL la National Trade Union Federation (NTUF), participaron en la manifestaci\u00f3n\",\"breadcrumb\":{\"@id\":\"https:\/\/admin.industriall-union.org\/es\/trabajadores-paquistanies-demandan-vivienda-y-pensiones\/#breadcrumb\"},\"inLanguage\":\"es-ES\",\"potentialAction\":[{\"@type\":\"ReadAction\",\"target\":[\"https:\/\/admin.industriall-union.org\/es\/trabajadores-paquistanies-demandan-vivienda-y-pensiones\/\"]}]},{\"@type\":\"BreadcrumbList\",\"@id\":\"https:\/\/admin.industriall-union.org\/es\/trabajadores-paquistanies-demandan-vivienda-y-pensiones\/#breadcrumb\",\"itemListElement\":[{\"@type\":\"ListItem\",\"position\":1,\"name\":\"Home\",\"item\":\"https:\/\/admin.industriall-union.org\/\"},{\"@type\":\"ListItem\",\"position\":2,\"name\":\"Articles\",\"item\":\"https:\/\/admin.industriall-union.org\/article\/\"},{\"@type\":\"ListItem\",\"position\":3,\"name\":\"Trabajadores paquistan\u00edes demandan vivienda y pensiones\"}]},{\"@type\":\"WebSite\",\"@id\":\"https:\/\/admin.industriall-union.org\/#website\",\"url\":\"https:\/\/admin.industriall-union.org\/\",\"name\":\"industriall-union\",\"description\":\"\",\"potentialAction\":[{\"@type\":\"SearchAction\",\"target\":{\"@type\":\"EntryPoint\",\"urlTemplate\":\"https:\/\/admin.industriall-union.org\/?s={search_term_string}\"},\"query-input\":{\"@type\":\"PropertyValueSpecification\",\"valueRequired\":true,\"valueName\":\"search_term_string\"}}],\"inLanguage\":\"es-ES\"}]}<\/script>\n<!-- \/ Yoast SEO Premium plugin. -->","yoast_head_json":{"title":"Trabajadores paquistan\u00edes demandan vivienda y pensiones - industriall-union","description":"Activistas sindicales, incluidos los del afiliado paquistan\u00ed a la IndustriALL la National Trade Union Federation (NTUF), participaron en la manifestaci\u00f3n","robots":{"index":"index","follow":"follow","max-snippet":"max-snippet:-1","max-image-preview":"max-image-preview:large","max-video-preview":"max-video-preview:-1"},"canonical":"https:\/\/admin.industriall-union.org\/es\/trabajadores-paquistanies-demandan-vivienda-y-pensiones\/","og_locale":"es_ES","og_type":"article","og_title":"Trabajadores paquistan\u00edes demandan vivienda y pensiones","og_description":"Activistas sindicales, incluidos los del afiliado paquistan\u00ed a la IndustriALL la National Trade Union Federation (NTUF), participaron en la manifestaci\u00f3n","og_url":"https:\/\/admin.industriall-union.org\/es\/trabajadores-paquistanies-demandan-vivienda-y-pensiones\/","og_site_name":"industriall-union","article_modified_time":"2025-02-08T07:05:16+00:00","twitter_card":"summary_large_image","twitter_misc":{"Est. reading time":"2 minutes"},"schema":{"@context":"https:\/\/schema.org","@graph":[{"@type":"WebPage","@id":"https:\/\/admin.industriall-union.org\/es\/trabajadores-paquistanies-demandan-vivienda-y-pensiones\/","url":"https:\/\/admin.industriall-union.org\/es\/trabajadores-paquistanies-demandan-vivienda-y-pensiones\/","name":"Trabajadores paquistan\u00edes demandan vivienda y pensiones - industriall-union","isPartOf":{"@id":"https:\/\/admin.industriall-union.org\/#website"},"datePublished":"2013-11-06T08:48:53+00:00","dateModified":"2025-02-08T07:05:16+00:00","description":"Activistas sindicales, incluidos los del afiliado paquistan\u00ed a la IndustriALL la National Trade Union Federation (NTUF), participaron en la manifestaci\u00f3n","breadcrumb":{"@id":"https:\/\/admin.industriall-union.org\/es\/trabajadores-paquistanies-demandan-vivienda-y-pensiones\/#breadcrumb"},"inLanguage":"es-ES","potentialAction":[{"@type":"ReadAction","target":["https:\/\/admin.industriall-union.org\/es\/trabajadores-paquistanies-demandan-vivienda-y-pensiones\/"]}]},{"@type":"BreadcrumbList","@id":"https:\/\/admin.industriall-union.org\/es\/trabajadores-paquistanies-demandan-vivienda-y-pensiones\/#breadcrumb","itemListElement":[{"@type":"ListItem","position":1,"name":"Home","item":"https:\/\/admin.industriall-union.org\/"},{"@type":"ListItem","position":2,"name":"Articles","item":"https:\/\/admin.industriall-union.org\/article\/"},{"@type":"ListItem","position":3,"name":"Trabajadores paquistan\u00edes demandan vivienda y pensiones"}]},{"@type":"WebSite","@id":"https:\/\/admin.industriall-union.org\/#website","url":"https:\/\/admin.industriall-union.org\/","name":"industriall-union","description":"","potentialAction":[{"@type":"SearchAction","target":{"@type":"EntryPoint","urlTemplate":"https:\/\/admin.industriall-union.org\/?s={search_term_string}"},"query-input":{"@type":"PropertyValueSpecification","valueRequired":true,"valueName":"search_term_string"}}],"inLanguage":"es-ES"}]}},"_links":{"self":[{"href":"https:\/\/admin.industriall-union.org\/es\/wp-json\/wp\/v2\/article\/172979","targetHints":{"allow":["GET"]}}],"collection":[{"href":"https:\/\/admin.industriall-union.org\/es\/wp-json\/wp\/v2\/article"}],"about":[{"href":"https:\/\/admin.industriall-union.org\/es\/wp-json\/wp\/v2\/types\/article"}],"wp:attachment":[{"href":"https:\/\/admin.industriall-union.org\/es\/wp-json\/wp\/v2\/media?parent=172979"}],"wp:term":[{"taxonomy":"issues","embeddable":true,"href":"https:\/\/admin.industriall-union.org\/es\/wp-json\/wp\/v2\/issues?post=172979"},{"taxonomy":"companies","embeddable":true,"href":"https:\/\/admin.industriall-union.org\/es\/wp-json\/wp\/v2\/companies?post=172979"},{"taxonomy":"regions","embeddable":true,"href":"https:\/\/admin.industriall-union.org\/es\/wp-json\/wp\/v2\/regions?post=172979"},{"taxonomy":"sectors","embeddable":true,"href":"https:\/\/admin.industriall-union.org\/es\/wp-json\/wp\/v2\/sectors?post=172979"},{"taxonomy":"article_tags","embeddable":true,"href":"https:\/\/admin.industriall-union.org\/es\/wp-json\/wp\/v2\/article_tags?post=172979"}],"curies":[{"name":"wp","href":"https:\/\/api.w.org\/{rel}","templated":true}]}}