{"id":172955,"date":"2013-11-11T15:43:35","date_gmt":"2013-11-11T15:43:35","guid":{"rendered":"https:\/\/admin.industriall-union.org\/termina-protesta-sindical-en-el-peru\/"},"modified":"2025-02-08T06:55:24","modified_gmt":"2025-02-08T06:55:24","slug":"termina-protesta-sindical-en-el-peru","status":"publish","type":"article","link":"https:\/\/admin.industriall-union.org\/es\/termina-protesta-sindical-en-el-peru\/","title":{"rendered":"Termina protesta sindical en el Per\u00fa"},"content":{"rendered":"<p>Los trabajadores no lograron su objetivo de obligar a la empresa a respetar una decisi\u00f3n reciente del gobierno que reconoc\u00eda que los trabajadores ten\u00edan contratos permanentes en esa empresa. Sin embargo tuvieron \u00e9xito en cuanto a centrar la atenci\u00f3n en la farsa de los abusivos contratos &nbsp;que se usan en el Per\u00fa en el rubro de &ldquo;exportaciones no tradicionales&rdquo;. El sindicato tambi\u00e9n logr\u00f3 avanzar en su lucha en favor del trabajo permanente: si no tuviera \u00e9xito la apelaci\u00f3n de Hialpesa para revocar el fallo emitido a favor de los trabajadores, la empresa se ha comprometido a permitir que los trabajadores a contrata pasen a ser empleados permanentes.<\/p><p>Los miembros del sindicato de Hialpesa est\u00e1n decididos a seguir luchando por sus derechos a trav\u00e9s de todos los canales posibles, y tienen pleno apoyo de IndustriALL: los contratos para exportaciones no tradicionales del Per\u00fa son un tema prioritario para nuestro sindicato mundial.<\/p><p>IndustriALL Global Union ha advertido a las marcas que compran productos de Hialpesa que, si bien el conflicto inmediato ha pasado, sigue sin soluci\u00f3n el problema de fondo, el cual debe ser abordado.<\/p>","protected":false},"featured_media":0,"template":"","issues":[425],"companies":[],"regions":[279],"sectors":[464],"article_tags":[],"class_list":["post-172955","article","type-article","status-publish","hentry","issues-workers-rights","regions-peru","sectors-textile-leather-garment-shoes-and-textile-services"],"acf":[],"yoast_head":"<!-- This site is optimized with the Yoast SEO Premium plugin v27.1 (Yoast SEO v27.1) - https:\/\/yoast.com\/product\/yoast-seo-premium-wordpress\/ -->\n<title>Termina protesta sindical en el Per\u00fa - industriall-union<\/title>\n<meta name=\"description\" content=\"Los trabajadores no lograron su objetivo de obligar a la empresa a respetar una decisi\u00f3n reciente del gobierno que reconoc\u00eda que los trabajadores ten\u00edan\" \/>\n<meta name=\"robots\" content=\"index, follow, max-snippet:-1, max-image-preview:large, max-video-preview:-1\" \/>\n<link rel=\"canonical\" href=\"https:\/\/admin.industriall-union.org\/es\/termina-protesta-sindical-en-el-peru\/\" \/>\n<meta property=\"og:locale\" content=\"es_ES\" \/>\n<meta property=\"og:type\" content=\"article\" \/>\n<meta property=\"og:title\" content=\"Termina protesta sindical en el Per\u00fa\" \/>\n<meta property=\"og:description\" content=\"Los trabajadores no lograron su objetivo de obligar a la empresa a respetar una decisi\u00f3n reciente del gobierno que reconoc\u00eda que los trabajadores ten\u00edan\" \/>\n<meta property=\"og:url\" content=\"https:\/\/admin.industriall-union.org\/es\/termina-protesta-sindical-en-el-peru\/\" \/>\n<meta property=\"og:site_name\" content=\"industriall-union\" \/>\n<meta property=\"article:modified_time\" content=\"2025-02-08T06:55:24+00:00\" \/>\n<meta name=\"twitter:card\" content=\"summary_large_image\" \/>\n<meta name=\"twitter:label1\" content=\"Est. reading time\" \/>\n\t<meta name=\"twitter:data1\" content=\"1 minute\" \/>\n<script type=\"application\/ld+json\" class=\"yoast-schema-graph\">{\"@context\":\"https:\/\/schema.org\",\"@graph\":[{\"@type\":\"WebPage\",\"@id\":\"https:\/\/admin.industriall-union.org\/es\/termina-protesta-sindical-en-el-peru\/\",\"url\":\"https:\/\/admin.industriall-union.org\/es\/termina-protesta-sindical-en-el-peru\/\",\"name\":\"Termina protesta sindical en el Per\u00fa - industriall-union\",\"isPartOf\":{\"@id\":\"https:\/\/admin.industriall-union.org\/#website\"},\"datePublished\":\"2013-11-11T15:43:35+00:00\",\"dateModified\":\"2025-02-08T06:55:24+00:00\",\"description\":\"Los trabajadores no lograron su objetivo de obligar a la empresa a respetar una decisi\u00f3n reciente del gobierno que reconoc\u00eda que los trabajadores ten\u00edan\",\"breadcrumb\":{\"@id\":\"https:\/\/admin.industriall-union.org\/es\/termina-protesta-sindical-en-el-peru\/#breadcrumb\"},\"inLanguage\":\"es-ES\",\"potentialAction\":[{\"@type\":\"ReadAction\",\"target\":[\"https:\/\/admin.industriall-union.org\/es\/termina-protesta-sindical-en-el-peru\/\"]}]},{\"@type\":\"BreadcrumbList\",\"@id\":\"https:\/\/admin.industriall-union.org\/es\/termina-protesta-sindical-en-el-peru\/#breadcrumb\",\"itemListElement\":[{\"@type\":\"ListItem\",\"position\":1,\"name\":\"Home\",\"item\":\"https:\/\/admin.industriall-union.org\/\"},{\"@type\":\"ListItem\",\"position\":2,\"name\":\"Articles\",\"item\":\"https:\/\/admin.industriall-union.org\/article\/\"},{\"@type\":\"ListItem\",\"position\":3,\"name\":\"Termina protesta sindical en el Per\u00fa\"}]},{\"@type\":\"WebSite\",\"@id\":\"https:\/\/admin.industriall-union.org\/#website\",\"url\":\"https:\/\/admin.industriall-union.org\/\",\"name\":\"industriall-union\",\"description\":\"\",\"potentialAction\":[{\"@type\":\"SearchAction\",\"target\":{\"@type\":\"EntryPoint\",\"urlTemplate\":\"https:\/\/admin.industriall-union.org\/?s={search_term_string}\"},\"query-input\":{\"@type\":\"PropertyValueSpecification\",\"valueRequired\":true,\"valueName\":\"search_term_string\"}}],\"inLanguage\":\"es-ES\"}]}<\/script>\n<!-- \/ Yoast SEO Premium plugin. -->","yoast_head_json":{"title":"Termina protesta sindical en el Per\u00fa - industriall-union","description":"Los trabajadores no lograron su objetivo de obligar a la empresa a respetar una decisi\u00f3n reciente del gobierno que reconoc\u00eda que los trabajadores ten\u00edan","robots":{"index":"index","follow":"follow","max-snippet":"max-snippet:-1","max-image-preview":"max-image-preview:large","max-video-preview":"max-video-preview:-1"},"canonical":"https:\/\/admin.industriall-union.org\/es\/termina-protesta-sindical-en-el-peru\/","og_locale":"es_ES","og_type":"article","og_title":"Termina protesta sindical en el Per\u00fa","og_description":"Los trabajadores no lograron su objetivo de obligar a la empresa a respetar una decisi\u00f3n reciente del gobierno que reconoc\u00eda que los trabajadores ten\u00edan","og_url":"https:\/\/admin.industriall-union.org\/es\/termina-protesta-sindical-en-el-peru\/","og_site_name":"industriall-union","article_modified_time":"2025-02-08T06:55:24+00:00","twitter_card":"summary_large_image","twitter_misc":{"Est. reading time":"1 minute"},"schema":{"@context":"https:\/\/schema.org","@graph":[{"@type":"WebPage","@id":"https:\/\/admin.industriall-union.org\/es\/termina-protesta-sindical-en-el-peru\/","url":"https:\/\/admin.industriall-union.org\/es\/termina-protesta-sindical-en-el-peru\/","name":"Termina protesta sindical en el Per\u00fa - industriall-union","isPartOf":{"@id":"https:\/\/admin.industriall-union.org\/#website"},"datePublished":"2013-11-11T15:43:35+00:00","dateModified":"2025-02-08T06:55:24+00:00","description":"Los trabajadores no lograron su objetivo de obligar a la empresa a respetar una decisi\u00f3n reciente del gobierno que reconoc\u00eda que los trabajadores ten\u00edan","breadcrumb":{"@id":"https:\/\/admin.industriall-union.org\/es\/termina-protesta-sindical-en-el-peru\/#breadcrumb"},"inLanguage":"es-ES","potentialAction":[{"@type":"ReadAction","target":["https:\/\/admin.industriall-union.org\/es\/termina-protesta-sindical-en-el-peru\/"]}]},{"@type":"BreadcrumbList","@id":"https:\/\/admin.industriall-union.org\/es\/termina-protesta-sindical-en-el-peru\/#breadcrumb","itemListElement":[{"@type":"ListItem","position":1,"name":"Home","item":"https:\/\/admin.industriall-union.org\/"},{"@type":"ListItem","position":2,"name":"Articles","item":"https:\/\/admin.industriall-union.org\/article\/"},{"@type":"ListItem","position":3,"name":"Termina protesta sindical en el Per\u00fa"}]},{"@type":"WebSite","@id":"https:\/\/admin.industriall-union.org\/#website","url":"https:\/\/admin.industriall-union.org\/","name":"industriall-union","description":"","potentialAction":[{"@type":"SearchAction","target":{"@type":"EntryPoint","urlTemplate":"https:\/\/admin.industriall-union.org\/?s={search_term_string}"},"query-input":{"@type":"PropertyValueSpecification","valueRequired":true,"valueName":"search_term_string"}}],"inLanguage":"es-ES"}]}},"_links":{"self":[{"href":"https:\/\/admin.industriall-union.org\/es\/wp-json\/wp\/v2\/article\/172955","targetHints":{"allow":["GET"]}}],"collection":[{"href":"https:\/\/admin.industriall-union.org\/es\/wp-json\/wp\/v2\/article"}],"about":[{"href":"https:\/\/admin.industriall-union.org\/es\/wp-json\/wp\/v2\/types\/article"}],"wp:attachment":[{"href":"https:\/\/admin.industriall-union.org\/es\/wp-json\/wp\/v2\/media?parent=172955"}],"wp:term":[{"taxonomy":"issues","embeddable":true,"href":"https:\/\/admin.industriall-union.org\/es\/wp-json\/wp\/v2\/issues?post=172955"},{"taxonomy":"companies","embeddable":true,"href":"https:\/\/admin.industriall-union.org\/es\/wp-json\/wp\/v2\/companies?post=172955"},{"taxonomy":"regions","embeddable":true,"href":"https:\/\/admin.industriall-union.org\/es\/wp-json\/wp\/v2\/regions?post=172955"},{"taxonomy":"sectors","embeddable":true,"href":"https:\/\/admin.industriall-union.org\/es\/wp-json\/wp\/v2\/sectors?post=172955"},{"taxonomy":"article_tags","embeddable":true,"href":"https:\/\/admin.industriall-union.org\/es\/wp-json\/wp\/v2\/article_tags?post=172955"}],"curies":[{"name":"wp","href":"https:\/\/api.w.org\/{rel}","templated":true}]}}