{"id":172900,"date":"2013-11-14T12:51:06","date_gmt":"2013-11-14T12:51:06","guid":{"rendered":"https:\/\/admin.industriall-union.org\/persecucion-sindical-continua-en-colombia-detenido-dirigente-de-la-uso\/"},"modified":"2025-02-08T06:50:06","modified_gmt":"2025-02-08T06:50:06","slug":"persecucion-sindical-continua-en-colombia-detenido-dirigente-de-la-uso","status":"publish","type":"article","link":"https:\/\/admin.industriall-union.org\/es\/persecucion-sindical-continua-en-colombia-detenido-dirigente-de-la-uso\/","title":{"rendered":"Persecuci\u00f3n sindical contin\u00faa en Colombia: Detenido dirigente de la USO"},"content":{"rendered":"<p>Los trabajadores de la USO, organizaci\u00f3n afiliada a IndustriALL, denunciaron la detenci\u00f3n de Dar\u00edo C\u00e1rdenas, e informaron acudir\u00e1n a las instancias nacionales e internacionales que sean necesarias para que cese la persecuci\u00f3n contra la organizaci\u00f3n.<\/p><p>&ldquo;Es claro que existe una estrategia articulada entre el Gobierno, los organismos de seguridad del Estado y las empresas petroleras, en especial PACIFIC RUBIALES ENERGY, para impedir a toda costa, que la UNI\u00d3N SINDICAL OBRERA USO, llegue a las nuevas zonas de explotaci\u00f3n petrolera en el Departamento del Meta, como quiera que \u00e9sta es la mayor regi\u00f3n productora de petr\u00f3leo del pa\u00eds. Este es un nuevo ataque del Estado contra el sindicalismo en donde se confirma un principio b\u00e1sico del establecimiento: dirigente que no es asesinado por el paramilitarismo o las fuerzas militares, debe ser judicializado y llevado a la c\u00e1rcel. Nos encontramos ante una presunta alianza perversa de empresarios, funcionarios judiciales prevaricadores y miembros de la fuerza p\u00fablica, comprometidos en una cruzada para obstruir las libertades sindicales y penalizar la actividad de las organizaciones obreras&rdquo;, se\u00f1al\u00f3 la organizaci\u00f3n sindical.<br \/><br \/>La USO reiter\u00f3 que la detenci\u00f3n del compa\u00f1ero es un montaje judicial que corrobora la amenaza al libre ejercicio de la actividad sindical, la cual se combina con una campa\u00f1a de panfletos, calumnias y amenazas contra los dirigentes y sus familias.<\/p><p>IndustriALL Global Union repudia este lamentable hecho de persecuci\u00f3n sindical al compa\u00f1ero Dar\u00edo C\u00e1rdenas, estas actitudes son&nbsp; violaciones de los derechos sindicales y por ende IndustriALL Global Union se solidariza con la USO, respaldando su accionar en todo lo que se relacione a la defensa de los intereses de los trabajadores colombianos.&nbsp;<\/p>","protected":false},"featured_media":0,"template":"","issues":[422,424],"companies":[103],"regions":[264],"sectors":[483],"article_tags":[],"class_list":["post-172900","article","type-article","status-publish","hentry","issues-human-trade-union-rights","issues-violation","companies-pacific-rubiales-energy","regions-colombia","sectors-energy-oil-gas-electricity-and-nuclear"],"acf":[],"yoast_head":"<!-- This site is optimized with the Yoast SEO Premium plugin v27.1 (Yoast SEO v27.1) - https:\/\/yoast.com\/product\/yoast-seo-premium-wordpress\/ -->\n<title>Persecuci\u00f3n sindical contin\u00faa en Colombia: Detenido dirigente de la USO - industriall-union<\/title>\n<meta name=\"description\" content=\"Los trabajadores de la USO, organizaci\u00f3n afiliada a IndustriALL, denunciaron la detenci\u00f3n de Dar\u00edo C\u00e1rdenas, e informaron acudir\u00e1n a las instancias\" \/>\n<meta name=\"robots\" content=\"index, follow, max-snippet:-1, max-image-preview:large, max-video-preview:-1\" \/>\n<link rel=\"canonical\" href=\"https:\/\/admin.industriall-union.org\/es\/persecucion-sindical-continua-en-colombia-detenido-dirigente-de-la-uso\/\" \/>\n<meta property=\"og:locale\" content=\"es_ES\" \/>\n<meta property=\"og:type\" content=\"article\" \/>\n<meta property=\"og:title\" content=\"Persecuci\u00f3n sindical contin\u00faa en Colombia: Detenido dirigente de la USO\" \/>\n<meta property=\"og:description\" content=\"Los trabajadores de la USO, organizaci\u00f3n afiliada a IndustriALL, denunciaron la detenci\u00f3n de Dar\u00edo C\u00e1rdenas, e informaron acudir\u00e1n a las instancias\" \/>\n<meta property=\"og:url\" content=\"https:\/\/admin.industriall-union.org\/es\/persecucion-sindical-continua-en-colombia-detenido-dirigente-de-la-uso\/\" \/>\n<meta property=\"og:site_name\" content=\"industriall-union\" \/>\n<meta property=\"article:modified_time\" content=\"2025-02-08T06:50:06+00:00\" \/>\n<meta name=\"twitter:card\" content=\"summary_large_image\" \/>\n<meta name=\"twitter:label1\" content=\"Est. reading time\" \/>\n\t<meta name=\"twitter:data1\" content=\"1 minute\" \/>\n<script type=\"application\/ld+json\" class=\"yoast-schema-graph\">{\"@context\":\"https:\/\/schema.org\",\"@graph\":[{\"@type\":\"WebPage\",\"@id\":\"https:\/\/admin.industriall-union.org\/es\/persecucion-sindical-continua-en-colombia-detenido-dirigente-de-la-uso\/\",\"url\":\"https:\/\/admin.industriall-union.org\/es\/persecucion-sindical-continua-en-colombia-detenido-dirigente-de-la-uso\/\",\"name\":\"Persecuci\u00f3n sindical contin\u00faa en Colombia: Detenido dirigente de la USO - industriall-union\",\"isPartOf\":{\"@id\":\"https:\/\/admin.industriall-union.org\/#website\"},\"datePublished\":\"2013-11-14T12:51:06+00:00\",\"dateModified\":\"2025-02-08T06:50:06+00:00\",\"description\":\"Los trabajadores de la USO, organizaci\u00f3n afiliada a IndustriALL, denunciaron la detenci\u00f3n de Dar\u00edo C\u00e1rdenas, e informaron acudir\u00e1n a las instancias\",\"breadcrumb\":{\"@id\":\"https:\/\/admin.industriall-union.org\/es\/persecucion-sindical-continua-en-colombia-detenido-dirigente-de-la-uso\/#breadcrumb\"},\"inLanguage\":\"es-ES\",\"potentialAction\":[{\"@type\":\"ReadAction\",\"target\":[\"https:\/\/admin.industriall-union.org\/es\/persecucion-sindical-continua-en-colombia-detenido-dirigente-de-la-uso\/\"]}]},{\"@type\":\"BreadcrumbList\",\"@id\":\"https:\/\/admin.industriall-union.org\/es\/persecucion-sindical-continua-en-colombia-detenido-dirigente-de-la-uso\/#breadcrumb\",\"itemListElement\":[{\"@type\":\"ListItem\",\"position\":1,\"name\":\"Home\",\"item\":\"https:\/\/admin.industriall-union.org\/\"},{\"@type\":\"ListItem\",\"position\":2,\"name\":\"Articles\",\"item\":\"https:\/\/admin.industriall-union.org\/article\/\"},{\"@type\":\"ListItem\",\"position\":3,\"name\":\"Persecuci\u00f3n sindical contin\u00faa en Colombia: Detenido dirigente de la USO\"}]},{\"@type\":\"WebSite\",\"@id\":\"https:\/\/admin.industriall-union.org\/#website\",\"url\":\"https:\/\/admin.industriall-union.org\/\",\"name\":\"industriall-union\",\"description\":\"\",\"potentialAction\":[{\"@type\":\"SearchAction\",\"target\":{\"@type\":\"EntryPoint\",\"urlTemplate\":\"https:\/\/admin.industriall-union.org\/?s={search_term_string}\"},\"query-input\":{\"@type\":\"PropertyValueSpecification\",\"valueRequired\":true,\"valueName\":\"search_term_string\"}}],\"inLanguage\":\"es-ES\"}]}<\/script>\n<!-- \/ Yoast SEO Premium plugin. -->","yoast_head_json":{"title":"Persecuci\u00f3n sindical contin\u00faa en Colombia: Detenido dirigente de la USO - industriall-union","description":"Los trabajadores de la USO, organizaci\u00f3n afiliada a IndustriALL, denunciaron la detenci\u00f3n de Dar\u00edo C\u00e1rdenas, e informaron acudir\u00e1n a las instancias","robots":{"index":"index","follow":"follow","max-snippet":"max-snippet:-1","max-image-preview":"max-image-preview:large","max-video-preview":"max-video-preview:-1"},"canonical":"https:\/\/admin.industriall-union.org\/es\/persecucion-sindical-continua-en-colombia-detenido-dirigente-de-la-uso\/","og_locale":"es_ES","og_type":"article","og_title":"Persecuci\u00f3n sindical contin\u00faa en Colombia: Detenido dirigente de la USO","og_description":"Los trabajadores de la USO, organizaci\u00f3n afiliada a IndustriALL, denunciaron la detenci\u00f3n de Dar\u00edo C\u00e1rdenas, e informaron acudir\u00e1n a las instancias","og_url":"https:\/\/admin.industriall-union.org\/es\/persecucion-sindical-continua-en-colombia-detenido-dirigente-de-la-uso\/","og_site_name":"industriall-union","article_modified_time":"2025-02-08T06:50:06+00:00","twitter_card":"summary_large_image","twitter_misc":{"Est. reading time":"1 minute"},"schema":{"@context":"https:\/\/schema.org","@graph":[{"@type":"WebPage","@id":"https:\/\/admin.industriall-union.org\/es\/persecucion-sindical-continua-en-colombia-detenido-dirigente-de-la-uso\/","url":"https:\/\/admin.industriall-union.org\/es\/persecucion-sindical-continua-en-colombia-detenido-dirigente-de-la-uso\/","name":"Persecuci\u00f3n sindical contin\u00faa en Colombia: Detenido dirigente de la USO - industriall-union","isPartOf":{"@id":"https:\/\/admin.industriall-union.org\/#website"},"datePublished":"2013-11-14T12:51:06+00:00","dateModified":"2025-02-08T06:50:06+00:00","description":"Los trabajadores de la USO, organizaci\u00f3n afiliada a IndustriALL, denunciaron la detenci\u00f3n de Dar\u00edo C\u00e1rdenas, e informaron acudir\u00e1n a las instancias","breadcrumb":{"@id":"https:\/\/admin.industriall-union.org\/es\/persecucion-sindical-continua-en-colombia-detenido-dirigente-de-la-uso\/#breadcrumb"},"inLanguage":"es-ES","potentialAction":[{"@type":"ReadAction","target":["https:\/\/admin.industriall-union.org\/es\/persecucion-sindical-continua-en-colombia-detenido-dirigente-de-la-uso\/"]}]},{"@type":"BreadcrumbList","@id":"https:\/\/admin.industriall-union.org\/es\/persecucion-sindical-continua-en-colombia-detenido-dirigente-de-la-uso\/#breadcrumb","itemListElement":[{"@type":"ListItem","position":1,"name":"Home","item":"https:\/\/admin.industriall-union.org\/"},{"@type":"ListItem","position":2,"name":"Articles","item":"https:\/\/admin.industriall-union.org\/article\/"},{"@type":"ListItem","position":3,"name":"Persecuci\u00f3n sindical contin\u00faa en Colombia: Detenido dirigente de la USO"}]},{"@type":"WebSite","@id":"https:\/\/admin.industriall-union.org\/#website","url":"https:\/\/admin.industriall-union.org\/","name":"industriall-union","description":"","potentialAction":[{"@type":"SearchAction","target":{"@type":"EntryPoint","urlTemplate":"https:\/\/admin.industriall-union.org\/?s={search_term_string}"},"query-input":{"@type":"PropertyValueSpecification","valueRequired":true,"valueName":"search_term_string"}}],"inLanguage":"es-ES"}]}},"_links":{"self":[{"href":"https:\/\/admin.industriall-union.org\/es\/wp-json\/wp\/v2\/article\/172900","targetHints":{"allow":["GET"]}}],"collection":[{"href":"https:\/\/admin.industriall-union.org\/es\/wp-json\/wp\/v2\/article"}],"about":[{"href":"https:\/\/admin.industriall-union.org\/es\/wp-json\/wp\/v2\/types\/article"}],"wp:attachment":[{"href":"https:\/\/admin.industriall-union.org\/es\/wp-json\/wp\/v2\/media?parent=172900"}],"wp:term":[{"taxonomy":"issues","embeddable":true,"href":"https:\/\/admin.industriall-union.org\/es\/wp-json\/wp\/v2\/issues?post=172900"},{"taxonomy":"companies","embeddable":true,"href":"https:\/\/admin.industriall-union.org\/es\/wp-json\/wp\/v2\/companies?post=172900"},{"taxonomy":"regions","embeddable":true,"href":"https:\/\/admin.industriall-union.org\/es\/wp-json\/wp\/v2\/regions?post=172900"},{"taxonomy":"sectors","embeddable":true,"href":"https:\/\/admin.industriall-union.org\/es\/wp-json\/wp\/v2\/sectors?post=172900"},{"taxonomy":"article_tags","embeddable":true,"href":"https:\/\/admin.industriall-union.org\/es\/wp-json\/wp\/v2\/article_tags?post=172900"}],"curies":[{"name":"wp","href":"https:\/\/api.w.org\/{rel}","templated":true}]}}