{"id":172885,"date":"2013-11-15T12:02:21","date_gmt":"2013-11-15T12:02:21","guid":{"rendered":"https:\/\/admin.industriall-union.org\/los-afiliados-de-tunez-y-marruecos-refuerzan-la-unidad\/"},"modified":"2025-02-08T06:41:58","modified_gmt":"2025-02-08T06:41:58","slug":"los-afiliados-de-tunez-y-marruecos-refuerzan-la-unidad","status":"publish","type":"article","link":"https:\/\/admin.industriall-union.org\/es\/los-afiliados-de-tunez-y-marruecos-refuerzan-la-unidad\/","title":{"rendered":"Los afiliados de T\u00fanez y Marruecos refuerzan la unidad"},"content":{"rendered":"<p>Con la asistencia de los afiliados a la IndustriALL Global Union en T\u00fanez y Marruecos se celebraron dos reuniones de creaci\u00f3n de unidad, una en T\u00fanez los d\u00edas 21 y 22 de octubre, y otra en Casablanca los d\u00edas 23 y 24 de octubre, en las que se discutieron las expectativas y se formalizaron las prioridades. Tambi\u00e9n asistieron a las reuniones afiliados alemanes y franceses.<\/p><p>Los participantes en la reuni\u00f3n de T\u00fanez proced\u00edan de los sindicatos afiliados en los sectores del metal, petroqu\u00edmico y del textil y el vestido, pertenecientes al centro nacional UGTT, que es con mucho la mayor confederaci\u00f3n sindical del pa\u00eds. La UGTT desempe\u00f1\u00f3 una funci\u00f3n esencial en la Primavera \u00c1rabe, y es un actor respetado en las principales negociaciones pol\u00edticas que tienen lugar actualmente en el pa\u00eds.<br \/><br \/>Los sindicatos expresaron la esperanza de que contin\u00faen y se fortalezcan las actuales actividades bilaterales sobre las multinacionales en el sector metal\u00fargico, y se ampl\u00eden esas actividades a otras empresas, pa\u00edses e industrias. La ayuda en las luchas contra el paro y el desempleo de los j\u00f3venes se consider\u00f3 particularmente importante para la IndustriALL.<\/p><p>En el seminario de Casablanca, los participantes proced\u00edan de dos de los afiliados a la IndustriALL, que representan a los trabajadores de la energ\u00eda el\u00e9ctrica y el sector textil, adem\u00e1s de posibles afiliados de los sectores del metal, la qu\u00edmica, la miner\u00eda y el petr\u00f3leo y el gas. Se debati\u00f3 sobre la industria aeroespacial, que es nueva para los sindicatos asistentes, y los sectores el\u00e9ctrico, de la automoci\u00f3n y textil.<\/p><p><strong>Problemas comunes en T\u00fanez y en Marruecos<\/strong><br \/>En ambos pa\u00edses se tom\u00f3 la decisi\u00f3n de crear consejos nacionales. Este es un paso adelante para agrupar a los sindicatos afiliados y a otros posibles en la discusi\u00f3n de actividades internacionales, y coordinar las actividades de la IndustriALL en el pa\u00eds. El trabajo precario, especialmente en los sectores metal\u00fargico y minero, y la protecci\u00f3n de las trabajadoras son cuestiones que se beneficiar\u00e1n de la mayor coordinaci\u00f3n en la zona.<\/p><p>Tambi\u00e9n se discuti\u00f3 de las redes, tanto industriales como de empresa, a niveles subregional, regional y mundial. Los sindicatos participantes se\u00f1alaron la necesidad de que la IndustriALL desarrolle redes que abarquen a los trabajadores del petr\u00f3leo y el gas, de la miner\u00eda de fosfatos y del sector textil, y de fomentar su inclusi\u00f3n en todas las redes mundiales pertinentes a niveles industrial y de la empresa.<\/p><p>&ldquo;La situaci\u00f3n industrial en T\u00fanez y en Marruecos requiere una estrategia sindical especial&rdquo;, dijo Kemal \u00d6zkan, secretario general adjunto de la IndustriALL. &ldquo;Existe un enorme potencial en ambos pa\u00edses, y realizaremos actividades orientadas a los resultados para impulsar la presencia sindical en las empresas multinacionales.&rdquo;<\/p>","protected":false},"featured_media":0,"template":"","issues":[396],"companies":[],"regions":[300,305],"sectors":[],"article_tags":[],"class_list":["post-172885","article","type-article","status-publish","hentry","issues-building-strong-unions","regions-morocco","regions-tunisia"],"acf":[],"yoast_head":"<!-- This site is optimized with the Yoast SEO Premium plugin v27.1 (Yoast SEO v27.1) - https:\/\/yoast.com\/product\/yoast-seo-premium-wordpress\/ -->\n<title>Los afiliados de T\u00fanez y Marruecos refuerzan la unidad - industriall-union<\/title>\n<meta name=\"description\" content=\"Con la asistencia de los afiliados a la IndustriALL Global Union en T\u00fanez y Marruecos se celebraron dos reuniones de creaci\u00f3n de unidad, una en T\u00fanez los\" \/>\n<meta name=\"robots\" content=\"index, follow, max-snippet:-1, max-image-preview:large, max-video-preview:-1\" \/>\n<link rel=\"canonical\" href=\"https:\/\/admin.industriall-union.org\/es\/los-afiliados-de-tunez-y-marruecos-refuerzan-la-unidad\/\" \/>\n<meta property=\"og:locale\" content=\"es_ES\" \/>\n<meta property=\"og:type\" content=\"article\" \/>\n<meta property=\"og:title\" content=\"Los afiliados de T\u00fanez y Marruecos refuerzan la unidad\" \/>\n<meta property=\"og:description\" content=\"Con la asistencia de los afiliados a la IndustriALL Global Union en T\u00fanez y Marruecos se celebraron dos reuniones de creaci\u00f3n de unidad, una en T\u00fanez los\" \/>\n<meta property=\"og:url\" content=\"https:\/\/admin.industriall-union.org\/es\/los-afiliados-de-tunez-y-marruecos-refuerzan-la-unidad\/\" \/>\n<meta property=\"og:site_name\" content=\"industriall-union\" \/>\n<meta property=\"article:modified_time\" content=\"2025-02-08T06:41:58+00:00\" \/>\n<meta name=\"twitter:card\" content=\"summary_large_image\" \/>\n<meta name=\"twitter:label1\" content=\"Est. reading time\" \/>\n\t<meta name=\"twitter:data1\" content=\"2 minutes\" \/>\n<script type=\"application\/ld+json\" class=\"yoast-schema-graph\">{\"@context\":\"https:\/\/schema.org\",\"@graph\":[{\"@type\":\"WebPage\",\"@id\":\"https:\/\/admin.industriall-union.org\/es\/los-afiliados-de-tunez-y-marruecos-refuerzan-la-unidad\/\",\"url\":\"https:\/\/admin.industriall-union.org\/es\/los-afiliados-de-tunez-y-marruecos-refuerzan-la-unidad\/\",\"name\":\"Los afiliados de T\u00fanez y Marruecos refuerzan la unidad - industriall-union\",\"isPartOf\":{\"@id\":\"https:\/\/admin.industriall-union.org\/#website\"},\"datePublished\":\"2013-11-15T12:02:21+00:00\",\"dateModified\":\"2025-02-08T06:41:58+00:00\",\"description\":\"Con la asistencia de los afiliados a la IndustriALL Global Union en T\u00fanez y Marruecos se celebraron dos reuniones de creaci\u00f3n de unidad, una en T\u00fanez los\",\"breadcrumb\":{\"@id\":\"https:\/\/admin.industriall-union.org\/es\/los-afiliados-de-tunez-y-marruecos-refuerzan-la-unidad\/#breadcrumb\"},\"inLanguage\":\"es-ES\",\"potentialAction\":[{\"@type\":\"ReadAction\",\"target\":[\"https:\/\/admin.industriall-union.org\/es\/los-afiliados-de-tunez-y-marruecos-refuerzan-la-unidad\/\"]}]},{\"@type\":\"BreadcrumbList\",\"@id\":\"https:\/\/admin.industriall-union.org\/es\/los-afiliados-de-tunez-y-marruecos-refuerzan-la-unidad\/#breadcrumb\",\"itemListElement\":[{\"@type\":\"ListItem\",\"position\":1,\"name\":\"Home\",\"item\":\"https:\/\/admin.industriall-union.org\/\"},{\"@type\":\"ListItem\",\"position\":2,\"name\":\"Articles\",\"item\":\"https:\/\/admin.industriall-union.org\/article\/\"},{\"@type\":\"ListItem\",\"position\":3,\"name\":\"Los afiliados de T\u00fanez y Marruecos refuerzan la unidad\"}]},{\"@type\":\"WebSite\",\"@id\":\"https:\/\/admin.industriall-union.org\/#website\",\"url\":\"https:\/\/admin.industriall-union.org\/\",\"name\":\"industriall-union\",\"description\":\"\",\"potentialAction\":[{\"@type\":\"SearchAction\",\"target\":{\"@type\":\"EntryPoint\",\"urlTemplate\":\"https:\/\/admin.industriall-union.org\/?s={search_term_string}\"},\"query-input\":{\"@type\":\"PropertyValueSpecification\",\"valueRequired\":true,\"valueName\":\"search_term_string\"}}],\"inLanguage\":\"es-ES\"}]}<\/script>\n<!-- \/ Yoast SEO Premium plugin. -->","yoast_head_json":{"title":"Los afiliados de T\u00fanez y Marruecos refuerzan la unidad - industriall-union","description":"Con la asistencia de los afiliados a la IndustriALL Global Union en T\u00fanez y Marruecos se celebraron dos reuniones de creaci\u00f3n de unidad, una en T\u00fanez los","robots":{"index":"index","follow":"follow","max-snippet":"max-snippet:-1","max-image-preview":"max-image-preview:large","max-video-preview":"max-video-preview:-1"},"canonical":"https:\/\/admin.industriall-union.org\/es\/los-afiliados-de-tunez-y-marruecos-refuerzan-la-unidad\/","og_locale":"es_ES","og_type":"article","og_title":"Los afiliados de T\u00fanez y Marruecos refuerzan la unidad","og_description":"Con la asistencia de los afiliados a la IndustriALL Global Union en T\u00fanez y Marruecos se celebraron dos reuniones de creaci\u00f3n de unidad, una en T\u00fanez los","og_url":"https:\/\/admin.industriall-union.org\/es\/los-afiliados-de-tunez-y-marruecos-refuerzan-la-unidad\/","og_site_name":"industriall-union","article_modified_time":"2025-02-08T06:41:58+00:00","twitter_card":"summary_large_image","twitter_misc":{"Est. reading time":"2 minutes"},"schema":{"@context":"https:\/\/schema.org","@graph":[{"@type":"WebPage","@id":"https:\/\/admin.industriall-union.org\/es\/los-afiliados-de-tunez-y-marruecos-refuerzan-la-unidad\/","url":"https:\/\/admin.industriall-union.org\/es\/los-afiliados-de-tunez-y-marruecos-refuerzan-la-unidad\/","name":"Los afiliados de T\u00fanez y Marruecos refuerzan la unidad - industriall-union","isPartOf":{"@id":"https:\/\/admin.industriall-union.org\/#website"},"datePublished":"2013-11-15T12:02:21+00:00","dateModified":"2025-02-08T06:41:58+00:00","description":"Con la asistencia de los afiliados a la IndustriALL Global Union en T\u00fanez y Marruecos se celebraron dos reuniones de creaci\u00f3n de unidad, una en T\u00fanez los","breadcrumb":{"@id":"https:\/\/admin.industriall-union.org\/es\/los-afiliados-de-tunez-y-marruecos-refuerzan-la-unidad\/#breadcrumb"},"inLanguage":"es-ES","potentialAction":[{"@type":"ReadAction","target":["https:\/\/admin.industriall-union.org\/es\/los-afiliados-de-tunez-y-marruecos-refuerzan-la-unidad\/"]}]},{"@type":"BreadcrumbList","@id":"https:\/\/admin.industriall-union.org\/es\/los-afiliados-de-tunez-y-marruecos-refuerzan-la-unidad\/#breadcrumb","itemListElement":[{"@type":"ListItem","position":1,"name":"Home","item":"https:\/\/admin.industriall-union.org\/"},{"@type":"ListItem","position":2,"name":"Articles","item":"https:\/\/admin.industriall-union.org\/article\/"},{"@type":"ListItem","position":3,"name":"Los afiliados de T\u00fanez y Marruecos refuerzan la unidad"}]},{"@type":"WebSite","@id":"https:\/\/admin.industriall-union.org\/#website","url":"https:\/\/admin.industriall-union.org\/","name":"industriall-union","description":"","potentialAction":[{"@type":"SearchAction","target":{"@type":"EntryPoint","urlTemplate":"https:\/\/admin.industriall-union.org\/?s={search_term_string}"},"query-input":{"@type":"PropertyValueSpecification","valueRequired":true,"valueName":"search_term_string"}}],"inLanguage":"es-ES"}]}},"_links":{"self":[{"href":"https:\/\/admin.industriall-union.org\/es\/wp-json\/wp\/v2\/article\/172885","targetHints":{"allow":["GET"]}}],"collection":[{"href":"https:\/\/admin.industriall-union.org\/es\/wp-json\/wp\/v2\/article"}],"about":[{"href":"https:\/\/admin.industriall-union.org\/es\/wp-json\/wp\/v2\/types\/article"}],"wp:attachment":[{"href":"https:\/\/admin.industriall-union.org\/es\/wp-json\/wp\/v2\/media?parent=172885"}],"wp:term":[{"taxonomy":"issues","embeddable":true,"href":"https:\/\/admin.industriall-union.org\/es\/wp-json\/wp\/v2\/issues?post=172885"},{"taxonomy":"companies","embeddable":true,"href":"https:\/\/admin.industriall-union.org\/es\/wp-json\/wp\/v2\/companies?post=172885"},{"taxonomy":"regions","embeddable":true,"href":"https:\/\/admin.industriall-union.org\/es\/wp-json\/wp\/v2\/regions?post=172885"},{"taxonomy":"sectors","embeddable":true,"href":"https:\/\/admin.industriall-union.org\/es\/wp-json\/wp\/v2\/sectors?post=172885"},{"taxonomy":"article_tags","embeddable":true,"href":"https:\/\/admin.industriall-union.org\/es\/wp-json\/wp\/v2\/article_tags?post=172885"}],"curies":[{"name":"wp","href":"https:\/\/api.w.org\/{rel}","templated":true}]}}