{"id":172828,"date":"2013-11-21T14:33:49","date_gmt":"2013-11-21T14:33:49","guid":{"rendered":"https:\/\/admin.industriall-union.org\/en-senal-de-protesta-sindicatos-se-retiran-de-conferencia-sobre-cambio-climatico-en-varsovia\/"},"modified":"2025-02-08T06:15:07","modified_gmt":"2025-02-08T06:15:07","slug":"en-senal-de-protesta-sindicatos-se-retiran-de-conferencia-sobre-cambio-climatico-en-varsovia","status":"publish","type":"article","link":"https:\/\/admin.industriall-union.org\/es\/en-senal-de-protesta-sindicatos-se-retiran-de-conferencia-sobre-cambio-climatico-en-varsovia\/","title":{"rendered":"En se\u00f1al de protesta, sindicatos se retiran de Conferencia sobre Cambio Clim\u00e1tico en Varsovia"},"content":{"rendered":"<p>Brian Kohler, Director de Salud, Seguridad y Sostenibilidad de IndustriALL explic\u00f3:<\/p><blockquote><p>Estas conversaciones han degenerado, pasando de lo tr\u00e1gico a lo rid\u00edculo. A pesar de la clar\u00edsima advertencia proporcionada por el tif\u00f3n Haiyan\/Yolanda, los l\u00edderes nacionales no han logrado demostrar el empe\u00f1o necesario para resolver los problemas. De hecho, hemos observado lo contrario, con intentos de dar marcha atr\u00e1s respecto a decisiones adoptadas en las Conferencias COP anteriores.<\/p><\/blockquote><p>Sharan Burrow, Secretaria General de la CSI, dijo al respecto:<\/p><blockquote><p>Nos ha sorprendido c\u00f3mo algunos de los pa\u00edses m\u00e1s ricos como Canad\u00e1 y Australia han demostrado una falta de responsabilidad frente a objetivos ambiciosos, y, junto con casi todos los pa\u00edses industrializados, no se han comprometido a aportar fondos imprescindibles para esta labor, e incluso han cuestionado la necesidad de medidas de &quot;transici\u00f3n justa&quot; para los trabajadores del mundo y sus familias.<\/p><\/blockquote><p>El notorio dominio empresarial es inaceptable. Las empresas que recomiendan la responsabilidad ambiental y social son las mismas que explotan a los trabajadores y el medio ambiente a trav\u00e9s de sus cadenas de suministro.<\/p><p>Kohler agreg\u00f3: -Para evitar una cat\u00e1strofe clim\u00e1tica, la \u00fanica salvaci\u00f3n es a trav\u00e9s de un proceso ordenado y planificado encaminado a alcanzar un futuro sostenible, que respete y proteja a los trabajadores actuales, buscando e intercambiando tecnolog\u00eda para crear futuros puestos de trabajo decentes. Nuestro planteamiento sigue siendo el mismo que tenemos desde hace muchos a\u00f1os: exigimos una Transici\u00f3n Justa hacia un futuro sostenible basado en un r\u00e9gimen mundial de emisiones que sea justo, ambicioso y legalmente vinculante.-<\/p><p>No es de extra\u00f1ar que poderosas voces corporativas hayan emprendido una campa\u00f1a de desinformaci\u00f3n y chantaje sobre los puestos de trabajo con el fin de retrasar la acci\u00f3n sobre el cambio clim\u00e1tico. Esta actitud empresarial no tiene nada que ver con la ciencia, y todo que ver con billones de d\u00f3lares en reservas de combustibles f\u00f3siles, cuyo valor puede verse afectado por cualquier plan de acci\u00f3n. Lo que s\u00ed es una verg\u00fcenza es que gobiernos democr\u00e1ticamente elegidos escuchen a esas empresas en vez de hacer caso a la opini\u00f3n de sus propios ciudadanos, y de los dem\u00e1s ciudadanos del planeta Tierra. Los sindicatos esperan que los negociadores gubernamentales reflexionen acerca de cu\u00e1les son los intereses que deben proteger, y que vuelvan a la pr\u00f3xima Conferencia COP, que se ha programado realizar en Lima, Per\u00fa, en 2014, con mandato para lograr un acuerdo significativo. Ya no queda mucho tiempo para lograrlo.<\/p>","protected":false},"featured_media":0,"template":"","issues":[393,418],"companies":[],"regions":[],"sectors":[],"article_tags":[],"class_list":["post-172828","article","type-article","status-publish","hentry","issues-climate-change-just-transition","issues-sustainability"],"acf":[],"yoast_head":"<!-- This site is optimized with the Yoast SEO Premium plugin v27.1 (Yoast SEO v27.1) - https:\/\/yoast.com\/product\/yoast-seo-premium-wordpress\/ -->\n<title>En se\u00f1al de protesta, sindicatos se retiran de Conferencia sobre Cambio Clim\u00e1tico en Varsovia - industriall-union<\/title>\n<meta name=\"description\" content=\"Brian Kohler, Director de Salud, Seguridad y Sostenibilidad de IndustriALL explic\u00f3:Estas conversaciones han degenerado, pasando de lo tr\u00e1gico a lo\" \/>\n<meta name=\"robots\" content=\"index, follow, max-snippet:-1, max-image-preview:large, max-video-preview:-1\" \/>\n<link rel=\"canonical\" href=\"https:\/\/admin.industriall-union.org\/es\/en-senal-de-protesta-sindicatos-se-retiran-de-conferencia-sobre-cambio-climatico-en-varsovia\/\" \/>\n<meta property=\"og:locale\" content=\"es_ES\" \/>\n<meta property=\"og:type\" content=\"article\" \/>\n<meta property=\"og:title\" content=\"En se\u00f1al de protesta, sindicatos se retiran de Conferencia sobre Cambio Clim\u00e1tico en Varsovia\" \/>\n<meta property=\"og:description\" content=\"Brian Kohler, Director de Salud, Seguridad y Sostenibilidad de IndustriALL explic\u00f3:Estas conversaciones han degenerado, pasando de lo tr\u00e1gico a lo\" \/>\n<meta property=\"og:url\" content=\"https:\/\/admin.industriall-union.org\/es\/en-senal-de-protesta-sindicatos-se-retiran-de-conferencia-sobre-cambio-climatico-en-varsovia\/\" \/>\n<meta property=\"og:site_name\" content=\"industriall-union\" \/>\n<meta property=\"article:modified_time\" content=\"2025-02-08T06:15:07+00:00\" \/>\n<meta name=\"twitter:card\" content=\"summary_large_image\" \/>\n<meta name=\"twitter:label1\" content=\"Est. reading time\" \/>\n\t<meta name=\"twitter:data1\" content=\"2 minutes\" \/>\n<script type=\"application\/ld+json\" class=\"yoast-schema-graph\">{\"@context\":\"https:\/\/schema.org\",\"@graph\":[{\"@type\":\"WebPage\",\"@id\":\"https:\/\/admin.industriall-union.org\/es\/en-senal-de-protesta-sindicatos-se-retiran-de-conferencia-sobre-cambio-climatico-en-varsovia\/\",\"url\":\"https:\/\/admin.industriall-union.org\/es\/en-senal-de-protesta-sindicatos-se-retiran-de-conferencia-sobre-cambio-climatico-en-varsovia\/\",\"name\":\"En se\u00f1al de protesta, sindicatos se retiran de Conferencia sobre Cambio Clim\u00e1tico en Varsovia - industriall-union\",\"isPartOf\":{\"@id\":\"https:\/\/admin.industriall-union.org\/#website\"},\"datePublished\":\"2013-11-21T14:33:49+00:00\",\"dateModified\":\"2025-02-08T06:15:07+00:00\",\"description\":\"Brian Kohler, Director de Salud, Seguridad y Sostenibilidad de IndustriALL explic\u00f3:Estas conversaciones han degenerado, pasando de lo tr\u00e1gico a lo\",\"breadcrumb\":{\"@id\":\"https:\/\/admin.industriall-union.org\/es\/en-senal-de-protesta-sindicatos-se-retiran-de-conferencia-sobre-cambio-climatico-en-varsovia\/#breadcrumb\"},\"inLanguage\":\"es-ES\",\"potentialAction\":[{\"@type\":\"ReadAction\",\"target\":[\"https:\/\/admin.industriall-union.org\/es\/en-senal-de-protesta-sindicatos-se-retiran-de-conferencia-sobre-cambio-climatico-en-varsovia\/\"]}]},{\"@type\":\"BreadcrumbList\",\"@id\":\"https:\/\/admin.industriall-union.org\/es\/en-senal-de-protesta-sindicatos-se-retiran-de-conferencia-sobre-cambio-climatico-en-varsovia\/#breadcrumb\",\"itemListElement\":[{\"@type\":\"ListItem\",\"position\":1,\"name\":\"Home\",\"item\":\"https:\/\/admin.industriall-union.org\/\"},{\"@type\":\"ListItem\",\"position\":2,\"name\":\"Articles\",\"item\":\"https:\/\/admin.industriall-union.org\/article\/\"},{\"@type\":\"ListItem\",\"position\":3,\"name\":\"En se\u00f1al de protesta, sindicatos se retiran de Conferencia sobre Cambio Clim\u00e1tico en Varsovia\"}]},{\"@type\":\"WebSite\",\"@id\":\"https:\/\/admin.industriall-union.org\/#website\",\"url\":\"https:\/\/admin.industriall-union.org\/\",\"name\":\"industriall-union\",\"description\":\"\",\"potentialAction\":[{\"@type\":\"SearchAction\",\"target\":{\"@type\":\"EntryPoint\",\"urlTemplate\":\"https:\/\/admin.industriall-union.org\/?s={search_term_string}\"},\"query-input\":{\"@type\":\"PropertyValueSpecification\",\"valueRequired\":true,\"valueName\":\"search_term_string\"}}],\"inLanguage\":\"es-ES\"}]}<\/script>\n<!-- \/ Yoast SEO Premium plugin. -->","yoast_head_json":{"title":"En se\u00f1al de protesta, sindicatos se retiran de Conferencia sobre Cambio Clim\u00e1tico en Varsovia - industriall-union","description":"Brian Kohler, Director de Salud, Seguridad y Sostenibilidad de IndustriALL explic\u00f3:Estas conversaciones han degenerado, pasando de lo tr\u00e1gico a lo","robots":{"index":"index","follow":"follow","max-snippet":"max-snippet:-1","max-image-preview":"max-image-preview:large","max-video-preview":"max-video-preview:-1"},"canonical":"https:\/\/admin.industriall-union.org\/es\/en-senal-de-protesta-sindicatos-se-retiran-de-conferencia-sobre-cambio-climatico-en-varsovia\/","og_locale":"es_ES","og_type":"article","og_title":"En se\u00f1al de protesta, sindicatos se retiran de Conferencia sobre Cambio Clim\u00e1tico en Varsovia","og_description":"Brian Kohler, Director de Salud, Seguridad y Sostenibilidad de IndustriALL explic\u00f3:Estas conversaciones han degenerado, pasando de lo tr\u00e1gico a lo","og_url":"https:\/\/admin.industriall-union.org\/es\/en-senal-de-protesta-sindicatos-se-retiran-de-conferencia-sobre-cambio-climatico-en-varsovia\/","og_site_name":"industriall-union","article_modified_time":"2025-02-08T06:15:07+00:00","twitter_card":"summary_large_image","twitter_misc":{"Est. reading time":"2 minutes"},"schema":{"@context":"https:\/\/schema.org","@graph":[{"@type":"WebPage","@id":"https:\/\/admin.industriall-union.org\/es\/en-senal-de-protesta-sindicatos-se-retiran-de-conferencia-sobre-cambio-climatico-en-varsovia\/","url":"https:\/\/admin.industriall-union.org\/es\/en-senal-de-protesta-sindicatos-se-retiran-de-conferencia-sobre-cambio-climatico-en-varsovia\/","name":"En se\u00f1al de protesta, sindicatos se retiran de Conferencia sobre Cambio Clim\u00e1tico en Varsovia - industriall-union","isPartOf":{"@id":"https:\/\/admin.industriall-union.org\/#website"},"datePublished":"2013-11-21T14:33:49+00:00","dateModified":"2025-02-08T06:15:07+00:00","description":"Brian Kohler, Director de Salud, Seguridad y Sostenibilidad de IndustriALL explic\u00f3:Estas conversaciones han degenerado, pasando de lo tr\u00e1gico a lo","breadcrumb":{"@id":"https:\/\/admin.industriall-union.org\/es\/en-senal-de-protesta-sindicatos-se-retiran-de-conferencia-sobre-cambio-climatico-en-varsovia\/#breadcrumb"},"inLanguage":"es-ES","potentialAction":[{"@type":"ReadAction","target":["https:\/\/admin.industriall-union.org\/es\/en-senal-de-protesta-sindicatos-se-retiran-de-conferencia-sobre-cambio-climatico-en-varsovia\/"]}]},{"@type":"BreadcrumbList","@id":"https:\/\/admin.industriall-union.org\/es\/en-senal-de-protesta-sindicatos-se-retiran-de-conferencia-sobre-cambio-climatico-en-varsovia\/#breadcrumb","itemListElement":[{"@type":"ListItem","position":1,"name":"Home","item":"https:\/\/admin.industriall-union.org\/"},{"@type":"ListItem","position":2,"name":"Articles","item":"https:\/\/admin.industriall-union.org\/article\/"},{"@type":"ListItem","position":3,"name":"En se\u00f1al de protesta, sindicatos se retiran de Conferencia sobre Cambio Clim\u00e1tico en Varsovia"}]},{"@type":"WebSite","@id":"https:\/\/admin.industriall-union.org\/#website","url":"https:\/\/admin.industriall-union.org\/","name":"industriall-union","description":"","potentialAction":[{"@type":"SearchAction","target":{"@type":"EntryPoint","urlTemplate":"https:\/\/admin.industriall-union.org\/?s={search_term_string}"},"query-input":{"@type":"PropertyValueSpecification","valueRequired":true,"valueName":"search_term_string"}}],"inLanguage":"es-ES"}]}},"_links":{"self":[{"href":"https:\/\/admin.industriall-union.org\/es\/wp-json\/wp\/v2\/article\/172828","targetHints":{"allow":["GET"]}}],"collection":[{"href":"https:\/\/admin.industriall-union.org\/es\/wp-json\/wp\/v2\/article"}],"about":[{"href":"https:\/\/admin.industriall-union.org\/es\/wp-json\/wp\/v2\/types\/article"}],"wp:attachment":[{"href":"https:\/\/admin.industriall-union.org\/es\/wp-json\/wp\/v2\/media?parent=172828"}],"wp:term":[{"taxonomy":"issues","embeddable":true,"href":"https:\/\/admin.industriall-union.org\/es\/wp-json\/wp\/v2\/issues?post=172828"},{"taxonomy":"companies","embeddable":true,"href":"https:\/\/admin.industriall-union.org\/es\/wp-json\/wp\/v2\/companies?post=172828"},{"taxonomy":"regions","embeddable":true,"href":"https:\/\/admin.industriall-union.org\/es\/wp-json\/wp\/v2\/regions?post=172828"},{"taxonomy":"sectors","embeddable":true,"href":"https:\/\/admin.industriall-union.org\/es\/wp-json\/wp\/v2\/sectors?post=172828"},{"taxonomy":"article_tags","embeddable":true,"href":"https:\/\/admin.industriall-union.org\/es\/wp-json\/wp\/v2\/article_tags?post=172828"}],"curies":[{"name":"wp","href":"https:\/\/api.w.org\/{rel}","templated":true}]}}