{"id":172815,"date":"2013-11-21T16:44:18","date_gmt":"2013-11-21T16:44:18","guid":{"rendered":"https:\/\/admin.industriall-union.org\/trabajadores-de-kronos-aprueban-nuevo-acuerdo\/"},"modified":"2025-02-08T06:14:48","modified_gmt":"2025-02-08T06:14:48","slug":"trabajadores-de-kronos-aprueban-nuevo-acuerdo","status":"publish","type":"article","link":"https:\/\/admin.industriall-union.org\/es\/trabajadores-de-kronos-aprueban-nuevo-acuerdo\/","title":{"rendered":"Trabajadores de Kronos aprueban nuevo acuerdo"},"content":{"rendered":"<p>Las negociaciones intensivas se reiniciaron el 13 de noviembre, cinco meses despu\u00e9s del inicio del conflicto, cuando, dos d\u00edas antes del vencimiento del convenio colectivo, <a href=\"http:\/\/www.industriall-union.org\/es\/los-trabajadores-denuncian-el-cierre-patronal-ilegal-en-kronos-en-canada\">Kronos Canada inform\u00f3 que iba a imponer un cierre patronal<\/a>.&nbsp;<\/p><p>IndustriALL felicita a su afiliado canadiense, la F\u00e9d\u00e9ration de l&rsquo;Industrie Manufacturi\u00e8re de la Conf\u00e9d\u00e9ration des Syndicats Nationaux &#8211; FIM-CSN, que representa a los trabajadores de Kronos, por el estupendo triunfo que han logrado. La CSN, a la vez, agradece a todo el movimiento sindical internacional por la solidaridad que ha brindado en su lucha, que ayud\u00f3 para que los trabajadores de Kronos triunfaran.<\/p><p>Seg\u00fan informa la FIM-CSN, el convenio reciente, que rige hasta el 15 de junio de 2018, resuelve muchos de los aspectos conflictivos. Por ejemplo, seg\u00fan el acuerdo, se concede a los trabajadores subcontratados que son miembros del sindicato una garant\u00eda completa de empleo, y el trabajo subcontratado se limitar\u00e1 en varios departamentos.<\/p><p>Los trabajadores conservan los beneficios que hab\u00edan logrado en relaci\u00f3n con el horario de trabajo y las horas extraordinarias realizadas. Adem\u00e1s, se pondr\u00e1 en marcha un programa de capacitaci\u00f3n profesional con el fin de dar a los empleados que quisieran alcanzar otros cargos en la empresa la oportunidad de recibir adiestramiento especial.<\/p><p>En cuanto a los beneficios financieros, se pagar\u00e1 retroactivamente a los trabajadores un aumento equivalente al \u00edndice de precios al consumidor (IPC), junto con un pago \u00fanico de 1.000 CAD (&euro; 710) durante el primer a\u00f1o, y, durante los otros cuatro a\u00f1os del acuerdo, se pagar\u00e1 el incremento seg\u00fan el IPC, m\u00e1s un 0,5% anual.<\/p><p>Se va a reformar el sistema de pensiones de jubilaci\u00f3n con el fin de pasar de prestaciones fijas a un sistema de contribuciones fijas. Tanto los trabajadores activos como los jubilados mantendr\u00e1n su seguro de vida actual, y, adem\u00e1s, la empresa acord\u00f3 aumentar el aporte de la compa\u00f1\u00eda.<\/p><p>La f\u00e1brica reiniciar\u00e1 el trabajo poco a poco, con el fin de recuperar plena capacidad para febrero de 2014.<\/p>","protected":false},"featured_media":0,"template":"","issues":[425],"companies":[85],"regions":[309],"sectors":[477],"article_tags":[515],"class_list":["post-172815","article","type-article","status-publish","hentry","issues-workers-rights","companies-kronos","regions-canada","sectors-chemical","article_tags-lockout"],"acf":[],"yoast_head":"<!-- This site is optimized with the Yoast SEO Premium plugin v27.1 (Yoast SEO v27.1) - https:\/\/yoast.com\/product\/yoast-seo-premium-wordpress\/ -->\n<title>Trabajadores de Kronos aprueban nuevo acuerdo - industriall-union<\/title>\n<meta name=\"description\" content=\"Las negociaciones intensivas se reiniciaron el 13 de noviembre, cinco meses despu\u00e9s del inicio del conflicto, cuando, dos d\u00edas antes del vencimiento del\" \/>\n<meta name=\"robots\" content=\"index, follow, max-snippet:-1, max-image-preview:large, max-video-preview:-1\" \/>\n<link rel=\"canonical\" href=\"https:\/\/admin.industriall-union.org\/es\/trabajadores-de-kronos-aprueban-nuevo-acuerdo\/\" \/>\n<meta property=\"og:locale\" content=\"es_ES\" \/>\n<meta property=\"og:type\" content=\"article\" \/>\n<meta property=\"og:title\" content=\"Trabajadores de Kronos aprueban nuevo acuerdo\" \/>\n<meta property=\"og:description\" content=\"Las negociaciones intensivas se reiniciaron el 13 de noviembre, cinco meses despu\u00e9s del inicio del conflicto, cuando, dos d\u00edas antes del vencimiento del\" \/>\n<meta property=\"og:url\" content=\"https:\/\/admin.industriall-union.org\/es\/trabajadores-de-kronos-aprueban-nuevo-acuerdo\/\" \/>\n<meta property=\"og:site_name\" content=\"industriall-union\" \/>\n<meta property=\"article:modified_time\" content=\"2025-02-08T06:14:48+00:00\" \/>\n<meta name=\"twitter:card\" content=\"summary_large_image\" \/>\n<meta name=\"twitter:label1\" content=\"Est. reading time\" \/>\n\t<meta name=\"twitter:data1\" content=\"2 minutes\" \/>\n<script type=\"application\/ld+json\" class=\"yoast-schema-graph\">{\"@context\":\"https:\/\/schema.org\",\"@graph\":[{\"@type\":\"WebPage\",\"@id\":\"https:\/\/admin.industriall-union.org\/es\/trabajadores-de-kronos-aprueban-nuevo-acuerdo\/\",\"url\":\"https:\/\/admin.industriall-union.org\/es\/trabajadores-de-kronos-aprueban-nuevo-acuerdo\/\",\"name\":\"Trabajadores de Kronos aprueban nuevo acuerdo - industriall-union\",\"isPartOf\":{\"@id\":\"https:\/\/admin.industriall-union.org\/#website\"},\"datePublished\":\"2013-11-21T16:44:18+00:00\",\"dateModified\":\"2025-02-08T06:14:48+00:00\",\"description\":\"Las negociaciones intensivas se reiniciaron el 13 de noviembre, cinco meses despu\u00e9s del inicio del conflicto, cuando, dos d\u00edas antes del vencimiento del\",\"breadcrumb\":{\"@id\":\"https:\/\/admin.industriall-union.org\/es\/trabajadores-de-kronos-aprueban-nuevo-acuerdo\/#breadcrumb\"},\"inLanguage\":\"es-ES\",\"potentialAction\":[{\"@type\":\"ReadAction\",\"target\":[\"https:\/\/admin.industriall-union.org\/es\/trabajadores-de-kronos-aprueban-nuevo-acuerdo\/\"]}]},{\"@type\":\"BreadcrumbList\",\"@id\":\"https:\/\/admin.industriall-union.org\/es\/trabajadores-de-kronos-aprueban-nuevo-acuerdo\/#breadcrumb\",\"itemListElement\":[{\"@type\":\"ListItem\",\"position\":1,\"name\":\"Home\",\"item\":\"https:\/\/admin.industriall-union.org\/\"},{\"@type\":\"ListItem\",\"position\":2,\"name\":\"Articles\",\"item\":\"https:\/\/admin.industriall-union.org\/article\/\"},{\"@type\":\"ListItem\",\"position\":3,\"name\":\"Trabajadores de Kronos aprueban nuevo acuerdo\"}]},{\"@type\":\"WebSite\",\"@id\":\"https:\/\/admin.industriall-union.org\/#website\",\"url\":\"https:\/\/admin.industriall-union.org\/\",\"name\":\"industriall-union\",\"description\":\"\",\"potentialAction\":[{\"@type\":\"SearchAction\",\"target\":{\"@type\":\"EntryPoint\",\"urlTemplate\":\"https:\/\/admin.industriall-union.org\/?s={search_term_string}\"},\"query-input\":{\"@type\":\"PropertyValueSpecification\",\"valueRequired\":true,\"valueName\":\"search_term_string\"}}],\"inLanguage\":\"es-ES\"}]}<\/script>\n<!-- \/ Yoast SEO Premium plugin. -->","yoast_head_json":{"title":"Trabajadores de Kronos aprueban nuevo acuerdo - industriall-union","description":"Las negociaciones intensivas se reiniciaron el 13 de noviembre, cinco meses despu\u00e9s del inicio del conflicto, cuando, dos d\u00edas antes del vencimiento del","robots":{"index":"index","follow":"follow","max-snippet":"max-snippet:-1","max-image-preview":"max-image-preview:large","max-video-preview":"max-video-preview:-1"},"canonical":"https:\/\/admin.industriall-union.org\/es\/trabajadores-de-kronos-aprueban-nuevo-acuerdo\/","og_locale":"es_ES","og_type":"article","og_title":"Trabajadores de Kronos aprueban nuevo acuerdo","og_description":"Las negociaciones intensivas se reiniciaron el 13 de noviembre, cinco meses despu\u00e9s del inicio del conflicto, cuando, dos d\u00edas antes del vencimiento del","og_url":"https:\/\/admin.industriall-union.org\/es\/trabajadores-de-kronos-aprueban-nuevo-acuerdo\/","og_site_name":"industriall-union","article_modified_time":"2025-02-08T06:14:48+00:00","twitter_card":"summary_large_image","twitter_misc":{"Est. reading time":"2 minutes"},"schema":{"@context":"https:\/\/schema.org","@graph":[{"@type":"WebPage","@id":"https:\/\/admin.industriall-union.org\/es\/trabajadores-de-kronos-aprueban-nuevo-acuerdo\/","url":"https:\/\/admin.industriall-union.org\/es\/trabajadores-de-kronos-aprueban-nuevo-acuerdo\/","name":"Trabajadores de Kronos aprueban nuevo acuerdo - industriall-union","isPartOf":{"@id":"https:\/\/admin.industriall-union.org\/#website"},"datePublished":"2013-11-21T16:44:18+00:00","dateModified":"2025-02-08T06:14:48+00:00","description":"Las negociaciones intensivas se reiniciaron el 13 de noviembre, cinco meses despu\u00e9s del inicio del conflicto, cuando, dos d\u00edas antes del vencimiento del","breadcrumb":{"@id":"https:\/\/admin.industriall-union.org\/es\/trabajadores-de-kronos-aprueban-nuevo-acuerdo\/#breadcrumb"},"inLanguage":"es-ES","potentialAction":[{"@type":"ReadAction","target":["https:\/\/admin.industriall-union.org\/es\/trabajadores-de-kronos-aprueban-nuevo-acuerdo\/"]}]},{"@type":"BreadcrumbList","@id":"https:\/\/admin.industriall-union.org\/es\/trabajadores-de-kronos-aprueban-nuevo-acuerdo\/#breadcrumb","itemListElement":[{"@type":"ListItem","position":1,"name":"Home","item":"https:\/\/admin.industriall-union.org\/"},{"@type":"ListItem","position":2,"name":"Articles","item":"https:\/\/admin.industriall-union.org\/article\/"},{"@type":"ListItem","position":3,"name":"Trabajadores de Kronos aprueban nuevo acuerdo"}]},{"@type":"WebSite","@id":"https:\/\/admin.industriall-union.org\/#website","url":"https:\/\/admin.industriall-union.org\/","name":"industriall-union","description":"","potentialAction":[{"@type":"SearchAction","target":{"@type":"EntryPoint","urlTemplate":"https:\/\/admin.industriall-union.org\/?s={search_term_string}"},"query-input":{"@type":"PropertyValueSpecification","valueRequired":true,"valueName":"search_term_string"}}],"inLanguage":"es-ES"}]}},"_links":{"self":[{"href":"https:\/\/admin.industriall-union.org\/es\/wp-json\/wp\/v2\/article\/172815","targetHints":{"allow":["GET"]}}],"collection":[{"href":"https:\/\/admin.industriall-union.org\/es\/wp-json\/wp\/v2\/article"}],"about":[{"href":"https:\/\/admin.industriall-union.org\/es\/wp-json\/wp\/v2\/types\/article"}],"wp:attachment":[{"href":"https:\/\/admin.industriall-union.org\/es\/wp-json\/wp\/v2\/media?parent=172815"}],"wp:term":[{"taxonomy":"issues","embeddable":true,"href":"https:\/\/admin.industriall-union.org\/es\/wp-json\/wp\/v2\/issues?post=172815"},{"taxonomy":"companies","embeddable":true,"href":"https:\/\/admin.industriall-union.org\/es\/wp-json\/wp\/v2\/companies?post=172815"},{"taxonomy":"regions","embeddable":true,"href":"https:\/\/admin.industriall-union.org\/es\/wp-json\/wp\/v2\/regions?post=172815"},{"taxonomy":"sectors","embeddable":true,"href":"https:\/\/admin.industriall-union.org\/es\/wp-json\/wp\/v2\/sectors?post=172815"},{"taxonomy":"article_tags","embeddable":true,"href":"https:\/\/admin.industriall-union.org\/es\/wp-json\/wp\/v2\/article_tags?post=172815"}],"curies":[{"name":"wp","href":"https:\/\/api.w.org\/{rel}","templated":true}]}}