{"id":172759,"date":"2013-11-28T09:20:44","date_gmt":"2013-11-28T09:20:44","guid":{"rendered":"https:\/\/admin.industriall-union.org\/perfil-de-activismo-sindical-creacion-de-gran-sindicato-en-canada-por-medio-de-la-fusion\/"},"modified":"2025-02-08T05:56:56","modified_gmt":"2025-02-08T05:56:56","slug":"perfil-de-activismo-sindical-creacion-de-gran-sindicato-en-canada-por-medio-de-la-fusion","status":"publish","type":"article","link":"https:\/\/admin.industriall-union.org\/es\/perfil-de-activismo-sindical-creacion-de-gran-sindicato-en-canada-por-medio-de-la-fusion\/","title":{"rendered":"PERFIL DE ACTIVISMO SINDICAL: Creaci\u00f3n de gran sindicato en Canad\u00e1 por medio de la fusi\u00f3n"},"content":{"rendered":"<h2>PERFIL DE ACTIVISMO SINDICAL<\/h2><p><strong><span style=\"font-family: Arial, Helvetica, Verdana, sans-serif;font-size: 14px;line-height: 1.357em\">PA\u00cdS<\/span>: <\/strong>Canad\u00e1<br \/><strong>SINDICATO:<\/strong>&nbsp;Unifor<\/p><p><strong>Texto:<\/strong>&nbsp;Petra Br\u00e4nnmark<br \/><strong>Foto:<\/strong>&nbsp;<span style=\"font-family: Arial, Helvetica, Verdana, sans-serif;font-size: 14px;line-height: 1.357em\">Jerry Dias, Presidente de Unifor, en el Congreso de Fundaci\u00f3n en Toronto 1o deseptiembre de 2013. Unifor<\/span><\/p><p>El 1&ordm; de septiembre de 2013, se cre\u00f3 el mayor sindicato del sector privado de Canad\u00e1, cuando los afiliados canadienses de IndustriALL, CAW y CEP, se unieron en un Congreso de Fundaci\u00f3n realizado en Toronto, creando as\u00ed un nuevo sindicato llamado Unifor. Unifor representa a 300.000 sindicalistas en una amplia gama de sectores, incluyendo manufactura, energ\u00eda, silvicultura, servicios, telecomunicaciones y transporte.<\/p><p>M\u00e1s de 2.500 delegados elegidos del sindicato Canadian Auto Workers (CAW) y del Communications, Energy and Paperworkers Union (CEP) votaron a favor de la fusi\u00f3n, creando as\u00ed el gran nuevo sindicato. Los estatutos contaron con el apoyo del 96 por ciento de los delegados en el Congreso de Fundaci\u00f3n. El Congreso eligi\u00f3 a Jerry Dias como Presidente Nacional, a Peter Kennedy como Secretario-Tesorero y a Michel Ouimet como Director para Quebec. En el Consejo Ejecutivo de Unifor, constituido por 25 miembros, un 44 por ciento son mujeres, cifra que sobrepasa significativamente el porcentaje de sindicalistas mujeres, que es de un 28 por ciento.<\/p><p>Jerry Dias comenz\u00f3 su vida laboral en 1978 en la empresa de Havilland Aircraft (ahora Bombardier Aerospace). Ese mismo a\u00f1o, fue elegido delegado sindical, y posteriormente Presidente del sindicato local, y luego, en 1993, dirigente nacional, en el puesto de Coordinador del sector aeroespacial. Antes de ser elegido Presidente de Unifor, Dias hab\u00eda ejercido como Asistente del Presidente Nacional del CAW.<\/p><p>En su discurso de apertura, Dias dijo lo siguiente:<\/p><blockquote><p>Queremos que en Canad\u00e1 se trate a todas las personas con dignidad, respeto y seguridad. Que en Canad\u00e1, nos valoren como trabajadores y trabajadoras que producimos riqueza, en lugar de devaluarnos y sacrificarnos<\/p><\/blockquote><h3>Pol\u00edtica de sindicalizaci\u00f3n pasa a la pr\u00f3xima etapa<\/h3><p>El Congreso aprob\u00f3 una novedosa pol\u00edtica de sindicalizaci\u00f3n, en la que se introduce un nuevo elemento que establece &quot;seccionales comunitarias&quot; a trav\u00e9s de las cuales nuevos grupos de trabajadores y trabajadoras pueden afiliarse a Unifor, aun cuando no pertenezcan a una unidad de negociaci\u00f3n reconocida. El nuevo sindicato tiene planes para crear estructuras que permitan la afiliaci\u00f3n de estudiantes, trabajadores jubilados, y desempleados.&nbsp; Anualmente, Unifor dedicar\u00e1 un 10 por ciento de sus ingresos, o 10 millones de d\u00f3lares canadienses, para activar la sindicalizaci\u00f3n de nuevos miembros.<\/p><p>Unifor continuar\u00e1 con la tradici\u00f3n del sindicalismo social que practicaban el CAW y el CEP. Esta acci\u00f3n pol\u00edtica implica una amplia actividad en las comunidades y en las campa\u00f1as de presi\u00f3n, y su participaci\u00f3n en elecciones para plantear cuestiones que preocupan a los trabajadores, apoyando a aquellos candidatos que est\u00e9n de acuerdo con los planteamientos sindicales.<\/p><p>El Congreso despidi\u00f3 con una calurosa y entusiasta ovaci\u00f3n al Presidente del CAW, Ken Lewenza y al Presidente del CEP, Dave Coles, quienes se jubilaron.<\/p><p>En su saludo, el Secretario General de IndustriALL, Jyrki Raina, elogi\u00f3 la tradici\u00f3n de solidaridad mundial que hab\u00edan establecido las organizaciones fundadoras:<\/p><blockquote><p>En un mundo globalizado y sin fronteras,- dijo &#8211; tenemos que trabajar m\u00e1s que nunca en forma conjunta. Estoy seguro de que Unifor seguir\u00e1 apoyando a nuestros compa\u00f1eros y compa\u00f1eras en Colombia, Mozambique y otros pa\u00edses.<\/p><\/blockquote>","protected":false},"featured_media":0,"template":"","issues":[396,408,425],"companies":[],"regions":[309],"sectors":[483],"article_tags":[],"class_list":["post-172759","article","type-article","status-publish","hentry","issues-building-strong-unions","issues-global-worker","issues-workers-rights","regions-canada","sectors-energy-oil-gas-electricity-and-nuclear"],"acf":[],"yoast_head":"<!-- This site is optimized with the Yoast SEO Premium plugin v27.1 (Yoast SEO v27.1) - https:\/\/yoast.com\/product\/yoast-seo-premium-wordpress\/ -->\n<title>PERFIL DE ACTIVISMO SINDICAL: Creaci\u00f3n de gran sindicato en Canad\u00e1 por medio de la fusi\u00f3n - industriall-union<\/title>\n<meta name=\"description\" content=\"PERFIL DE ACTIVISMO SINDICALPA\u00cdS: Canad\u00e1SINDICATO:&nbsp;UniforTexto:&nbsp;Petra Br\u00e4nnmarkFoto:&nbsp;Jerry Dias, Presidente de Unifor, en el Congreso de\" \/>\n<meta name=\"robots\" content=\"index, follow, max-snippet:-1, max-image-preview:large, max-video-preview:-1\" \/>\n<link rel=\"canonical\" href=\"https:\/\/admin.industriall-union.org\/es\/perfil-de-activismo-sindical-creacion-de-gran-sindicato-en-canada-por-medio-de-la-fusion\/\" \/>\n<meta property=\"og:locale\" content=\"es_ES\" \/>\n<meta property=\"og:type\" content=\"article\" \/>\n<meta property=\"og:title\" content=\"PERFIL DE ACTIVISMO SINDICAL: Creaci\u00f3n de gran sindicato en Canad\u00e1 por medio de la fusi\u00f3n\" \/>\n<meta property=\"og:description\" content=\"PERFIL DE ACTIVISMO SINDICALPA\u00cdS: Canad\u00e1SINDICATO:&nbsp;UniforTexto:&nbsp;Petra Br\u00e4nnmarkFoto:&nbsp;Jerry Dias, Presidente de Unifor, en el Congreso de\" \/>\n<meta property=\"og:url\" content=\"https:\/\/admin.industriall-union.org\/es\/perfil-de-activismo-sindical-creacion-de-gran-sindicato-en-canada-por-medio-de-la-fusion\/\" \/>\n<meta property=\"og:site_name\" content=\"industriall-union\" \/>\n<meta property=\"article:modified_time\" content=\"2025-02-08T05:56:56+00:00\" \/>\n<meta name=\"twitter:card\" content=\"summary_large_image\" \/>\n<meta name=\"twitter:label1\" content=\"Est. reading time\" \/>\n\t<meta name=\"twitter:data1\" content=\"3 minutes\" \/>\n<script type=\"application\/ld+json\" class=\"yoast-schema-graph\">{\"@context\":\"https:\/\/schema.org\",\"@graph\":[{\"@type\":\"WebPage\",\"@id\":\"https:\/\/admin.industriall-union.org\/es\/perfil-de-activismo-sindical-creacion-de-gran-sindicato-en-canada-por-medio-de-la-fusion\/\",\"url\":\"https:\/\/admin.industriall-union.org\/es\/perfil-de-activismo-sindical-creacion-de-gran-sindicato-en-canada-por-medio-de-la-fusion\/\",\"name\":\"PERFIL DE ACTIVISMO SINDICAL: Creaci\u00f3n de gran sindicato en Canad\u00e1 por medio de la fusi\u00f3n - industriall-union\",\"isPartOf\":{\"@id\":\"https:\/\/admin.industriall-union.org\/#website\"},\"datePublished\":\"2013-11-28T09:20:44+00:00\",\"dateModified\":\"2025-02-08T05:56:56+00:00\",\"description\":\"PERFIL DE ACTIVISMO SINDICALPA\u00cdS: Canad\u00e1SINDICATO:&nbsp;UniforTexto:&nbsp;Petra Br\u00e4nnmarkFoto:&nbsp;Jerry Dias, Presidente de Unifor, en el Congreso de\",\"breadcrumb\":{\"@id\":\"https:\/\/admin.industriall-union.org\/es\/perfil-de-activismo-sindical-creacion-de-gran-sindicato-en-canada-por-medio-de-la-fusion\/#breadcrumb\"},\"inLanguage\":\"es-ES\",\"potentialAction\":[{\"@type\":\"ReadAction\",\"target\":[\"https:\/\/admin.industriall-union.org\/es\/perfil-de-activismo-sindical-creacion-de-gran-sindicato-en-canada-por-medio-de-la-fusion\/\"]}]},{\"@type\":\"BreadcrumbList\",\"@id\":\"https:\/\/admin.industriall-union.org\/es\/perfil-de-activismo-sindical-creacion-de-gran-sindicato-en-canada-por-medio-de-la-fusion\/#breadcrumb\",\"itemListElement\":[{\"@type\":\"ListItem\",\"position\":1,\"name\":\"Home\",\"item\":\"https:\/\/admin.industriall-union.org\/\"},{\"@type\":\"ListItem\",\"position\":2,\"name\":\"Articles\",\"item\":\"https:\/\/admin.industriall-union.org\/article\/\"},{\"@type\":\"ListItem\",\"position\":3,\"name\":\"PERFIL DE ACTIVISMO SINDICAL: Creaci\u00f3n de gran sindicato en Canad\u00e1 por medio de la fusi\u00f3n\"}]},{\"@type\":\"WebSite\",\"@id\":\"https:\/\/admin.industriall-union.org\/#website\",\"url\":\"https:\/\/admin.industriall-union.org\/\",\"name\":\"industriall-union\",\"description\":\"\",\"potentialAction\":[{\"@type\":\"SearchAction\",\"target\":{\"@type\":\"EntryPoint\",\"urlTemplate\":\"https:\/\/admin.industriall-union.org\/?s={search_term_string}\"},\"query-input\":{\"@type\":\"PropertyValueSpecification\",\"valueRequired\":true,\"valueName\":\"search_term_string\"}}],\"inLanguage\":\"es-ES\"}]}<\/script>\n<!-- \/ Yoast SEO Premium plugin. -->","yoast_head_json":{"title":"PERFIL DE ACTIVISMO SINDICAL: Creaci\u00f3n de gran sindicato en Canad\u00e1 por medio de la fusi\u00f3n - industriall-union","description":"PERFIL DE ACTIVISMO SINDICALPA\u00cdS: Canad\u00e1SINDICATO:&nbsp;UniforTexto:&nbsp;Petra Br\u00e4nnmarkFoto:&nbsp;Jerry Dias, Presidente de Unifor, en el Congreso de","robots":{"index":"index","follow":"follow","max-snippet":"max-snippet:-1","max-image-preview":"max-image-preview:large","max-video-preview":"max-video-preview:-1"},"canonical":"https:\/\/admin.industriall-union.org\/es\/perfil-de-activismo-sindical-creacion-de-gran-sindicato-en-canada-por-medio-de-la-fusion\/","og_locale":"es_ES","og_type":"article","og_title":"PERFIL DE ACTIVISMO SINDICAL: Creaci\u00f3n de gran sindicato en Canad\u00e1 por medio de la fusi\u00f3n","og_description":"PERFIL DE ACTIVISMO SINDICALPA\u00cdS: Canad\u00e1SINDICATO:&nbsp;UniforTexto:&nbsp;Petra Br\u00e4nnmarkFoto:&nbsp;Jerry Dias, Presidente de Unifor, en el Congreso de","og_url":"https:\/\/admin.industriall-union.org\/es\/perfil-de-activismo-sindical-creacion-de-gran-sindicato-en-canada-por-medio-de-la-fusion\/","og_site_name":"industriall-union","article_modified_time":"2025-02-08T05:56:56+00:00","twitter_card":"summary_large_image","twitter_misc":{"Est. reading time":"3 minutes"},"schema":{"@context":"https:\/\/schema.org","@graph":[{"@type":"WebPage","@id":"https:\/\/admin.industriall-union.org\/es\/perfil-de-activismo-sindical-creacion-de-gran-sindicato-en-canada-por-medio-de-la-fusion\/","url":"https:\/\/admin.industriall-union.org\/es\/perfil-de-activismo-sindical-creacion-de-gran-sindicato-en-canada-por-medio-de-la-fusion\/","name":"PERFIL DE ACTIVISMO SINDICAL: Creaci\u00f3n de gran sindicato en Canad\u00e1 por medio de la fusi\u00f3n - industriall-union","isPartOf":{"@id":"https:\/\/admin.industriall-union.org\/#website"},"datePublished":"2013-11-28T09:20:44+00:00","dateModified":"2025-02-08T05:56:56+00:00","description":"PERFIL DE ACTIVISMO SINDICALPA\u00cdS: Canad\u00e1SINDICATO:&nbsp;UniforTexto:&nbsp;Petra Br\u00e4nnmarkFoto:&nbsp;Jerry Dias, Presidente de Unifor, en el Congreso de","breadcrumb":{"@id":"https:\/\/admin.industriall-union.org\/es\/perfil-de-activismo-sindical-creacion-de-gran-sindicato-en-canada-por-medio-de-la-fusion\/#breadcrumb"},"inLanguage":"es-ES","potentialAction":[{"@type":"ReadAction","target":["https:\/\/admin.industriall-union.org\/es\/perfil-de-activismo-sindical-creacion-de-gran-sindicato-en-canada-por-medio-de-la-fusion\/"]}]},{"@type":"BreadcrumbList","@id":"https:\/\/admin.industriall-union.org\/es\/perfil-de-activismo-sindical-creacion-de-gran-sindicato-en-canada-por-medio-de-la-fusion\/#breadcrumb","itemListElement":[{"@type":"ListItem","position":1,"name":"Home","item":"https:\/\/admin.industriall-union.org\/"},{"@type":"ListItem","position":2,"name":"Articles","item":"https:\/\/admin.industriall-union.org\/article\/"},{"@type":"ListItem","position":3,"name":"PERFIL DE ACTIVISMO SINDICAL: Creaci\u00f3n de gran sindicato en Canad\u00e1 por medio de la fusi\u00f3n"}]},{"@type":"WebSite","@id":"https:\/\/admin.industriall-union.org\/#website","url":"https:\/\/admin.industriall-union.org\/","name":"industriall-union","description":"","potentialAction":[{"@type":"SearchAction","target":{"@type":"EntryPoint","urlTemplate":"https:\/\/admin.industriall-union.org\/?s={search_term_string}"},"query-input":{"@type":"PropertyValueSpecification","valueRequired":true,"valueName":"search_term_string"}}],"inLanguage":"es-ES"}]}},"_links":{"self":[{"href":"https:\/\/admin.industriall-union.org\/es\/wp-json\/wp\/v2\/article\/172759","targetHints":{"allow":["GET"]}}],"collection":[{"href":"https:\/\/admin.industriall-union.org\/es\/wp-json\/wp\/v2\/article"}],"about":[{"href":"https:\/\/admin.industriall-union.org\/es\/wp-json\/wp\/v2\/types\/article"}],"wp:attachment":[{"href":"https:\/\/admin.industriall-union.org\/es\/wp-json\/wp\/v2\/media?parent=172759"}],"wp:term":[{"taxonomy":"issues","embeddable":true,"href":"https:\/\/admin.industriall-union.org\/es\/wp-json\/wp\/v2\/issues?post=172759"},{"taxonomy":"companies","embeddable":true,"href":"https:\/\/admin.industriall-union.org\/es\/wp-json\/wp\/v2\/companies?post=172759"},{"taxonomy":"regions","embeddable":true,"href":"https:\/\/admin.industriall-union.org\/es\/wp-json\/wp\/v2\/regions?post=172759"},{"taxonomy":"sectors","embeddable":true,"href":"https:\/\/admin.industriall-union.org\/es\/wp-json\/wp\/v2\/sectors?post=172759"},{"taxonomy":"article_tags","embeddable":true,"href":"https:\/\/admin.industriall-union.org\/es\/wp-json\/wp\/v2\/article_tags?post=172759"}],"curies":[{"name":"wp","href":"https:\/\/api.w.org\/{rel}","templated":true}]}}