{"id":172757,"date":"2013-11-28T15:41:54","date_gmt":"2013-11-28T15:41:54","guid":{"rendered":"https:\/\/admin.industriall-union.org\/jyrki-raina-bienvenidos-a-global-worker\/"},"modified":"2025-02-08T05:56:22","modified_gmt":"2025-02-08T05:56:22","slug":"jyrki-raina-bienvenidos-a-global-worker","status":"publish","type":"article","link":"https:\/\/admin.industriall-union.org\/es\/jyrki-raina-bienvenidos-a-global-worker\/","title":{"rendered":"JYRKI RAINA: Bienvenidos a global worker"},"content":{"rendered":"<h2>Jyrki Raina, IndustriALL Secretario General<\/h2><blockquote><p><span style=\"font-size: 1em\">Estamos decididos a hacer todo lo necesario para lograr un cambio profundo en Bangladesh.<\/span><\/p><\/blockquote><h3><span>La lucha por la dignidad<\/span><\/h3><p>En Bangladesh, el Medio Oriente y el Norte de \u00c1frica, as\u00ed como en Rio Tinto, IndustriALL Global Union est\u00e1 encabezando la lucha de los trabajadores por lograr dignidad y respeto.<\/p><p>En abril, se derrumb\u00f3 Rana Plaza, edificio de ocho pisos situado cerca de Dhaka, en Bangladesh, matando a 1.129 trabajadores de la confecci\u00f3n. A consecuencia de este homicidio industrial, se aceleraron las negociaciones respecto a un Acuerdo jur\u00eddicamente vinculante sobre Seguridad en la Construcci\u00f3n de Edificios y de Instalaciones de Sistemas contra Incendios en el sector minorista de Bangladesh. Esas negociaciones fueron encabezadas por IndustriALL y nuestra organizaci\u00f3n hermana UNI.<\/p><p>Despu\u00e9s de que las primeras empresas, H&amp;M, Inditex y C&amp;A, firmaran el Acuerdo, m\u00e1s de 100 importantes marcas y minoristas de todo el mundo han firmado este hist\u00f3rico acuerdo, que ayudar\u00e1 para que la industria de la confecci\u00f3n de Bangladesh sea m\u00e1s segura y sostenible, en un importante proyecto con una duraci\u00f3n de cinco a\u00f1os.<\/p><p>Las empresas participantes se han comprometido a realizar inspecciones minuciosas, a conseguir financiamiento para las reparaciones necesarias de las f\u00e1bricas peligrosas, y a proveer capacitaci\u00f3n de administradores y trabajadores.<\/p><p>Ser\u00e1 un camino largo y complejo: as\u00ed lo demuestran los problemas respecto a aquellas f\u00e1bricas que ya se han identificado como peligrosas. Por delante hay muchas decisiones dif\u00edciles e impopulares. Pero tenemos que deshacernos de f\u00e1bricas letales que producen camisetas baratas para los consumidores occidentales. De hecho, esperamos que, despu\u00e9s de las negociaciones sobre compensaci\u00f3n por Rana Plaza, Tazreen Fashions y Aswad, no haya necesidad de realizar m\u00e1s negociaciones de este tipo.<\/p><p>IndustriALL tambi\u00e9n seguir\u00e1 ejerciendo presi\u00f3n para aumentar el sueldo mensual m\u00ednimo de US$38 hasta alcanzar el nivel de un salario vital; seguiremos insistiendo en una reforma de la legislaci\u00f3n laboral para que cumpla con las normas de la OIT; adem\u00e1s, vamos a poner en marcha un importante proyecto de sindicalizaci\u00f3n, en cooperaci\u00f3n con nuestras organizaciones asociadas. Estamos decididos a hacer todo lo necesario para lograr un cambio profundo en Bangladesh.<\/p><p>En la regi\u00f3n del Medio Oriente y \u00c1frica del Norte, IndustriALL est\u00e1 apoyando el desarrollo y crecimiento de sindicatos libres e independientes. En esta edici\u00f3n del Global Worker, explicamos c\u00f3mo realizamos esta labor.<\/p><p>En enero de 2011, en un levantamiento que marc\u00f3 el inicio de la primavera \u00e1rabe, los tunecinos derrocaron al r\u00e9gimen del presidente Ben Ali. Despu\u00e9s de esto, se produjeron disturbios, revoluciones, e incluso guerras en varios pa\u00edses de la regi\u00f3n.<\/p><p>Era evidente que el pueblo estaba harto de pobreza,&nbsp; desempleo,&nbsp; injusticia social,&nbsp; falta de democracia y falta de esperanza de alcanzar una vida mejor. La gente estaba indignada, y sali\u00f3 a las calles para exigir el cambio.<\/p><p>Hoy en d\u00eda, m\u00e1s de dos a\u00f1os despu\u00e9s de la primavera \u00e1rabe, hemos visto cambios en el Medio Oriente y el Norte de \u00c1frica, pero tambi\u00e9n profunda frustraci\u00f3n y desilusi\u00f3n de la gente debido a las altas expectativas e incumplimiento de promesas. La democracia no le sigue autom\u00e1ticamente a la dictadura.&nbsp; En varios pa\u00edses, la libertad de sindicalizaci\u00f3n est\u00e1 en peligro.<\/p><p>Por lo tanto, IndustriALL est\u00e1 tomando medidas muy concretas para proteger los derechos sindicales y para ayudar a los sindicatos independientes a desarrollar su capacidad para crecer en Egipto, Irak, T\u00fanez y en otras partes de la regi\u00f3n.<\/p><p>En esta edici\u00f3n del Global Worker, damos a conocer abusos contra los derechos humanos y sindicales por parte de la gigantesca empresa minera Rio Tinto. A trav\u00e9s de una red sindical mundial, IndustriALL est\u00e1 desarrollando una fuerza de contraposici\u00f3n para que la empresa respete a sus trabajadores. Nunca se detendr\u00e1 la lucha por la dignidad a nivel de todo el mundo.<\/p><p>Jyrki Raina<br \/>Secretario General<\/p>","protected":false},"featured_media":0,"template":"","issues":[396,408,416],"companies":[],"regions":[159,288],"sectors":[],"article_tags":[510],"class_list":["post-172757","article","type-article","status-publish","hentry","issues-building-strong-unions","issues-global-worker","issues-living-wage","regions-bangladesh","regions-middle-east-and-north-africa","article_tags-gs-corner"],"acf":[],"yoast_head":"<!-- This site is optimized with the Yoast SEO Premium plugin v27.1 (Yoast SEO v27.1) - https:\/\/yoast.com\/product\/yoast-seo-premium-wordpress\/ -->\n<title>JYRKI RAINA: Bienvenidos a global worker - industriall-union<\/title>\n<meta name=\"description\" content=\"Jyrki Raina, IndustriALL Secretario GeneralEstamos decididos a hacer todo lo necesario para lograr un cambio profundo en Bangladesh.La lucha por la\" \/>\n<meta name=\"robots\" content=\"index, follow, max-snippet:-1, max-image-preview:large, max-video-preview:-1\" \/>\n<link rel=\"canonical\" href=\"https:\/\/admin.industriall-union.org\/es\/jyrki-raina-bienvenidos-a-global-worker\/\" \/>\n<meta property=\"og:locale\" content=\"es_ES\" \/>\n<meta property=\"og:type\" content=\"article\" \/>\n<meta property=\"og:title\" content=\"JYRKI RAINA: Bienvenidos a global worker\" \/>\n<meta property=\"og:description\" content=\"Jyrki Raina, IndustriALL Secretario GeneralEstamos decididos a hacer todo lo necesario para lograr un cambio profundo en Bangladesh.La lucha por la\" \/>\n<meta property=\"og:url\" content=\"https:\/\/admin.industriall-union.org\/es\/jyrki-raina-bienvenidos-a-global-worker\/\" \/>\n<meta property=\"og:site_name\" content=\"industriall-union\" \/>\n<meta property=\"article:modified_time\" content=\"2025-02-08T05:56:22+00:00\" \/>\n<meta name=\"twitter:card\" content=\"summary_large_image\" \/>\n<meta name=\"twitter:label1\" content=\"Est. reading time\" \/>\n\t<meta name=\"twitter:data1\" content=\"3 minutes\" \/>\n<script type=\"application\/ld+json\" class=\"yoast-schema-graph\">{\"@context\":\"https:\/\/schema.org\",\"@graph\":[{\"@type\":\"WebPage\",\"@id\":\"https:\/\/admin.industriall-union.org\/es\/jyrki-raina-bienvenidos-a-global-worker\/\",\"url\":\"https:\/\/admin.industriall-union.org\/es\/jyrki-raina-bienvenidos-a-global-worker\/\",\"name\":\"JYRKI RAINA: Bienvenidos a global worker - industriall-union\",\"isPartOf\":{\"@id\":\"https:\/\/admin.industriall-union.org\/#website\"},\"datePublished\":\"2013-11-28T15:41:54+00:00\",\"dateModified\":\"2025-02-08T05:56:22+00:00\",\"description\":\"Jyrki Raina, IndustriALL Secretario GeneralEstamos decididos a hacer todo lo necesario para lograr un cambio profundo en Bangladesh.La lucha por la\",\"breadcrumb\":{\"@id\":\"https:\/\/admin.industriall-union.org\/es\/jyrki-raina-bienvenidos-a-global-worker\/#breadcrumb\"},\"inLanguage\":\"es-ES\",\"potentialAction\":[{\"@type\":\"ReadAction\",\"target\":[\"https:\/\/admin.industriall-union.org\/es\/jyrki-raina-bienvenidos-a-global-worker\/\"]}]},{\"@type\":\"BreadcrumbList\",\"@id\":\"https:\/\/admin.industriall-union.org\/es\/jyrki-raina-bienvenidos-a-global-worker\/#breadcrumb\",\"itemListElement\":[{\"@type\":\"ListItem\",\"position\":1,\"name\":\"Home\",\"item\":\"https:\/\/admin.industriall-union.org\/\"},{\"@type\":\"ListItem\",\"position\":2,\"name\":\"Articles\",\"item\":\"https:\/\/admin.industriall-union.org\/article\/\"},{\"@type\":\"ListItem\",\"position\":3,\"name\":\"JYRKI RAINA: Bienvenidos a global worker\"}]},{\"@type\":\"WebSite\",\"@id\":\"https:\/\/admin.industriall-union.org\/#website\",\"url\":\"https:\/\/admin.industriall-union.org\/\",\"name\":\"industriall-union\",\"description\":\"\",\"potentialAction\":[{\"@type\":\"SearchAction\",\"target\":{\"@type\":\"EntryPoint\",\"urlTemplate\":\"https:\/\/admin.industriall-union.org\/?s={search_term_string}\"},\"query-input\":{\"@type\":\"PropertyValueSpecification\",\"valueRequired\":true,\"valueName\":\"search_term_string\"}}],\"inLanguage\":\"es-ES\"}]}<\/script>\n<!-- \/ Yoast SEO Premium plugin. -->","yoast_head_json":{"title":"JYRKI RAINA: Bienvenidos a global worker - industriall-union","description":"Jyrki Raina, IndustriALL Secretario GeneralEstamos decididos a hacer todo lo necesario para lograr un cambio profundo en Bangladesh.La lucha por la","robots":{"index":"index","follow":"follow","max-snippet":"max-snippet:-1","max-image-preview":"max-image-preview:large","max-video-preview":"max-video-preview:-1"},"canonical":"https:\/\/admin.industriall-union.org\/es\/jyrki-raina-bienvenidos-a-global-worker\/","og_locale":"es_ES","og_type":"article","og_title":"JYRKI RAINA: Bienvenidos a global worker","og_description":"Jyrki Raina, IndustriALL Secretario GeneralEstamos decididos a hacer todo lo necesario para lograr un cambio profundo en Bangladesh.La lucha por la","og_url":"https:\/\/admin.industriall-union.org\/es\/jyrki-raina-bienvenidos-a-global-worker\/","og_site_name":"industriall-union","article_modified_time":"2025-02-08T05:56:22+00:00","twitter_card":"summary_large_image","twitter_misc":{"Est. reading time":"3 minutes"},"schema":{"@context":"https:\/\/schema.org","@graph":[{"@type":"WebPage","@id":"https:\/\/admin.industriall-union.org\/es\/jyrki-raina-bienvenidos-a-global-worker\/","url":"https:\/\/admin.industriall-union.org\/es\/jyrki-raina-bienvenidos-a-global-worker\/","name":"JYRKI RAINA: Bienvenidos a global worker - industriall-union","isPartOf":{"@id":"https:\/\/admin.industriall-union.org\/#website"},"datePublished":"2013-11-28T15:41:54+00:00","dateModified":"2025-02-08T05:56:22+00:00","description":"Jyrki Raina, IndustriALL Secretario GeneralEstamos decididos a hacer todo lo necesario para lograr un cambio profundo en Bangladesh.La lucha por la","breadcrumb":{"@id":"https:\/\/admin.industriall-union.org\/es\/jyrki-raina-bienvenidos-a-global-worker\/#breadcrumb"},"inLanguage":"es-ES","potentialAction":[{"@type":"ReadAction","target":["https:\/\/admin.industriall-union.org\/es\/jyrki-raina-bienvenidos-a-global-worker\/"]}]},{"@type":"BreadcrumbList","@id":"https:\/\/admin.industriall-union.org\/es\/jyrki-raina-bienvenidos-a-global-worker\/#breadcrumb","itemListElement":[{"@type":"ListItem","position":1,"name":"Home","item":"https:\/\/admin.industriall-union.org\/"},{"@type":"ListItem","position":2,"name":"Articles","item":"https:\/\/admin.industriall-union.org\/article\/"},{"@type":"ListItem","position":3,"name":"JYRKI RAINA: Bienvenidos a global worker"}]},{"@type":"WebSite","@id":"https:\/\/admin.industriall-union.org\/#website","url":"https:\/\/admin.industriall-union.org\/","name":"industriall-union","description":"","potentialAction":[{"@type":"SearchAction","target":{"@type":"EntryPoint","urlTemplate":"https:\/\/admin.industriall-union.org\/?s={search_term_string}"},"query-input":{"@type":"PropertyValueSpecification","valueRequired":true,"valueName":"search_term_string"}}],"inLanguage":"es-ES"}]}},"_links":{"self":[{"href":"https:\/\/admin.industriall-union.org\/es\/wp-json\/wp\/v2\/article\/172757","targetHints":{"allow":["GET"]}}],"collection":[{"href":"https:\/\/admin.industriall-union.org\/es\/wp-json\/wp\/v2\/article"}],"about":[{"href":"https:\/\/admin.industriall-union.org\/es\/wp-json\/wp\/v2\/types\/article"}],"wp:attachment":[{"href":"https:\/\/admin.industriall-union.org\/es\/wp-json\/wp\/v2\/media?parent=172757"}],"wp:term":[{"taxonomy":"issues","embeddable":true,"href":"https:\/\/admin.industriall-union.org\/es\/wp-json\/wp\/v2\/issues?post=172757"},{"taxonomy":"companies","embeddable":true,"href":"https:\/\/admin.industriall-union.org\/es\/wp-json\/wp\/v2\/companies?post=172757"},{"taxonomy":"regions","embeddable":true,"href":"https:\/\/admin.industriall-union.org\/es\/wp-json\/wp\/v2\/regions?post=172757"},{"taxonomy":"sectors","embeddable":true,"href":"https:\/\/admin.industriall-union.org\/es\/wp-json\/wp\/v2\/sectors?post=172757"},{"taxonomy":"article_tags","embeddable":true,"href":"https:\/\/admin.industriall-union.org\/es\/wp-json\/wp\/v2\/article_tags?post=172757"}],"curies":[{"name":"wp","href":"https:\/\/api.w.org\/{rel}","templated":true}]}}