{"id":172730,"date":"2013-12-16T15:06:06","date_gmt":"2013-12-16T15:06:06","guid":{"rendered":"https:\/\/admin.industriall-union.org\/exigen-a-supermercados-suizos-firmar-el-acuerdo-de-bangladesh-antes-de-navidad\/"},"modified":"2025-02-08T05:34:52","modified_gmt":"2025-02-08T05:34:52","slug":"exigen-a-supermercados-suizos-firmar-el-acuerdo-de-bangladesh-antes-de-navidad","status":"publish","type":"article","link":"https:\/\/admin.industriall-union.org\/es\/exigen-a-supermercados-suizos-firmar-el-acuerdo-de-bangladesh-antes-de-navidad\/","title":{"rendered":"Exigen a supermercados suizos firmar el Acuerdo de Bangladesh, antes de Navidad"},"content":{"rendered":"<p>M\u00e1s de 120 marcas internacionales han firmado dicho Acuerdo, documento legalmente vinculante que pretende procurar seguridad y sostenibilidad en el sector de la confecci\u00f3n de Bangladesh tras una serie de tragedias mortales. Sin embargo, hasta el momento, estas dos enormes empresas comerciales suizas se han negado permitir que se agreguen sus nombres a una lista que ya incluye una serie de marcas internacionales de supermercados.<\/p><p>En abril, murieron m\u00e1s de 1.100 trabajadores de la confecci\u00f3n cuando el complejo de la f\u00e1brica Rana Plaza se derrumb\u00f3 cerca de la capital, Dhaka. A consecuencia de este desastre, IndustriALL y UNI establecieron el Acuerdo sobre Seguridad en la Construcci\u00f3n de Edificios y de Instalaciones de Sistemas contra Incendios en Bangladesh que ahora cubre m\u00e1s de 1.800 f\u00e1bricas y a m\u00e1s de 2 millones de trabajadores y trabajadoras.<\/p><p>Jyrki Raina y Philip Jennings, dirigentes de IndustriALL y de UNI Global Union, respectivamente, estuvieron presentes, en una protesta frente a una tienda de Migros en Nyon, acompa\u00f1ados por la Secretaria General de la CSI, Sharan Burrow.<\/p><p>&quot;Faltan s\u00f3lo a ocho d\u00edas para Navidad, pero han pasado ocho meses desde que se produjo una tragedia que caus\u00f3 la muerte de m\u00e1s de un millar de personas en Bangladesh&quot;, dijo Jennings.<\/p><p>&quot;Queremos dar a Migros y Coop una \u00faltima oportunidad para que hagan lo correcto y firmen el Acuerdo, antes de A\u00f1o Nuevo. Es el momento de hacer primar la humanidad sobre los beneficios&quot;.<\/p><p>Jyrki Raina dijo: &quot;Hemos luchado sin descanso para que las marcas de todo el mundo firmen este Acuerdo y estamos muy contentos con el progreso que se ha logrado. Pero al mirar nuestro propio patio trasero, lamentablemente observamos que entre los signatarios del Acuerdo faltan algunas de las m\u00e1s importantes marcas suizas que obtienen productos de Bangladesh&quot;.<\/p><p>Finalmente, Sharan Burrow, Secretaria General de la CSI, expres\u00f3: &quot;Los directores generales de un gran n\u00famero de las m\u00e1s importantes marcas internacionales han firmado este Acuerdo, que est\u00e1 incidiendo significativamente para mejorar la seguridad en las f\u00e1bricas en Bangladesh.<\/p><p>&quot;Los que no lo han firmado se esconden en las sombras. Se muestran reacios a demostrar que se preocupan por sus trabajadores o por sus cadenas de suministro. Deben comprometerse a corregir esta indecisi\u00f3n inmediatamente&quot;.<\/p><p>En cartas dirigidas a los Directores Generales, tanto de Migros como de Coop, Jennings y Raina explicaron: &quot;Les hemos escrito para pedirles que se unan a m\u00e1s de 120 marcas globales en un movimiento sin precedentes cuyo objetivo es mejorar las condiciones de trabajo y de seguridad para los trabajadores y trabajadoras de la confecci\u00f3n en Bangladesh, de donde sus&nbsp; empresas independientes obtienen varios productos.&quot;<\/p><blockquote><p>Gracias al Acuerdo, ya han mejorado las condiciones de seguridad en muchas f\u00e1bricas. Entre las marcas internacionales de supermercados que han firmado y que participan activamente en la aplicaci\u00f3n del Acuerdo figuran Carrefour, Tesco, Sainsbury, Lidl y otras. Hoy pedimos a la COOP y a Migros que hagan lo mismo<\/p><\/blockquote>","protected":false},"featured_media":0,"template":"","issues":[414],"companies":[],"regions":[248],"sectors":[468],"article_tags":[],"class_list":["post-172730","article","type-article","status-publish","hentry","issues-action-on-bangladesh","regions-switzerland","sectors-textile-industry"],"acf":[],"yoast_head":"<!-- This site is optimized with the Yoast SEO Premium plugin v27.1 (Yoast SEO v27.1) - https:\/\/yoast.com\/product\/yoast-seo-premium-wordpress\/ -->\n<title>Exigen a supermercados suizos firmar el Acuerdo de Bangladesh, antes de Navidad - industriall-union<\/title>\n<meta name=\"description\" content=\"M\u00e1s de 120 marcas internacionales han firmado dicho Acuerdo, documento legalmente vinculante que pretende procurar seguridad y sostenibilidad en el sector\" \/>\n<meta name=\"robots\" content=\"index, follow, max-snippet:-1, max-image-preview:large, max-video-preview:-1\" \/>\n<link rel=\"canonical\" href=\"https:\/\/admin.industriall-union.org\/es\/exigen-a-supermercados-suizos-firmar-el-acuerdo-de-bangladesh-antes-de-navidad\/\" \/>\n<meta property=\"og:locale\" content=\"es_ES\" \/>\n<meta property=\"og:type\" content=\"article\" \/>\n<meta property=\"og:title\" content=\"Exigen a supermercados suizos firmar el Acuerdo de Bangladesh, antes de Navidad\" \/>\n<meta property=\"og:description\" content=\"M\u00e1s de 120 marcas internacionales han firmado dicho Acuerdo, documento legalmente vinculante que pretende procurar seguridad y sostenibilidad en el sector\" \/>\n<meta property=\"og:url\" content=\"https:\/\/admin.industriall-union.org\/es\/exigen-a-supermercados-suizos-firmar-el-acuerdo-de-bangladesh-antes-de-navidad\/\" \/>\n<meta property=\"og:site_name\" content=\"industriall-union\" \/>\n<meta property=\"article:modified_time\" content=\"2025-02-08T05:34:52+00:00\" \/>\n<meta name=\"twitter:card\" content=\"summary_large_image\" \/>\n<meta name=\"twitter:label1\" content=\"Est. reading time\" \/>\n\t<meta name=\"twitter:data1\" content=\"3 minutes\" \/>\n<script type=\"application\/ld+json\" class=\"yoast-schema-graph\">{\"@context\":\"https:\/\/schema.org\",\"@graph\":[{\"@type\":\"WebPage\",\"@id\":\"https:\/\/admin.industriall-union.org\/es\/exigen-a-supermercados-suizos-firmar-el-acuerdo-de-bangladesh-antes-de-navidad\/\",\"url\":\"https:\/\/admin.industriall-union.org\/es\/exigen-a-supermercados-suizos-firmar-el-acuerdo-de-bangladesh-antes-de-navidad\/\",\"name\":\"Exigen a supermercados suizos firmar el Acuerdo de Bangladesh, antes de Navidad - industriall-union\",\"isPartOf\":{\"@id\":\"https:\/\/admin.industriall-union.org\/#website\"},\"datePublished\":\"2013-12-16T15:06:06+00:00\",\"dateModified\":\"2025-02-08T05:34:52+00:00\",\"description\":\"M\u00e1s de 120 marcas internacionales han firmado dicho Acuerdo, documento legalmente vinculante que pretende procurar seguridad y sostenibilidad en el sector\",\"breadcrumb\":{\"@id\":\"https:\/\/admin.industriall-union.org\/es\/exigen-a-supermercados-suizos-firmar-el-acuerdo-de-bangladesh-antes-de-navidad\/#breadcrumb\"},\"inLanguage\":\"es-ES\",\"potentialAction\":[{\"@type\":\"ReadAction\",\"target\":[\"https:\/\/admin.industriall-union.org\/es\/exigen-a-supermercados-suizos-firmar-el-acuerdo-de-bangladesh-antes-de-navidad\/\"]}]},{\"@type\":\"BreadcrumbList\",\"@id\":\"https:\/\/admin.industriall-union.org\/es\/exigen-a-supermercados-suizos-firmar-el-acuerdo-de-bangladesh-antes-de-navidad\/#breadcrumb\",\"itemListElement\":[{\"@type\":\"ListItem\",\"position\":1,\"name\":\"Home\",\"item\":\"https:\/\/admin.industriall-union.org\/\"},{\"@type\":\"ListItem\",\"position\":2,\"name\":\"Articles\",\"item\":\"https:\/\/admin.industriall-union.org\/article\/\"},{\"@type\":\"ListItem\",\"position\":3,\"name\":\"Exigen a supermercados suizos firmar el Acuerdo de Bangladesh, antes de Navidad\"}]},{\"@type\":\"WebSite\",\"@id\":\"https:\/\/admin.industriall-union.org\/#website\",\"url\":\"https:\/\/admin.industriall-union.org\/\",\"name\":\"industriall-union\",\"description\":\"\",\"potentialAction\":[{\"@type\":\"SearchAction\",\"target\":{\"@type\":\"EntryPoint\",\"urlTemplate\":\"https:\/\/admin.industriall-union.org\/?s={search_term_string}\"},\"query-input\":{\"@type\":\"PropertyValueSpecification\",\"valueRequired\":true,\"valueName\":\"search_term_string\"}}],\"inLanguage\":\"es-ES\"}]}<\/script>\n<!-- \/ Yoast SEO Premium plugin. -->","yoast_head_json":{"title":"Exigen a supermercados suizos firmar el Acuerdo de Bangladesh, antes de Navidad - industriall-union","description":"M\u00e1s de 120 marcas internacionales han firmado dicho Acuerdo, documento legalmente vinculante que pretende procurar seguridad y sostenibilidad en el sector","robots":{"index":"index","follow":"follow","max-snippet":"max-snippet:-1","max-image-preview":"max-image-preview:large","max-video-preview":"max-video-preview:-1"},"canonical":"https:\/\/admin.industriall-union.org\/es\/exigen-a-supermercados-suizos-firmar-el-acuerdo-de-bangladesh-antes-de-navidad\/","og_locale":"es_ES","og_type":"article","og_title":"Exigen a supermercados suizos firmar el Acuerdo de Bangladesh, antes de Navidad","og_description":"M\u00e1s de 120 marcas internacionales han firmado dicho Acuerdo, documento legalmente vinculante que pretende procurar seguridad y sostenibilidad en el sector","og_url":"https:\/\/admin.industriall-union.org\/es\/exigen-a-supermercados-suizos-firmar-el-acuerdo-de-bangladesh-antes-de-navidad\/","og_site_name":"industriall-union","article_modified_time":"2025-02-08T05:34:52+00:00","twitter_card":"summary_large_image","twitter_misc":{"Est. reading time":"3 minutes"},"schema":{"@context":"https:\/\/schema.org","@graph":[{"@type":"WebPage","@id":"https:\/\/admin.industriall-union.org\/es\/exigen-a-supermercados-suizos-firmar-el-acuerdo-de-bangladesh-antes-de-navidad\/","url":"https:\/\/admin.industriall-union.org\/es\/exigen-a-supermercados-suizos-firmar-el-acuerdo-de-bangladesh-antes-de-navidad\/","name":"Exigen a supermercados suizos firmar el Acuerdo de Bangladesh, antes de Navidad - industriall-union","isPartOf":{"@id":"https:\/\/admin.industriall-union.org\/#website"},"datePublished":"2013-12-16T15:06:06+00:00","dateModified":"2025-02-08T05:34:52+00:00","description":"M\u00e1s de 120 marcas internacionales han firmado dicho Acuerdo, documento legalmente vinculante que pretende procurar seguridad y sostenibilidad en el sector","breadcrumb":{"@id":"https:\/\/admin.industriall-union.org\/es\/exigen-a-supermercados-suizos-firmar-el-acuerdo-de-bangladesh-antes-de-navidad\/#breadcrumb"},"inLanguage":"es-ES","potentialAction":[{"@type":"ReadAction","target":["https:\/\/admin.industriall-union.org\/es\/exigen-a-supermercados-suizos-firmar-el-acuerdo-de-bangladesh-antes-de-navidad\/"]}]},{"@type":"BreadcrumbList","@id":"https:\/\/admin.industriall-union.org\/es\/exigen-a-supermercados-suizos-firmar-el-acuerdo-de-bangladesh-antes-de-navidad\/#breadcrumb","itemListElement":[{"@type":"ListItem","position":1,"name":"Home","item":"https:\/\/admin.industriall-union.org\/"},{"@type":"ListItem","position":2,"name":"Articles","item":"https:\/\/admin.industriall-union.org\/article\/"},{"@type":"ListItem","position":3,"name":"Exigen a supermercados suizos firmar el Acuerdo de Bangladesh, antes de Navidad"}]},{"@type":"WebSite","@id":"https:\/\/admin.industriall-union.org\/#website","url":"https:\/\/admin.industriall-union.org\/","name":"industriall-union","description":"","potentialAction":[{"@type":"SearchAction","target":{"@type":"EntryPoint","urlTemplate":"https:\/\/admin.industriall-union.org\/?s={search_term_string}"},"query-input":{"@type":"PropertyValueSpecification","valueRequired":true,"valueName":"search_term_string"}}],"inLanguage":"es-ES"}]}},"_links":{"self":[{"href":"https:\/\/admin.industriall-union.org\/es\/wp-json\/wp\/v2\/article\/172730","targetHints":{"allow":["GET"]}}],"collection":[{"href":"https:\/\/admin.industriall-union.org\/es\/wp-json\/wp\/v2\/article"}],"about":[{"href":"https:\/\/admin.industriall-union.org\/es\/wp-json\/wp\/v2\/types\/article"}],"wp:attachment":[{"href":"https:\/\/admin.industriall-union.org\/es\/wp-json\/wp\/v2\/media?parent=172730"}],"wp:term":[{"taxonomy":"issues","embeddable":true,"href":"https:\/\/admin.industriall-union.org\/es\/wp-json\/wp\/v2\/issues?post=172730"},{"taxonomy":"companies","embeddable":true,"href":"https:\/\/admin.industriall-union.org\/es\/wp-json\/wp\/v2\/companies?post=172730"},{"taxonomy":"regions","embeddable":true,"href":"https:\/\/admin.industriall-union.org\/es\/wp-json\/wp\/v2\/regions?post=172730"},{"taxonomy":"sectors","embeddable":true,"href":"https:\/\/admin.industriall-union.org\/es\/wp-json\/wp\/v2\/sectors?post=172730"},{"taxonomy":"article_tags","embeddable":true,"href":"https:\/\/admin.industriall-union.org\/es\/wp-json\/wp\/v2\/article_tags?post=172730"}],"curies":[{"name":"wp","href":"https:\/\/api.w.org\/{rel}","templated":true}]}}