{"id":172708,"date":"2013-12-18T18:29:04","date_gmt":"2013-12-18T18:29:04","guid":{"rendered":"https:\/\/admin.industriall-union.org\/exigimos-garantias-para-que-la-uso-ejerza-la-actividad-sindical-en-colombia\/"},"modified":"2025-02-08T05:31:20","modified_gmt":"2025-02-08T05:31:20","slug":"exigimos-garantias-para-que-la-uso-ejerza-la-actividad-sindical-en-colombia","status":"publish","type":"article","link":"https:\/\/admin.industriall-union.org\/es\/exigimos-garantias-para-que-la-uso-ejerza-la-actividad-sindical-en-colombia\/","title":{"rendered":"Exigimos garant\u00edas para que la USO ejerza la actividad sindical en Colombia"},"content":{"rendered":"<p>En el 2011 el grito contenido de 12.000 trabajadores petroleros en el Meta se hizo escuchar en el pa\u00eds, bajo un cerco militar sin precedentes. Pacific Rubiales y sus contratistas intentaron acallar esta protesta incurriendo en concierto para delinquir y violaci\u00f3n a la libertad sindical, raz\u00f3n por la cual la USO&nbsp; los denunci\u00f3 penalmente. Hoy los principales testigos de esta denuncia han sido apresados y dirigidos a la c\u00e1rcel.&nbsp; En un solo d\u00eda la Fiscal 239, Luisa Fajardo, hizo efectiva la orden de captura de los compa\u00f1eros de la USO H\u00e9ctor S\u00e1nchez,&nbsp; Jos\u00e9 Dilio Naranjo y Campo El\u00edas Ortiz, con acusaciones temerarias que dan para penas de 10 a 30 a\u00f1os de prisi\u00f3n, tales como concierto para delinquir y secuestro agravado.<\/p><p>Pacific Rubiales se ha convertido en un Estado dentro del Estado, con fuerzas militares, alcaldes y fiscales&nbsp; totalmente sometidos a sus intereses, con mordaza a los medios, pautas publicitarias y el lavado de su imagen mediante patrocinios como el de nuestra selecci\u00f3n Colombia.<\/p><p>En la audiencia p\u00fablica de imputaci\u00f3n de cargos, la Fiscal 239 se atrevi\u00f3 a manifestar que el delito de concierto para delinquir se fundamentaba en el hecho de que los tres compa\u00f1eros inculpados pertenecen a la misma organizaci\u00f3n, la Uni\u00f3n Sindical Obrera USO. Ante lo cual el abogado defensor le replic\u00f3 que por lo pronto, en este pa\u00eds, el derecho de asociaci\u00f3n sindical es un derecho constitucional.<\/p><p>La desfachatez de la fiscal fue complementada por un juez timorato, que les neg\u00f3 la presunci\u00f3n de inocencia al dictar&nbsp; medida de aseguramiento, consciente de que los delitos que se pretend\u00eda imputar a los compa\u00f1eros son descabellados e infundados. La Fiscal asever\u00f3 que los tres compa\u00f1eros estaban al mando de 300 &ldquo;encapuchados&rdquo; y que estos secuestraron a otros 5.000 trabajadores en octubre del 2011. Que H\u00e9ctor S\u00e1nchez fue soldado profesional y sabe de estrategias militares. Pero, al mismo tiempo, dice que la geograf\u00eda de los hechos se corresponde a 57.000 veces la Plaza de Bol\u00edvar, de Bogot\u00e1 y, que del \u00e1rea entraban y sal\u00edan personas y veh\u00edculos normalmente.<\/p><p>Los llamados encapuchados son parte de los 12.000 trabajadores, ataviados con la indumentaria necesaria para protegerse del clima y de los riesgos profesionales,&nbsp; que en su momento estaban protestando contra las&nbsp; condiciones de esclavismo a que ven\u00edan siendo sometidos por Pacific, durante m\u00e1s de una d\u00e9cada. A la Fiscal se le olvida intencionalmente que el \u00e1rea estaba&nbsp; totalmente acordonada por un Batall\u00f3n Energ\u00e9tico, Boinas Rojas, Smad, polic\u00eda y la Seguridad privada de Pacific.<\/p><p>Algo parecido ocurre con el compa\u00f1ero Oscar Orozco, presidente de la CUT y de&nbsp; SINTRAELECOL en Caldas, quien despu\u00e9s de ser objeto de 4 atentados le quitan el esquema de seguridad, despu\u00e9s de lo cual sufre otro atentado y&nbsp; adem\u00e1s le imputan cargos por un supuesto auto atentado. El fiscal solicit\u00f3 medida de aseguramiento y decret\u00f3 el silencio: impedir cualquier pronunciamiento del compa\u00f1ero Oscar sobre su causa y cualquier manifestaci\u00f3n en su respaldo. Por fortuna en esta oportunidad el juez del caso no lo permiti\u00f3.<\/p><p>Hoy el movimiento social y la oposici\u00f3n pol\u00edtica viene siendo sometida a muerte social y pol\u00edtica, unos mediante la Ley de Seguridad Ciudadana y&nbsp; otros a trav\u00e9s del Procurador General Alejandro Ordo\u00f1ez, convertido en el inquisidor de turno, quien se ha especializado en destituir a miembros de la oposici\u00f3n pol\u00edtica de este pa\u00eds e inhabilitarlos de por vida.&nbsp; As\u00ed lo ha hecho con la Senadora Piedad C\u00f3rdoba y&nbsp; hoy, destituye e inhabilita por 15 a\u00f1os al alcalde de Bogot\u00e1, Gustavo Petro. Destituci\u00f3n y muerte pol\u00edtica con la que pretende oponerse al proceso de paz con la insurgencia que se adelanta en la Habana.<\/p><p>El Sector minero energ\u00e9tico agrupado en la Coordinadora para la Unidad Minero Energ\u00e9tica CUSME, exige &ldquo;garant\u00edas, para que la USO pueda ejercer la actividad sindical, garant\u00edas que&nbsp; la Fiscal Luisa Fajardo no proporciona, que se detengan las \u00f3rdenes de captura y se archiven los 39&nbsp; procesos que hoy cursan&nbsp; contra la USO, 34 de los cuales est\u00e1n basados en las protestas de los trabajadores y la poblaci\u00f3n&nbsp; en la Rep\u00fablica Bananera de Pacific Rubiales en el Meta. Que los compa\u00f1eros detenidos sean liberados de inmediato, que se proporcione garant\u00edas al debido proceso y al derecho a la defensa, que los casos de la USO sean trasladados a la unidad nacional de an\u00e1lisis y contexto de la Fiscal\u00eda y que se derogue la ley de Seguridad Ciudadana, que sirve de soporte a todos estos exabruptos contra el movimiento social&rdquo;.<\/p><p>IndustriALL Global Union, se ha adherido a las demandas de la Coordinadora <a href=\"http:\/\/www.industriall-union.org\/es\/demandamos-libertad-inmediata-de-los-lideres-sindicales-de-la-uso\">http:\/\/www.industriall-union.org\/es\/demandamos-libertad-inmediata-de-los-lideres-sindicales-de-la-uso<\/a>. Y ha llamado al gobierno colombiano para que intervenga en la libertad inmediata de los trabajadores y dirigentes sindicales, y el cese de la persecuci\u00f3n del Estado contra los trabajadores petroleros y contra el movimiento sindical y social en el pa\u00eds.<\/p>","protected":false},"featured_media":0,"template":"","issues":[420],"companies":[],"regions":[264],"sectors":[483],"article_tags":[],"class_list":["post-172708","article","type-article","status-publish","hentry","issues-solidarity","regions-colombia","sectors-energy-oil-gas-electricity-and-nuclear"],"acf":[],"yoast_head":"<!-- This site is optimized with the Yoast SEO Premium plugin v27.1 (Yoast SEO v27.1) - https:\/\/yoast.com\/product\/yoast-seo-premium-wordpress\/ -->\n<title>Exigimos garant\u00edas para que la USO ejerza la actividad sindical en Colombia - industriall-union<\/title>\n<meta name=\"description\" content=\"En el 2011 el grito contenido de 12.000 trabajadores petroleros en el Meta se hizo escuchar en el pa\u00eds, bajo un cerco militar sin precedentes. Pacific\" \/>\n<meta name=\"robots\" content=\"index, follow, max-snippet:-1, max-image-preview:large, max-video-preview:-1\" \/>\n<link rel=\"canonical\" href=\"https:\/\/admin.industriall-union.org\/es\/exigimos-garantias-para-que-la-uso-ejerza-la-actividad-sindical-en-colombia\/\" \/>\n<meta property=\"og:locale\" content=\"es_ES\" \/>\n<meta property=\"og:type\" content=\"article\" \/>\n<meta property=\"og:title\" content=\"Exigimos garant\u00edas para que la USO ejerza la actividad sindical en Colombia\" \/>\n<meta property=\"og:description\" content=\"En el 2011 el grito contenido de 12.000 trabajadores petroleros en el Meta se hizo escuchar en el pa\u00eds, bajo un cerco militar sin precedentes. Pacific\" \/>\n<meta property=\"og:url\" content=\"https:\/\/admin.industriall-union.org\/es\/exigimos-garantias-para-que-la-uso-ejerza-la-actividad-sindical-en-colombia\/\" \/>\n<meta property=\"og:site_name\" content=\"industriall-union\" \/>\n<meta property=\"article:modified_time\" content=\"2025-02-08T05:31:20+00:00\" \/>\n<meta name=\"twitter:card\" content=\"summary_large_image\" \/>\n<meta name=\"twitter:label1\" content=\"Est. reading time\" \/>\n\t<meta name=\"twitter:data1\" content=\"4 minutes\" \/>\n<script type=\"application\/ld+json\" class=\"yoast-schema-graph\">{\"@context\":\"https:\/\/schema.org\",\"@graph\":[{\"@type\":\"WebPage\",\"@id\":\"https:\/\/admin.industriall-union.org\/es\/exigimos-garantias-para-que-la-uso-ejerza-la-actividad-sindical-en-colombia\/\",\"url\":\"https:\/\/admin.industriall-union.org\/es\/exigimos-garantias-para-que-la-uso-ejerza-la-actividad-sindical-en-colombia\/\",\"name\":\"Exigimos garant\u00edas para que la USO ejerza la actividad sindical en Colombia - industriall-union\",\"isPartOf\":{\"@id\":\"https:\/\/admin.industriall-union.org\/#website\"},\"datePublished\":\"2013-12-18T18:29:04+00:00\",\"dateModified\":\"2025-02-08T05:31:20+00:00\",\"description\":\"En el 2011 el grito contenido de 12.000 trabajadores petroleros en el Meta se hizo escuchar en el pa\u00eds, bajo un cerco militar sin precedentes. Pacific\",\"breadcrumb\":{\"@id\":\"https:\/\/admin.industriall-union.org\/es\/exigimos-garantias-para-que-la-uso-ejerza-la-actividad-sindical-en-colombia\/#breadcrumb\"},\"inLanguage\":\"es-ES\",\"potentialAction\":[{\"@type\":\"ReadAction\",\"target\":[\"https:\/\/admin.industriall-union.org\/es\/exigimos-garantias-para-que-la-uso-ejerza-la-actividad-sindical-en-colombia\/\"]}]},{\"@type\":\"BreadcrumbList\",\"@id\":\"https:\/\/admin.industriall-union.org\/es\/exigimos-garantias-para-que-la-uso-ejerza-la-actividad-sindical-en-colombia\/#breadcrumb\",\"itemListElement\":[{\"@type\":\"ListItem\",\"position\":1,\"name\":\"Home\",\"item\":\"https:\/\/admin.industriall-union.org\/\"},{\"@type\":\"ListItem\",\"position\":2,\"name\":\"Articles\",\"item\":\"https:\/\/admin.industriall-union.org\/article\/\"},{\"@type\":\"ListItem\",\"position\":3,\"name\":\"Exigimos garant\u00edas para que la USO ejerza la actividad sindical en Colombia\"}]},{\"@type\":\"WebSite\",\"@id\":\"https:\/\/admin.industriall-union.org\/#website\",\"url\":\"https:\/\/admin.industriall-union.org\/\",\"name\":\"industriall-union\",\"description\":\"\",\"potentialAction\":[{\"@type\":\"SearchAction\",\"target\":{\"@type\":\"EntryPoint\",\"urlTemplate\":\"https:\/\/admin.industriall-union.org\/?s={search_term_string}\"},\"query-input\":{\"@type\":\"PropertyValueSpecification\",\"valueRequired\":true,\"valueName\":\"search_term_string\"}}],\"inLanguage\":\"es-ES\"}]}<\/script>\n<!-- \/ Yoast SEO Premium plugin. -->","yoast_head_json":{"title":"Exigimos garant\u00edas para que la USO ejerza la actividad sindical en Colombia - industriall-union","description":"En el 2011 el grito contenido de 12.000 trabajadores petroleros en el Meta se hizo escuchar en el pa\u00eds, bajo un cerco militar sin precedentes. Pacific","robots":{"index":"index","follow":"follow","max-snippet":"max-snippet:-1","max-image-preview":"max-image-preview:large","max-video-preview":"max-video-preview:-1"},"canonical":"https:\/\/admin.industriall-union.org\/es\/exigimos-garantias-para-que-la-uso-ejerza-la-actividad-sindical-en-colombia\/","og_locale":"es_ES","og_type":"article","og_title":"Exigimos garant\u00edas para que la USO ejerza la actividad sindical en Colombia","og_description":"En el 2011 el grito contenido de 12.000 trabajadores petroleros en el Meta se hizo escuchar en el pa\u00eds, bajo un cerco militar sin precedentes. Pacific","og_url":"https:\/\/admin.industriall-union.org\/es\/exigimos-garantias-para-que-la-uso-ejerza-la-actividad-sindical-en-colombia\/","og_site_name":"industriall-union","article_modified_time":"2025-02-08T05:31:20+00:00","twitter_card":"summary_large_image","twitter_misc":{"Est. reading time":"4 minutes"},"schema":{"@context":"https:\/\/schema.org","@graph":[{"@type":"WebPage","@id":"https:\/\/admin.industriall-union.org\/es\/exigimos-garantias-para-que-la-uso-ejerza-la-actividad-sindical-en-colombia\/","url":"https:\/\/admin.industriall-union.org\/es\/exigimos-garantias-para-que-la-uso-ejerza-la-actividad-sindical-en-colombia\/","name":"Exigimos garant\u00edas para que la USO ejerza la actividad sindical en Colombia - industriall-union","isPartOf":{"@id":"https:\/\/admin.industriall-union.org\/#website"},"datePublished":"2013-12-18T18:29:04+00:00","dateModified":"2025-02-08T05:31:20+00:00","description":"En el 2011 el grito contenido de 12.000 trabajadores petroleros en el Meta se hizo escuchar en el pa\u00eds, bajo un cerco militar sin precedentes. Pacific","breadcrumb":{"@id":"https:\/\/admin.industriall-union.org\/es\/exigimos-garantias-para-que-la-uso-ejerza-la-actividad-sindical-en-colombia\/#breadcrumb"},"inLanguage":"es-ES","potentialAction":[{"@type":"ReadAction","target":["https:\/\/admin.industriall-union.org\/es\/exigimos-garantias-para-que-la-uso-ejerza-la-actividad-sindical-en-colombia\/"]}]},{"@type":"BreadcrumbList","@id":"https:\/\/admin.industriall-union.org\/es\/exigimos-garantias-para-que-la-uso-ejerza-la-actividad-sindical-en-colombia\/#breadcrumb","itemListElement":[{"@type":"ListItem","position":1,"name":"Home","item":"https:\/\/admin.industriall-union.org\/"},{"@type":"ListItem","position":2,"name":"Articles","item":"https:\/\/admin.industriall-union.org\/article\/"},{"@type":"ListItem","position":3,"name":"Exigimos garant\u00edas para que la USO ejerza la actividad sindical en Colombia"}]},{"@type":"WebSite","@id":"https:\/\/admin.industriall-union.org\/#website","url":"https:\/\/admin.industriall-union.org\/","name":"industriall-union","description":"","potentialAction":[{"@type":"SearchAction","target":{"@type":"EntryPoint","urlTemplate":"https:\/\/admin.industriall-union.org\/?s={search_term_string}"},"query-input":{"@type":"PropertyValueSpecification","valueRequired":true,"valueName":"search_term_string"}}],"inLanguage":"es-ES"}]}},"_links":{"self":[{"href":"https:\/\/admin.industriall-union.org\/es\/wp-json\/wp\/v2\/article\/172708","targetHints":{"allow":["GET"]}}],"collection":[{"href":"https:\/\/admin.industriall-union.org\/es\/wp-json\/wp\/v2\/article"}],"about":[{"href":"https:\/\/admin.industriall-union.org\/es\/wp-json\/wp\/v2\/types\/article"}],"wp:attachment":[{"href":"https:\/\/admin.industriall-union.org\/es\/wp-json\/wp\/v2\/media?parent=172708"}],"wp:term":[{"taxonomy":"issues","embeddable":true,"href":"https:\/\/admin.industriall-union.org\/es\/wp-json\/wp\/v2\/issues?post=172708"},{"taxonomy":"companies","embeddable":true,"href":"https:\/\/admin.industriall-union.org\/es\/wp-json\/wp\/v2\/companies?post=172708"},{"taxonomy":"regions","embeddable":true,"href":"https:\/\/admin.industriall-union.org\/es\/wp-json\/wp\/v2\/regions?post=172708"},{"taxonomy":"sectors","embeddable":true,"href":"https:\/\/admin.industriall-union.org\/es\/wp-json\/wp\/v2\/sectors?post=172708"},{"taxonomy":"article_tags","embeddable":true,"href":"https:\/\/admin.industriall-union.org\/es\/wp-json\/wp\/v2\/article_tags?post=172708"}],"curies":[{"name":"wp","href":"https:\/\/api.w.org\/{rel}","templated":true}]}}