{"id":172695,"date":"2013-12-27T08:09:00","date_gmt":"2013-12-27T08:09:00","guid":{"rendered":"https:\/\/admin.industriall-union.org\/glencore-xstrata-no-cambia-su-injusta-politica-antisindical-en-el-peru\/"},"modified":"2025-02-08T05:22:49","modified_gmt":"2025-02-08T05:22:49","slug":"glencore-xstrata-no-cambia-su-injusta-politica-antisindical-en-el-peru","status":"publish","type":"article","link":"https:\/\/admin.industriall-union.org\/es\/glencore-xstrata-no-cambia-su-injusta-politica-antisindical-en-el-peru\/","title":{"rendered":"Glencore Xstrata no cambia su injusta pol\u00edtica antisindical en el Per\u00fa"},"content":{"rendered":"<p>Las relaciones laborales empeoraron despu\u00e9s de que Xstrata adquiriera la empresa. La gerencia comunic\u00f3 a sus 450 empleados t\u00e9cnicos y administrativos que a partir de ese momento sus puestos de trabajo iban a ser calificados como &#039;cargos de confianza&#039;. Con ese impresionante calificativo, en la pr\u00e1ctica, se estaba diciendo al personal que estaban impedidos de acogerse a una negociaci\u00f3n colectiva.<\/p><p>El mes pasado, la situaci\u00f3n se agrav\u00f3 m\u00e1s que nunca. Como quer\u00edan hacerse escuchar en el trabajo, un grupo de empleados decidi\u00f3 formar un sindicato. Sin embargo, el d\u00eda despu\u00e9s de haberse logrado el registro del sindicato, fueron despedidos todos los treinta y cinco miembros fundadores. Luego, la empresa \u200b\u200bofreci\u00f3 reincorporarlos a condici\u00f3n de que acordaran abandonar el sindicato y firmar una carta en ese sentido redactada por los abogados de la compa\u00f1\u00eda. Treinta de ellos acordaron hacerlo; cinco trabajadores que se negaron a hacerlo no fueron reintegrados al trabajo.<\/p><p>La semana pasada, los abogados de la empresa se \u200b\u200bpusieron a trabajar de nuevo, esta vez para redactar una carta en nombre de los ex miembros del sindicato, pidiendo a las autoridades laborales cancelar el registro del sindicato, ya que el n\u00famero de afiliados hab\u00eda disminuido por debajo de los veinte miembros que exige la ley.<\/p><p>Es evidente que Glencore Xstrata no cree en el derecho universal de todos los trabajadores de unirse y formar un sindicato sin injerencia ni discriminaci\u00f3n.<\/p><blockquote><p>IndustriALL Global Union apoya al Sindicato de Trabajadores Funcionarios de la Compa\u00f1\u00eda Minera de Antapaccay, exigiendo a la compa\u00f1\u00eda se respete el derecho de sindicaci\u00f3n y de negociaci\u00f3n colectiva.<\/p><\/blockquote>","protected":false},"featured_media":0,"template":"","issues":[396,409],"companies":[60],"regions":[279],"sectors":[494],"article_tags":[505],"class_list":["post-172695","article","type-article","status-publish","hentry","issues-building-strong-unions","issues-multinational-companies-mncs","companies-glencore","regions-peru","sectors-mining-and-dgojp","article_tags-collective-bargaining"],"acf":[],"yoast_head":"<!-- This site is optimized with the Yoast SEO Premium plugin v27.1 (Yoast SEO v27.1) - https:\/\/yoast.com\/product\/yoast-seo-premium-wordpress\/ -->\n<title>Glencore Xstrata no cambia su injusta pol\u00edtica antisindical en el Per\u00fa - industriall-union<\/title>\n<meta name=\"description\" content=\"Las relaciones laborales empeoraron despu\u00e9s de que Xstrata adquiriera la empresa. La gerencia comunic\u00f3 a sus 450 empleados t\u00e9cnicos y administrativos que\" \/>\n<meta name=\"robots\" content=\"index, follow, max-snippet:-1, max-image-preview:large, max-video-preview:-1\" \/>\n<link rel=\"canonical\" href=\"https:\/\/admin.industriall-union.org\/es\/glencore-xstrata-no-cambia-su-injusta-politica-antisindical-en-el-peru\/\" \/>\n<meta property=\"og:locale\" content=\"es_ES\" \/>\n<meta property=\"og:type\" content=\"article\" \/>\n<meta property=\"og:title\" content=\"Glencore Xstrata no cambia su injusta pol\u00edtica antisindical en el Per\u00fa\" \/>\n<meta property=\"og:description\" content=\"Las relaciones laborales empeoraron despu\u00e9s de que Xstrata adquiriera la empresa. La gerencia comunic\u00f3 a sus 450 empleados t\u00e9cnicos y administrativos que\" \/>\n<meta property=\"og:url\" content=\"https:\/\/admin.industriall-union.org\/es\/glencore-xstrata-no-cambia-su-injusta-politica-antisindical-en-el-peru\/\" \/>\n<meta property=\"og:site_name\" content=\"industriall-union\" \/>\n<meta property=\"article:modified_time\" content=\"2025-02-08T05:22:49+00:00\" \/>\n<meta name=\"twitter:card\" content=\"summary_large_image\" \/>\n<meta name=\"twitter:label1\" content=\"Est. reading time\" \/>\n\t<meta name=\"twitter:data1\" content=\"1 minute\" \/>\n<script type=\"application\/ld+json\" class=\"yoast-schema-graph\">{\"@context\":\"https:\/\/schema.org\",\"@graph\":[{\"@type\":\"WebPage\",\"@id\":\"https:\/\/admin.industriall-union.org\/es\/glencore-xstrata-no-cambia-su-injusta-politica-antisindical-en-el-peru\/\",\"url\":\"https:\/\/admin.industriall-union.org\/es\/glencore-xstrata-no-cambia-su-injusta-politica-antisindical-en-el-peru\/\",\"name\":\"Glencore Xstrata no cambia su injusta pol\u00edtica antisindical en el Per\u00fa - industriall-union\",\"isPartOf\":{\"@id\":\"https:\/\/admin.industriall-union.org\/#website\"},\"datePublished\":\"2013-12-27T08:09:00+00:00\",\"dateModified\":\"2025-02-08T05:22:49+00:00\",\"description\":\"Las relaciones laborales empeoraron despu\u00e9s de que Xstrata adquiriera la empresa. La gerencia comunic\u00f3 a sus 450 empleados t\u00e9cnicos y administrativos que\",\"breadcrumb\":{\"@id\":\"https:\/\/admin.industriall-union.org\/es\/glencore-xstrata-no-cambia-su-injusta-politica-antisindical-en-el-peru\/#breadcrumb\"},\"inLanguage\":\"es-ES\",\"potentialAction\":[{\"@type\":\"ReadAction\",\"target\":[\"https:\/\/admin.industriall-union.org\/es\/glencore-xstrata-no-cambia-su-injusta-politica-antisindical-en-el-peru\/\"]}]},{\"@type\":\"BreadcrumbList\",\"@id\":\"https:\/\/admin.industriall-union.org\/es\/glencore-xstrata-no-cambia-su-injusta-politica-antisindical-en-el-peru\/#breadcrumb\",\"itemListElement\":[{\"@type\":\"ListItem\",\"position\":1,\"name\":\"Home\",\"item\":\"https:\/\/admin.industriall-union.org\/\"},{\"@type\":\"ListItem\",\"position\":2,\"name\":\"Articles\",\"item\":\"https:\/\/admin.industriall-union.org\/article\/\"},{\"@type\":\"ListItem\",\"position\":3,\"name\":\"Glencore Xstrata no cambia su injusta pol\u00edtica antisindical en el Per\u00fa\"}]},{\"@type\":\"WebSite\",\"@id\":\"https:\/\/admin.industriall-union.org\/#website\",\"url\":\"https:\/\/admin.industriall-union.org\/\",\"name\":\"industriall-union\",\"description\":\"\",\"potentialAction\":[{\"@type\":\"SearchAction\",\"target\":{\"@type\":\"EntryPoint\",\"urlTemplate\":\"https:\/\/admin.industriall-union.org\/?s={search_term_string}\"},\"query-input\":{\"@type\":\"PropertyValueSpecification\",\"valueRequired\":true,\"valueName\":\"search_term_string\"}}],\"inLanguage\":\"es-ES\"}]}<\/script>\n<!-- \/ Yoast SEO Premium plugin. -->","yoast_head_json":{"title":"Glencore Xstrata no cambia su injusta pol\u00edtica antisindical en el Per\u00fa - industriall-union","description":"Las relaciones laborales empeoraron despu\u00e9s de que Xstrata adquiriera la empresa. La gerencia comunic\u00f3 a sus 450 empleados t\u00e9cnicos y administrativos que","robots":{"index":"index","follow":"follow","max-snippet":"max-snippet:-1","max-image-preview":"max-image-preview:large","max-video-preview":"max-video-preview:-1"},"canonical":"https:\/\/admin.industriall-union.org\/es\/glencore-xstrata-no-cambia-su-injusta-politica-antisindical-en-el-peru\/","og_locale":"es_ES","og_type":"article","og_title":"Glencore Xstrata no cambia su injusta pol\u00edtica antisindical en el Per\u00fa","og_description":"Las relaciones laborales empeoraron despu\u00e9s de que Xstrata adquiriera la empresa. La gerencia comunic\u00f3 a sus 450 empleados t\u00e9cnicos y administrativos que","og_url":"https:\/\/admin.industriall-union.org\/es\/glencore-xstrata-no-cambia-su-injusta-politica-antisindical-en-el-peru\/","og_site_name":"industriall-union","article_modified_time":"2025-02-08T05:22:49+00:00","twitter_card":"summary_large_image","twitter_misc":{"Est. reading time":"1 minute"},"schema":{"@context":"https:\/\/schema.org","@graph":[{"@type":"WebPage","@id":"https:\/\/admin.industriall-union.org\/es\/glencore-xstrata-no-cambia-su-injusta-politica-antisindical-en-el-peru\/","url":"https:\/\/admin.industriall-union.org\/es\/glencore-xstrata-no-cambia-su-injusta-politica-antisindical-en-el-peru\/","name":"Glencore Xstrata no cambia su injusta pol\u00edtica antisindical en el Per\u00fa - industriall-union","isPartOf":{"@id":"https:\/\/admin.industriall-union.org\/#website"},"datePublished":"2013-12-27T08:09:00+00:00","dateModified":"2025-02-08T05:22:49+00:00","description":"Las relaciones laborales empeoraron despu\u00e9s de que Xstrata adquiriera la empresa. La gerencia comunic\u00f3 a sus 450 empleados t\u00e9cnicos y administrativos que","breadcrumb":{"@id":"https:\/\/admin.industriall-union.org\/es\/glencore-xstrata-no-cambia-su-injusta-politica-antisindical-en-el-peru\/#breadcrumb"},"inLanguage":"es-ES","potentialAction":[{"@type":"ReadAction","target":["https:\/\/admin.industriall-union.org\/es\/glencore-xstrata-no-cambia-su-injusta-politica-antisindical-en-el-peru\/"]}]},{"@type":"BreadcrumbList","@id":"https:\/\/admin.industriall-union.org\/es\/glencore-xstrata-no-cambia-su-injusta-politica-antisindical-en-el-peru\/#breadcrumb","itemListElement":[{"@type":"ListItem","position":1,"name":"Home","item":"https:\/\/admin.industriall-union.org\/"},{"@type":"ListItem","position":2,"name":"Articles","item":"https:\/\/admin.industriall-union.org\/article\/"},{"@type":"ListItem","position":3,"name":"Glencore Xstrata no cambia su injusta pol\u00edtica antisindical en el Per\u00fa"}]},{"@type":"WebSite","@id":"https:\/\/admin.industriall-union.org\/#website","url":"https:\/\/admin.industriall-union.org\/","name":"industriall-union","description":"","potentialAction":[{"@type":"SearchAction","target":{"@type":"EntryPoint","urlTemplate":"https:\/\/admin.industriall-union.org\/?s={search_term_string}"},"query-input":{"@type":"PropertyValueSpecification","valueRequired":true,"valueName":"search_term_string"}}],"inLanguage":"es-ES"}]}},"_links":{"self":[{"href":"https:\/\/admin.industriall-union.org\/es\/wp-json\/wp\/v2\/article\/172695","targetHints":{"allow":["GET"]}}],"collection":[{"href":"https:\/\/admin.industriall-union.org\/es\/wp-json\/wp\/v2\/article"}],"about":[{"href":"https:\/\/admin.industriall-union.org\/es\/wp-json\/wp\/v2\/types\/article"}],"wp:attachment":[{"href":"https:\/\/admin.industriall-union.org\/es\/wp-json\/wp\/v2\/media?parent=172695"}],"wp:term":[{"taxonomy":"issues","embeddable":true,"href":"https:\/\/admin.industriall-union.org\/es\/wp-json\/wp\/v2\/issues?post=172695"},{"taxonomy":"companies","embeddable":true,"href":"https:\/\/admin.industriall-union.org\/es\/wp-json\/wp\/v2\/companies?post=172695"},{"taxonomy":"regions","embeddable":true,"href":"https:\/\/admin.industriall-union.org\/es\/wp-json\/wp\/v2\/regions?post=172695"},{"taxonomy":"sectors","embeddable":true,"href":"https:\/\/admin.industriall-union.org\/es\/wp-json\/wp\/v2\/sectors?post=172695"},{"taxonomy":"article_tags","embeddable":true,"href":"https:\/\/admin.industriall-union.org\/es\/wp-json\/wp\/v2\/article_tags?post=172695"}],"curies":[{"name":"wp","href":"https:\/\/api.w.org\/{rel}","templated":true}]}}